{"id":183800,"date":"2026-01-02T17:04:11","date_gmt":"2026-01-02T17:04:11","guid":{"rendered":"https:\/\/www.europesays.com\/pl\/183800\/"},"modified":"2026-01-02T17:04:11","modified_gmt":"2026-01-02T17:04:11","slug":"polska-w-2026-roku-pod-znakiem-frontu-gasnicowego-10-lat-temu-braun-wydawal-sie-memem","status":"publish","type":"post","link":"https:\/\/www.europesays.com\/pl\/183800\/","title":{"rendered":"Polska w 2026 roku pod znakiem &#8222;frontu ga\u015bnicowego&#8221;? 10 lat temu &#8222;Braun wydawa\u0142 si\u0119 memem&#8221;"},"content":{"rendered":"<ul>\n<li>Na 2026 rok przewidziano i zaplanowano wiele wa\u017cnych politycznie wydarze\u0144;\u00a0<\/li>\n<li>Jak przyzna\u0142 w TOK FM Jakub Majmurek, &#8222;w nowy rok wkracza jednak z bardzo mieszanymi nastrojami&#8221;;\u00a0<\/li>\n<li>&#8222;Mieli\u015bmy niesamowity powr\u00f3t partii rosyjskiej i eksplozj\u0119 'frontu ga\u015bnicowego&#8217;, kt\u00f3rego sonda\u017cowe wzrosty s\u0105 te\u017c tym, co nie mo\u017ce budzi\u0107 pozytywnych emocji&#8221; &#8211; przypomnia\u0142 publicysta zwi\u0105zany m.in. z &#8222;Krytyk\u0105 Polityczn\u0105&#8221;.<\/li>\n<\/ul>\n<p>Nie b\u0119dzie brakowa\u0107 wa\u017cnych wydarze\u0144 w 2026 roku. Bu\u0142garia przyj\u0119\u0142a euro i 1 stycznia sta\u0142a si\u0119 21. pa\u0144stwem cz\u0142onkowskim strefy euro.\u00a0Wiosenne wybory na W\u0119grzech mog\u0105 sko\u0144czy\u0107 si\u0119 przegran\u0105 Viktora Orbana. Co przyniesie ten rok polskiej polityce?\u00a0<\/p>\n<p>&#8211; W nowy rok wkraczam z bardzo mieszanymi nastrojami, bo wydaje mi si\u0119, \u017ce \u015bwiat dostarcza bardzo wiele bardzo negatywnych sygna\u0142\u00f3w. Od tego, co si\u0119 dzieje Stanach Zjednoczonych, do tego, co dzieje si\u0119 w Polsce. Przecie\u017c w 2025 roku mieli\u015bmy niesamowity powr\u00f3t partii rosyjskiej i eksplozj\u0119 &#8222;frontu ga\u015bnicowego&#8221;, kt\u00f3rego sonda\u017cowe wzrosty s\u0105 tym, co nie mo\u017ce budzi\u0107 pozytywnych emocji &#8211;\u00a0przyzna\u0142 w TOK FM\u00a0Jakub\u00a0Majmurek, krytyk filmowy i publicysta; zwi\u0105zany m.in. z &#8222;Krytyk\u0105 Polityczn\u0105&#8221;.\u00a0<\/p>\n<p>Rozm\u00f3wca Tomasza Stawiszy\u0144skiego przypomnia\u0142 te\u017c w tym kontek\u015bcie, \u017ce jeszcze 10 lat temu, &#8222;Grzegorz Braun wydawa\u0142 si\u0119 memem, a wszyscy \u015bmiali si\u0119 z jego has\u0142a w wyborach prezydenckich w 2015 roku, kt\u00f3re brzmia\u0142o 'Ko\u015bci\u00f3\u0142, szko\u0142a, strzelnica'&#8221;. &#8211; Mo\u017cna si\u0119 by\u0142o te\u017c \u015bmia\u0107 z jego filmik\u00f3w, gdzie na lotnisku odpowiada\u0142 na pytanie, czy Yoda z &#8222;Gwiezdnych wojen&#8221; jest \u017bydem. A dzisiaj? Przecie\u017c w porywach ma 10 proc. (&#8230;) Dlatego\u00a0ktokolwiek w Moskwie pisze scenariusz tej polskiej partii rosyjskiej i ktokolwiek w tym scenariuszu wyst\u0119puje, to pokazuje tylko jedno: oficer ze Wschodu musi mie\u0107 naprawd\u0119 poczucie humoru &#8211; podkre\u015bli\u0142.\u00a0<\/p>\n<p>        <a name=\"eztoc31734891_0_3\" id=\"eztoc31734891_0_3\"\/>&#8222;Kreatywna destrukcja&#8221;<\/p>\n<p>Majmurek oceni\u0142 przy tym, \u017ce\u00a0powod\u00f3w do niepokoju jest wi\u0119cej. Jednym z nich jest katastrofa klimatyczna.\u00a0<\/p>\n<p>&#8211; Nie wiemy te\u017c, jak b\u0119dzie wygl\u0105da\u0142a sytuacja z Ukrain\u0105. W dodatku pojawiaj\u0105 si\u0119 te\u017c pytania, co b\u0119dzie z AI, czy zabierze nam wszystkim prac\u0119 i za kilka lat b\u0119dziemy s\u0142ucha\u0107 podcastu, w kt\u00f3rym dwa wygenerowane boty b\u0119d\u0105 poleca\u0107 ludziom premiery serialowe i filmowe stworzone od pocz\u0105tku do ko\u0144ca przez AI. Pewnie nie a\u017c tak, ale te\u017c kreatywna destrukcja jest czym\u015b, co musi budzi\u0107 niepok\u00f3j\u00a0&#8211; podkre\u015bli\u0142.\u00a0<\/p>\n<p><a name=\"eztoc31734891_0_4\" id=\"eztoc31734891_0_4\"\/>&#8222;Jest nadzieja, \u017ce Amerykanie zaci\u0105gn\u0105 Trumpowi hamulec&#8221;<\/p>\n<p>W ocenie go\u015bcia TOK FM s\u0105 jednak te\u017c wydarzenia, na kt\u00f3re b\u0119dzie czeka\u0142 z nadziej\u0105. Jednym z nich s\u0105 np. wybory na W\u0119grzech.\u00a0<\/p>\n<p>&#8211; By\u0107 mo\u017ce Orb\u00e1n przegra. Wiele wskazuje te\u017c na to, \u017ce era orbanizmu ma szans\u0119 si\u0119 zako\u0144czy\u0107. Nie powiedzia\u0142bym, \u017ce to co\u015b, co przewiduj\u0119. Poza tym jest te\u017c nadzieja, \u017ce Republikanie dostan\u0105 wielkie lanie w wyborach do Kongresu i Amerykanie zaci\u0105gn\u0105 Trumpowi hamulec w listopadzie przysz\u0142ego roku &#8211; wskaza\u0142 go\u015b\u0107 TOK FM.<\/p>\n<p>Przyzna\u0142 te\u017c, \u017ce z &#8222;du\u017c\u0105 rado\u015bci\u0105&#8221; obserwuje walki na polskiej prawicy: PiS-u z Konfederacj\u0105 oraz Konfederacj\u0105 Korony Polskiej, Konfederacji z Konfederacj\u0105 Korony czy te\u017c PiS-u z PiS-em, czyli ma\u015blarzy z harcerzami. &#8211; Tutaj naprawd\u0119 kibicuj\u0119 wszystkim. Co kto\u015b kogo\u015b bije, to krzycz\u0119: &#8222;Mocniej, oddaj mu&#8221;, bo to by\u0107 mo\u017ce perspektywa, kt\u00f3ra sprawi, \u017ce jednak nie b\u0119dziemy mieli rz\u0105du Przemys\u0142awa Czarnka z Grzegorzem Braunem jako np. wicepremierem do spraw kultury i relacji z Izraelem &#8211; podsumowa\u0142 w &#8222;Magazynie filozofa&#8221;.\u00a0<\/p>\n<p>\u0179r\u00f3d\u0142o: TOK FM\u00a0<\/p>\n","protected":false},"excerpt":{"rendered":"Na 2026 rok przewidziano i zaplanowano wiele wa\u017cnych politycznie wydarze\u0144;\u00a0 Jak przyzna\u0142 w TOK FM Jakub Majmurek, &#8222;w&hellip;\n","protected":false},"author":2,"featured_media":183801,"comment_status":"","ping_status":"","sticky":false,"template":"","format":"standard","meta":{"footnotes":""},"categories":[5],"tags":[32,33,36,37,16517,27,1006,34,35,28,31,25,33543,529,42,38,40,907,39,41,12357,29,30,26],"class_list":{"0":"post-183800","1":"post","2":"type-post","3":"status-publish","4":"format-standard","5":"has-post-thumbnail","7":"category-naglowki","8":"tag-breaking-news","9":"tag-breakingnews","10":"tag-featured-news","11":"tag-featurednews","12":"tag-grzegorz-braun","13":"tag-headlines","14":"tag-konfederacja","15":"tag-latest-news","16":"tag-latestnews","17":"tag-naglowki","18":"tag-najwazniejsze-artykuly","19":"tag-news","20":"tag-nowy-rok","21":"tag-pis","22":"tag-pl","23":"tag-poland","24":"tag-polish","25":"tag-polityka","26":"tag-polska","27":"tag-polski","28":"tag-sylwester","29":"tag-top-stories","30":"tag-topstories","31":"tag-wiadomosci"},"share_on_mastodon":{"url":"https:\/\/pubeurope.com\/@pl\/115826593792133056","error":""},"_links":{"self":[{"href":"https:\/\/www.europesays.com\/pl\/wp-json\/wp\/v2\/posts\/183800","targetHints":{"allow":["GET"]}}],"collection":[{"href":"https:\/\/www.europesays.com\/pl\/wp-json\/wp\/v2\/posts"}],"about":[{"href":"https:\/\/www.europesays.com\/pl\/wp-json\/wp\/v2\/types\/post"}],"author":[{"embeddable":true,"href":"https:\/\/www.europesays.com\/pl\/wp-json\/wp\/v2\/users\/2"}],"replies":[{"embeddable":true,"href":"https:\/\/www.europesays.com\/pl\/wp-json\/wp\/v2\/comments?post=183800"}],"version-history":[{"count":0,"href":"https:\/\/www.europesays.com\/pl\/wp-json\/wp\/v2\/posts\/183800\/revisions"}],"wp:featuredmedia":[{"embeddable":true,"href":"https:\/\/www.europesays.com\/pl\/wp-json\/wp\/v2\/media\/183801"}],"wp:attachment":[{"href":"https:\/\/www.europesays.com\/pl\/wp-json\/wp\/v2\/media?parent=183800"}],"wp:term":[{"taxonomy":"category","embeddable":true,"href":"https:\/\/www.europesays.com\/pl\/wp-json\/wp\/v2\/categories?post=183800"},{"taxonomy":"post_tag","embeddable":true,"href":"https:\/\/www.europesays.com\/pl\/wp-json\/wp\/v2\/tags?post=183800"}],"curies":[{"name":"wp","href":"https:\/\/api.w.org\/{rel}","templated":true}]}}