{"id":183804,"date":"2026-01-02T17:09:09","date_gmt":"2026-01-02T17:09:09","guid":{"rendered":"https:\/\/www.europesays.com\/pl\/183804\/"},"modified":"2026-01-02T17:09:09","modified_gmt":"2026-01-02T17:09:09","slug":"norwegia-siarczyste-mrozy-na-poczatku-roku-na-termometrach-44-st-c","status":"publish","type":"post","link":"https:\/\/www.europesays.com\/pl\/183804\/","title":{"rendered":"Norwegia. Siarczyste mrozy na pocz\u0105tku roku, na termometrach -44 st. C"},"content":{"rendered":"<p>Arktyczny wiatr z p\u00f3\u0142nocy zmusi\u0142 armatora Color Line do odwo\u0142ania pi\u0105tkowych po\u0142\u0105cze\u0144 promowych mi\u0119dzy norweskimi portami Kristiansand i Larvik a Dani\u0105.<\/p>\n<p>\u00a0<\/p>\n<p>Wed\u0142ug komunikatu przewo\u017anika w \u0142\u0105cz\u0105cej Ba\u0142tyk z Morzem P\u00f3\u0142nocnym cie\u015bninie Skagerrak panuj\u0105 warunki zbyt niebezpieczne dla \u017ceglugi.<\/p>\n<p>Norwegia. Arktyczne mrozy na p\u00f3\u0142nocy kraju, na termometrach -44 st. C<\/p>\n<p>Najni\u017csze temperatury zanotowano w Karasjok, norweskim biegunie zimna w regionie Sapmi na p\u00f3\u0142nocy kraju. W niekt\u00f3rych miejscach s\u0142upki rt\u0119ci spad\u0142y tam do 44 stopni poni\u017cej zera.<\/p>\n<p>\u00a0<\/p>\n<p>Arktyczne powietrze z p\u00f3\u0142nocy ma obj\u0105\u0107 niemal ca\u0142\u0105 Norwegi\u0119, a na pocz\u0105tku przysz\u0142ego tygodnia dotrze\u0107 tak\u017ce do jej po\u0142udniowych s\u0105siad\u00f3w.<\/p>\n<p>\u00a0<\/p>\n<p>ZOBACZ: <a href=\"https:\/\/www.polsatnews.pl\/wiadomosc\/2026-01-02\/zima-rozpycha-sie-w-polsce-wkrotce-wroca-niebezpieczne-sniezyce\/\" rel=\"nofollow noopener\" target=\"_blank\">Zima rozpycha si\u0119 w Polsce. Wkr\u00f3tce wr\u00f3c\u0105 niebezpieczne \u015bnie\u017cyce<\/a><\/p>\n<p>\u00a0<\/p>\n<p>S\u0142u\u017cby meteorologiczne ostrzeg\u0142y przed silnym mrozem, kt\u00f3rego dotkliwo\u015b\u0107 pot\u0119gowa\u0107 b\u0119dzie wiatr wiej\u0105cy z pr\u0119dko\u015bci\u0105 przekraczaj\u0105c\u0105 20 metr\u00f3w na sekund\u0119. Temperatura odczuwalna mo\u017ce by\u0107 o kilkana\u015bcie stopni ni\u017csza od wskaza\u0144 termometr\u00f3w.<\/p>\n<p>Parali\u017cuj\u0105cy mr\u00f3z w Estonii. Problemy z dostawami wody<\/p>\n<p>Niskie temperatury da\u0142y si\u0119 we znaki tak\u017ce w Estonii, gdzie w sylwestrow\u0105 noc m.in. z powodu mrozu po\u0142owa mieszka\u0144c\u00f3w Tallina utraci\u0142a dost\u0119p do bie\u017c\u0105cej wody. Sto\u0142eczne przedsi\u0119biorstwo wodoci\u0105gowe informowa\u0142o w czwartek, \u017ce dostawy s\u0105 przywracane jednak, ci\u015bnienie moe by\u0107 nier\u00f3wnomierne, a woda bardziej m\u0119tna.<\/p>\n<p>\u00a0<\/p>\n<p>31 grudnia na jeziorze miejskim Ulemiste, b\u0119d\u0105cym cz\u0119\u015bci\u0105 systemu zaopatruj\u0105cego Tallinn w wod\u0119 pitn\u0105, grubo\u015b\u0107 pokrywy lodowej si\u0119ga\u0142a 25 cm. Zatkan\u0105 lodem kratownic\u0119 udro\u017cnili nurkowie. Ostatni raz podobna sytuacja zdarzy\u0142a si\u0119 w 1987 roku, r\u00f3wnie\u017c 31 grudnia.<\/p>\n<p>\u00a0<\/p>\n<p>ZOBACZ: <a href=\"https:\/\/www.polsatnews.pl\/wiadomosc\/2026-01-01\/pasazerowie-utkneli-w-pociagu-kolo-nidzicy-ruch-wstrzymany\/\" rel=\"nofollow noopener\" target=\"_blank\">Pasa\u017cerowie utkn\u0119li ko\u0142o Nidzicy. Poci\u0105g ruszy\u0142 po ponad trzech godzinach<\/a><\/p>\n<p>\u00a0<\/p>\n<p>Wed\u0142ug ekspert\u00f3w zamarzanie wody w miejskim zbiorniku zale\u017cy od szczeg\u00f3lnego po\u0142\u0105czenia temperatury powietrza oraz kierunku i si\u0142y wiatru. W noc sylwestrow\u0105 w Tallinnie temperatura spad\u0142a do oko\u0142o 10 stopni poni\u017cej zera.<\/p>\n<p>\u00a0<\/p>\n<p>\u00a0<\/p>\n<p>Widzia\u0142e\u015b co\u015b wa\u017cnego? Przy\u015blij zdj\u0119cie, film lub napisz, co si\u0119 sta\u0142o. Skorzystaj z naszej <a href=\"https:\/\/www.polsatnews.pl\/platforma-widzow\/\" target=\"_blank\" rel=\"noopener noreferrer nofollow\">Wrzutni<\/a><\/p>\n<p>                <img decoding=\"async\" src=\"https:\/\/www.europesays.com\/pl\/wp-content\/uploads\/2025\/12\/1767205510_449_vhtibjx9aegwpua7gmrq3cs3rabgix8f.jpg\" alt=\"\" itemprop=\"contentUrl\" style=\"position:absolute; width: 100%; max-height: 100%;\"\/><video controls=\"\" controlslist=\"nodownload\" poster=\"https:\/\/www.europesays.com\/pl\/wp-content\/uploads\/2025\/12\/1767205510_449_vhtibjx9aegwpua7gmrq3cs3rabgix8f.jpg\" class=\"videoPlayer player6856316 news__video\" data-id=\"6856316\">Twoja przegl\u0105darka nie wspiera odtwarzacza wideo&#8230;<\/video><\/p>\n<p>&#13;<br \/>\n                    \t\t\t\t\t\t\t\t\t\t\t\t\tps&#13;<br \/>\n\t\t\t\t\/\t\t\t\t\t\tPAP&#13;<br \/>\n\t\t\t\t\/\t\t\t\t\t\tpolsatnews.pl&#13;<br \/>\n\t\t\t\t\t&#13;\n                \t<\/p>\n<p>                <a class=\"news__read-more-button\" href=\"https:\/\/www.polsatnews.pl\/\" rel=\"nofollow noopener\" target=\"_blank\">Czytaj wi\u0119cej<\/a><\/p>\n","protected":false},"excerpt":{"rendered":"Arktyczny wiatr z p\u00f3\u0142nocy zmusi\u0142 armatora Color Line do odwo\u0142ania pi\u0105tkowych po\u0142\u0105cze\u0144 promowych mi\u0119dzy norweskimi portami Kristiansand i&hellip;\n","protected":false},"author":2,"featured_media":183805,"comment_status":"","ping_status":"","sticky":false,"template":"","format":"standard","meta":{"footnotes":""},"categories":[14],"tags":[32,33,27,34,35,28,31,25,40,41,80,29,30,26,82,83,84],"class_list":{"0":"post-183804","1":"post","2":"type-post","3":"status-publish","4":"format-standard","5":"has-post-thumbnail","7":"category-swiat","8":"tag-breaking-news","9":"tag-breakingnews","10":"tag-headlines","11":"tag-latest-news","12":"tag-latestnews","13":"tag-naglowki","14":"tag-najwazniejsze-artykuly","15":"tag-news","16":"tag-polish","17":"tag-polski","18":"tag-swiat","19":"tag-top-stories","20":"tag-topstories","21":"tag-wiadomosci","22":"tag-world","23":"tag-world-news","24":"tag-worldnews"},"share_on_mastodon":{"url":"https:\/\/pubeurope.com\/@pl\/115826613537125427","error":""},"_links":{"self":[{"href":"https:\/\/www.europesays.com\/pl\/wp-json\/wp\/v2\/posts\/183804","targetHints":{"allow":["GET"]}}],"collection":[{"href":"https:\/\/www.europesays.com\/pl\/wp-json\/wp\/v2\/posts"}],"about":[{"href":"https:\/\/www.europesays.com\/pl\/wp-json\/wp\/v2\/types\/post"}],"author":[{"embeddable":true,"href":"https:\/\/www.europesays.com\/pl\/wp-json\/wp\/v2\/users\/2"}],"replies":[{"embeddable":true,"href":"https:\/\/www.europesays.com\/pl\/wp-json\/wp\/v2\/comments?post=183804"}],"version-history":[{"count":0,"href":"https:\/\/www.europesays.com\/pl\/wp-json\/wp\/v2\/posts\/183804\/revisions"}],"wp:featuredmedia":[{"embeddable":true,"href":"https:\/\/www.europesays.com\/pl\/wp-json\/wp\/v2\/media\/183805"}],"wp:attachment":[{"href":"https:\/\/www.europesays.com\/pl\/wp-json\/wp\/v2\/media?parent=183804"}],"wp:term":[{"taxonomy":"category","embeddable":true,"href":"https:\/\/www.europesays.com\/pl\/wp-json\/wp\/v2\/categories?post=183804"},{"taxonomy":"post_tag","embeddable":true,"href":"https:\/\/www.europesays.com\/pl\/wp-json\/wp\/v2\/tags?post=183804"}],"curies":[{"name":"wp","href":"https:\/\/api.w.org\/{rel}","templated":true}]}}