{"id":183806,"date":"2026-01-02T17:10:07","date_gmt":"2026-01-02T17:10:07","guid":{"rendered":"https:\/\/www.europesays.com\/pl\/183806\/"},"modified":"2026-01-02T17:10:07","modified_gmt":"2026-01-02T17:10:07","slug":"premier-pokazuje-black-hawki-w-akcji-nawiazal-do-rzadow-pis","status":"publish","type":"post","link":"https:\/\/www.europesays.com\/pl\/183806\/","title":{"rendered":"Premier pokazuje Black Hawki w akcji. Nawi\u0105za\u0142 do rz\u0105d\u00f3w PiS"},"content":{"rendered":"<p class=\"ods-c-paragraph \">W pi\u0105tek 2 stycznia policja poinformowa\u0142a, \u017ce w zwi\u0105zku z utrzymuj\u0105cymi si\u0119 trudnymi warunkami pogodowymi na Warmii i Mazurach do dzia\u0142a\u0144 s\u0142u\u017cb do\u0142\u0105czy\u0142 policyjny \u015bmig\u0142owiec Black Hawk. B\u0119dzie pomaga\u0142 w dzia\u0142aniach m.in. Stra\u017cy Ochrony Kolei.<\/p>\n<p>Dalszy ci\u0105g artyku\u0142u pod materia\u0142em wideo<\/p>\n<p> Jaki by\u0142 pow\u00f3d u\u017cycia \u015bmig\u0142owca Black Hawk w Warmii i Mazurach? <\/p>\n<p> Co komentowa\u0142 premier w mediach spo\u0142eczno\u015bciowych? <\/p>\n<p> Jakie s\u0105 g\u0142\u00f3wne cele u\u017cycia policyjnego \u015bmig\u0142owca? <\/p>\n<p> Jakie incydenty zwi\u0105zane z Black Hawkami mia\u0142y miejsce za rz\u0105d\u00f3w PiS? <\/p>\n<p class=\"ods-c-paragraph \">W komunikacie opublikowanym na platformie X policja przekaza\u0142a, \u017ce \u015bmig\u0142owiec pomo\u017ce z g\u00f3ry monitorowa\u0107 sytuacj\u0119 i szybciej kierowa\u0107 wsparcie tam, gdzie jest najbardziej potrzebne. &#8222;Szczeg\u00f3ln\u0105 uwag\u0119 kierujemy na pomoc Stra\u017cy Ochrony Kolei&#8221; \u2014 zaznaczono.<\/p>\n<p>   Black Hawk pomaga s\u0142u\u017cbom<\/p>\n<p class=\"ods-c-paragraph \">\u015amig\u0142owiec mia\u0142by str\u0105ca\u0107 obfity \u015bnieg zalegaj\u0105cy na drzewach, kt\u00f3re uginaj\u0105 si\u0119 pod jego ci\u0119\u017carem nad lini\u0105 kolejow\u0105, co uniemo\u017cliwia kursowanie poci\u0105g\u00f3w.<\/p>\n<p class=\"ods-c-paragraph \">Nagranie z takiej akcji opublikowa\u0142 w pi\u0105tek po po\u0142udniu premier Donald Tusk. &#8222;Policyjne Black Hawki w s\u0142u\u017cbie ludziom. Tam, gdzie ich miejsce. Nie na piknikach, nie w spotach wyborczych&#8221; \u2014 komentuje.<\/p>\n<p>    Policyjne \u015bmig\u0142owce wykorzystywane w polityce<\/p>\n<p class=\"ods-c-paragraph \">Premier najprawdopodobniej mia\u0142 na my\u015bli polityczne wykorzystanie \u015bmig\u0142owc\u00f3w Black Hawk w czasach rz\u0105d\u00f3w PiS i Zjednoczonej Prawicy.<\/p>\n<p class=\"ods-c-paragraph \">Na przyk\u0142ad w spocie wyborczym \u015bmig\u0142owiec zosta\u0142 wykorzystany przez kandyduj\u0105cego w eurowyborach w 2019 r. Marka Opio\u0142\u0119, \u00f3wczesnego szefa sejmowej komisji ds. s\u0142u\u017cb specjalnych. Na filmie Opio\u0142a wychodzi z uruchomionego \u015bmig\u0142owca z napisem &#8222;Policja&#8221; i wita si\u0119 z \u017co\u0142nierzami.<\/p>\n<p class=\"ods-c-paragraph \">\u00d3wczesny szef MSWiA Joachim Brudzi\u0144ski \u015bmig\u0142owcem Black Hawk polecia\u0142 z kolei do Choszczna na wojew\u00f3dzkie obchody \u015bwi\u0119ta Pa\u0144stwowej Stra\u017cy Po\u017carnej i Ochotniczych Stra\u017cy Po\u017carnych. \u00d3wczesna w\u0142adza zapewnia\u0142a, \u017ce lot ten nie generowa\u0142 \u017cadnych dodatkowych \u015brodk\u00f3w i \u017ce zgodnie z rozporz\u0105dzeniem komendanta g\u0142\u00f3wnego policji, minister spraw wewn\u0119trznych, je\u017celi reprezentuje resort, mo\u017ce korzysta\u0107 z policyjnego \u015bmig\u0142owca.<\/p>\n<p class=\"ods-c-paragraph \">Natomiast latem 2023 r. podczas pikniku wojskowego ko\u0142o Ciechanowa dosz\u0142o do gro\u017anego incydentu z udzia\u0142em Black Hawka. Pokaz sprz\u0119tu wojskowego i policyjnego mia\u0142 by\u0107 g\u0142\u00f3wn\u0105 atrakcj\u0105 uroczysto\u015bci zwi\u0105zanych z obchodami zwyci\u0119stwa nad Armi\u0105 Czerwon\u0105 w wojnie polsko-bolszewickiej 1920 r.<\/p>\n<p class=\"ods-c-paragraph \">\u2014 Dzi\u0119ki wsparciu Ministerstwa Spraw Wewn\u0119trznych i Administracji oraz ministra Macieja W\u0105sika g\u0142\u00f3wn\u0105 atrakcj\u0105 tego dnia b\u0119dzie policyjny \u015bmig\u0142owiec Black Hawk \u2014 zapowiada\u0142 wtedy w\u00f3jt gminy So\u0144sk Jaros\u0142aw Muchowski.<\/p>\n<p class=\"ods-c-paragraph \">Policyjny \u015bmig\u0142owiec przelecia\u0142 nad terenem pikniku zbyt nisko i zahaczy\u0142 o linie energetyczne, kt\u00f3re zerwa\u0142y si\u0119 tu\u017c nad g\u0142owami gapi\u00f3w. Na szcz\u0119\u015bcie nikt nie zosta\u0142 ranny. Okaza\u0142o si\u0119 w dodatku, \u017ce cz\u0142onkiem za\u0142ogi policyjnego \u015bmig\u0142owca by\u0142 pilot, <a href=\"https:\/\/wiadomosci.onet.pl\/warszawa\/wypadek-policyjnego-black-hawka-w-zalodze-byl-sprawca-smiertelnego-wypadku\/65ss2y0\" id=\"346c1840-2059-4059-a1f8-4ad34b5b2829\" rel=\"nofollow noopener\" target=\"_blank\">kt\u00f3ry 14 lat temu spowodowa\u0142 \u015bmiertelny wypadek wojskowego \u015bmig\u0142owca ko\u0142o Bydgoszczy.<\/a><\/p>\n","protected":false},"excerpt":{"rendered":"W pi\u0105tek 2 stycznia policja poinformowa\u0142a, \u017ce w zwi\u0105zku z utrzymuj\u0105cymi si\u0119 trudnymi warunkami pogodowymi na Warmii i&hellip;\n","protected":false},"author":2,"featured_media":183807,"comment_status":"","ping_status":"","sticky":false,"template":"","format":"standard","meta":{"footnotes":""},"categories":[12],"tags":[2643,32,33,212,36,37,27,7210,49,34,35,28,31,48,25,46,529,42,38,40,39,41,47,7468,29,30,26],"class_list":{"0":"post-183806","1":"post","2":"type-post","3":"status-publish","4":"format-standard","5":"has-post-thumbnail","7":"category-polska","8":"tag-black_hawk","9":"tag-breaking-news","10":"tag-breakingnews","11":"tag-donald_tusk","12":"tag-featured-news","13":"tag-featurednews","14":"tag-headlines","15":"tag-koalicja_obywatelska","16":"tag-kraj","17":"tag-latest-news","18":"tag-latestnews","19":"tag-naglowki","20":"tag-najwazniejsze-artykuly","21":"tag-nat_styl","22":"tag-news","23":"tag-omp","24":"tag-pis","25":"tag-pl","26":"tag-poland","27":"tag-polish","28":"tag-polska","29":"tag-polski","30":"tag-screening_general","31":"tag-smiglowce_helikoptery","32":"tag-top-stories","33":"tag-topstories","34":"tag-wiadomosci"},"share_on_mastodon":{"url":"https:\/\/pubeurope.com\/@pl\/115826617498258768","error":""},"_links":{"self":[{"href":"https:\/\/www.europesays.com\/pl\/wp-json\/wp\/v2\/posts\/183806","targetHints":{"allow":["GET"]}}],"collection":[{"href":"https:\/\/www.europesays.com\/pl\/wp-json\/wp\/v2\/posts"}],"about":[{"href":"https:\/\/www.europesays.com\/pl\/wp-json\/wp\/v2\/types\/post"}],"author":[{"embeddable":true,"href":"https:\/\/www.europesays.com\/pl\/wp-json\/wp\/v2\/users\/2"}],"replies":[{"embeddable":true,"href":"https:\/\/www.europesays.com\/pl\/wp-json\/wp\/v2\/comments?post=183806"}],"version-history":[{"count":0,"href":"https:\/\/www.europesays.com\/pl\/wp-json\/wp\/v2\/posts\/183806\/revisions"}],"wp:featuredmedia":[{"embeddable":true,"href":"https:\/\/www.europesays.com\/pl\/wp-json\/wp\/v2\/media\/183807"}],"wp:attachment":[{"href":"https:\/\/www.europesays.com\/pl\/wp-json\/wp\/v2\/media?parent=183806"}],"wp:term":[{"taxonomy":"category","embeddable":true,"href":"https:\/\/www.europesays.com\/pl\/wp-json\/wp\/v2\/categories?post=183806"},{"taxonomy":"post_tag","embeddable":true,"href":"https:\/\/www.europesays.com\/pl\/wp-json\/wp\/v2\/tags?post=183806"}],"curies":[{"name":"wp","href":"https:\/\/api.w.org\/{rel}","templated":true}]}}