{"id":183808,"date":"2026-01-02T17:11:06","date_gmt":"2026-01-02T17:11:06","guid":{"rendered":"https:\/\/www.europesays.com\/pl\/183808\/"},"modified":"2026-01-02T17:11:06","modified_gmt":"2026-01-02T17:11:06","slug":"polska-doceniona-przez-niemieckie-media-niegdys-postrzegani-jako-kraj-biedny-i-zapozniony","status":"publish","type":"post","link":"https:\/\/www.europesays.com\/pl\/183808\/","title":{"rendered":"Polska doceniona przez niemieckie media. &#8222;Niegdy\u015b postrzegani jako kraj biedny i zap\u00f3\u017aniony&#8221;"},"content":{"rendered":"<p data-section=\"detail-body\">Przez stulecia wizerunek Polski w zamo\u017cnej cz\u0119\u015bci Europy Zachodniej by\u0142 wyra\u017anie negatywny \u2014 wskazano w artykule. Kraj cz\u0119sto uznawano za biedny i zap\u00f3\u017aniony. Obecnie \u2014 jak podkre\u015blono \u2014 sytuacja zmieni\u0142a si\u0119 diametralnie, a mi\u0119dzynarodowi inwestorzy i prasa coraz cz\u0119\u015bciej okre\u015blaj\u0105 Polsk\u0119 mianem &#8222;nowych Niemiec&#8221;, &#8222;lokomotywy wzrostu Europy&#8221; czy &#8222;nieodkrytej supergwiazdy rynk\u00f3w gie\u0142dowych&#8221;.<\/p>\n<p class=\"article_p\" data-section=\"detail-body\">Dalszy ci\u0105g tekstu pod materia\u0142em wideo<\/p>\n<p>        Stabilny rozw\u00f3j gospodarczy Polski<\/p>\n<p class=\"article_p\" data-section=\"detail-body\">Zdaniem niemieckiego magazynu Telepolis jednym z g\u0142\u00f3wnych powod\u00f3w zmiany Polski jest stabilny rozw\u00f3j gospodarczy. Polska, z wyj\u0105tkiem okresu pandemii koronawirusa, nie do\u015bwiadczy\u0142a recesji przez blisko 20 lat, co uznawane jest za jeden z najwi\u0119kszych sukces\u00f3w w Unii Europejskiej.<\/p>\n<p class=\"article_p\" data-section=\"detail-body\">Czytaj te\u017c: <a href=\"https:\/\/businessinsider.com.pl\/gospodarka\/inflacja-i-pkb-w-polsce-nowe-prognozy-makroekonomistow-na-lata-2026-2027\/jykneyw\" id=\"0d9cf1a9-ac5c-4dfb-aa38-c60d7d5c4dfe\" rel=\"nofollow noopener\" target=\"_blank\">Polska gospodarka po roku sukces\u00f3w. NBP publikuje nowe prognozy inflacji i PKB na lata 2026 i 2027<\/a><\/p>\n<p>            Czytaj tak\u017ce w BUSINESS INSIDER<\/p>\n<p class=\"article_p\" data-section=\"detail-body\">Portal zauwa\u017cy\u0142, \u017ce cho\u0107 tempo wzrostu by\u0142o na og\u00f3\u0142 umiarkowane, to filarem rozwoju pozostaje handel zagraniczny, kt\u00f3ry odpowiada za blisko 90 proc. wzrostu gospodarki. Kluczow\u0105 rol\u0119 odgrywaj\u0105 w nim Niemcy, na kt\u00f3re przypada ok. 27 proc. polskiej wymiany handlowej \u2014 czytamy w Telepolis.<\/p>\n<p>        Niemcy najwi\u0119kszym inwestorem w Polsce<\/p>\n<p class=\"article_p\" data-section=\"detail-body\">Przypomniano, \u017ce Niemcy s\u0105 tak\u017ce najwi\u0119kszym inwestorem w Polsce. Od 1990 r. zainwestowa\u0142y w kraju oko\u0142o 36 mld euro, co zapewnia polskiej gospodarce istotn\u0105 stabilno\u015b\u0107 \u2014 zaznaczono.<\/p>\n<p class=\"article_p\" data-section=\"detail-body\">Telepolis podkre\u015bli\u0142, \u017ce szczeg\u00f3lnie wa\u017cnym momentem by\u0142o przyst\u0105pienie Polski do UE w 2004 r. Dzi\u0119ki temu kraj m\u00f3g\u0142 znacz\u0105co zwi\u0119kszy\u0107 skal\u0119 handlu zagranicznego, a \u015brodki unijne dodatkowo nap\u0119dzi\u0142y wzrost. Jak wskazuje Polski Instytut Ekonomiczny (PIE), bez cz\u0142onkostwa w UE polska gospodarka by\u0142aby dzi\u015b nawet o 40 proc. s\u0142absza.<\/p>\n<p class=\"article_p\" data-section=\"detail-body\">Czytaj te\u017c: <a href=\"https:\/\/businessinsider.com.pl\/gospodarka\/pkb-polski-z-podzialem-na-wojewodztwa-nowe-dane-gus-tabela\/bvf341s\" id=\"8a356118-5998-4bd2-bbe9-a076d42b8f4f\" rel=\"nofollow noopener\" target=\"_blank\">PKB Polski. Zobacz, kt\u00f3re regiony kraju stanowi\u0105 o sile gospodarki [TABELA]<\/a><\/p>\n<p class=\"article_p\" data-section=\"detail-body\">Telepolis konkluduje, \u017ce skala pochwa\u0142 pod adresem Polski pokazuje, jak bardzo zmieni\u0142 si\u0119 wizerunek kraju. &#8222;Cho\u0107 pozostaje on nadal wyra\u017anie w tyle za Niemcami, to jego transformacja w ostatnich dw\u00f3ch dekadach jest jednym z najwi\u0119kszych sukces\u00f3w w Unii Europejskiej&#8221; \u2014 podsumowano.<\/p>\n","protected":false},"excerpt":{"rendered":"Przez stulecia wizerunek Polski w zamo\u017cnej cz\u0119\u015bci Europy Zachodniej by\u0142 wyra\u017anie negatywny \u2014 wskazano w artykule. Kraj cz\u0119sto&hellip;\n","protected":false},"author":2,"featured_media":183809,"comment_status":"","ping_status":"","sticky":false,"template":"","format":"standard","meta":{"footnotes":""},"categories":[5],"tags":[32,33,36,37,27,34,35,28,31,25,42,38,40,39,41,29,30,26],"class_list":{"0":"post-183808","1":"post","2":"type-post","3":"status-publish","4":"format-standard","5":"has-post-thumbnail","7":"category-naglowki","8":"tag-breaking-news","9":"tag-breakingnews","10":"tag-featured-news","11":"tag-featurednews","12":"tag-headlines","13":"tag-latest-news","14":"tag-latestnews","15":"tag-naglowki","16":"tag-najwazniejsze-artykuly","17":"tag-news","18":"tag-pl","19":"tag-poland","20":"tag-polish","21":"tag-polska","22":"tag-polski","23":"tag-top-stories","24":"tag-topstories","25":"tag-wiadomosci"},"share_on_mastodon":{"url":"https:\/\/pubeurope.com\/@pl\/115826621350684781","error":""},"_links":{"self":[{"href":"https:\/\/www.europesays.com\/pl\/wp-json\/wp\/v2\/posts\/183808","targetHints":{"allow":["GET"]}}],"collection":[{"href":"https:\/\/www.europesays.com\/pl\/wp-json\/wp\/v2\/posts"}],"about":[{"href":"https:\/\/www.europesays.com\/pl\/wp-json\/wp\/v2\/types\/post"}],"author":[{"embeddable":true,"href":"https:\/\/www.europesays.com\/pl\/wp-json\/wp\/v2\/users\/2"}],"replies":[{"embeddable":true,"href":"https:\/\/www.europesays.com\/pl\/wp-json\/wp\/v2\/comments?post=183808"}],"version-history":[{"count":0,"href":"https:\/\/www.europesays.com\/pl\/wp-json\/wp\/v2\/posts\/183808\/revisions"}],"wp:featuredmedia":[{"embeddable":true,"href":"https:\/\/www.europesays.com\/pl\/wp-json\/wp\/v2\/media\/183809"}],"wp:attachment":[{"href":"https:\/\/www.europesays.com\/pl\/wp-json\/wp\/v2\/media?parent=183808"}],"wp:term":[{"taxonomy":"category","embeddable":true,"href":"https:\/\/www.europesays.com\/pl\/wp-json\/wp\/v2\/categories?post=183808"},{"taxonomy":"post_tag","embeddable":true,"href":"https:\/\/www.europesays.com\/pl\/wp-json\/wp\/v2\/tags?post=183808"}],"curies":[{"name":"wp","href":"https:\/\/api.w.org\/{rel}","templated":true}]}}