{"id":183816,"date":"2026-01-02T17:23:08","date_gmt":"2026-01-02T17:23:08","guid":{"rendered":"https:\/\/www.europesays.com\/pl\/183816\/"},"modified":"2026-01-02T17:23:08","modified_gmt":"2026-01-02T17:23:08","slug":"kyrylo-budanow-przyjal-propozycje-prezydenta-ukrainy","status":"publish","type":"post","link":"https:\/\/www.europesays.com\/pl\/183816\/","title":{"rendered":"Kyry\u0142o Budanow przyj\u0105\u0142 propozycj\u0119 prezydenta Ukrainy"},"content":{"rendered":"\n<p>&#13;<br \/>\n&#8222;Dla mnie to\u00a0zaszczyt i\u00a0odpowiedzialno\u015b\u0107 \u2013\u00a0w\u00a0tym historycznym dla\u00a0Ukrainy momencie skupi\u0107 si\u0119 na\u00a0niezwykle wa\u017cnych kwestiach strategicznego bezpiecze\u0144stwa naszego pa\u0144stwa&#8221; \u2013\u00a0napisa\u0142 Budanow, cytowany przez agencj\u0119 RBK-Ukraina. &#13;\n<\/p>\n<p>&#13;<br \/>\nWcze\u015bniej w\u00a0pi\u0105tek Ze\u0142enski o\u015bwiadczy\u0142, \u017ce\u00a0zaproponowa\u0142 Budanowowi, aby\u00a0stan\u0105\u0142 na\u00a0czele prezydenckiej kancelarii. Jej poprzedni szef, Andrij Jermak, poda\u0142 si\u0119 do\u00a0dymisji po\u00a0tym, jak w\u00a0listopadzie s\u0142u\u017cby antykorupcyjne przeszuka\u0142y jego mieszkanie. &#13;\n<\/p>\n<p>&#13;<br \/>\n&#8222;Obecnie Ukraina potrzebuje wi\u0119kszej koncentracji na\u00a0kwestiach bezpiecze\u0144stwa, rozwoju Si\u0142 Obrony i\u00a0Bezpiecze\u0144stwa Ukrainy, a\u00a0tak\u017ce na\u00a0\u015bcie\u017cce dyplomatycznej w\u00a0negocjacjach, a\u00a0Biuro Prezydenta b\u0119dzie s\u0142u\u017cy\u0107 realizacji przede wszystkim takich zada\u0144 naszego pa\u0144stwa. Kyry\u0142o posiada specjalistyczne do\u015bwiadczenie w\u00a0tych obszarach i\u00a0wystarczaj\u0105c\u0105 si\u0142\u0119, aby\u00a0osi\u0105gn\u0105\u0107 rezultaty&#8221; \u2013\u00a0<a href=\"https:\/\/dorzeczy.pl\/swiat\/827051\/zmiany-w-kancelarii-prezydenta-ukrainy-zelenski-chce-by-budanow-zastapil-jermaka.html\" rel=\"nofollow noopener\" target=\"_blank\">napisa\u0142 Ze\u0142enski w\u00a0serwisie X<\/a>. &#13;\n<\/p>\n<p>&#13;<br \/>\ntwitter&#13;\n<\/p>\n<p>Budanow przyj\u0105\u0142 propozycj\u0119 Ze\u0142enskiego. B\u0119dzie szefem Kancelarii Prezydenta Ukrainy <\/p>\n<p>&#13;<br \/>\nKyry\u0142o Budanow, kt\u00f3ry 4\u00a0stycznia sko\u0144czy 40 lat, jest od\u00a02020\u00a0r. szefem G\u0142\u00f3wnego Zarz\u0105du Wywiadu Ministerstwa Obrony Ukrainy (HUR). We\u00a0wrze\u015bniu 2023\u00a0r. Wo\u0142odymyr Ze\u0142enski nada\u0142 mu stopie\u0144 genera\u0142a porucznika. 37-letni w\u00f3wczas Budanow zosta\u0142 najm\u0142odszym genera\u0142em porucznikiem na\u00a0Ukrainie. &#13;\n<\/p>\n<p>&#13;<br \/>\n&#8222;W\u0142ada kilkoma j\u0119zykami obcymi, cieszy si\u0119 du\u017cym szacunkiem w\u015br\u00f3d ukrai\u0144skich wojskowych i\u00a0s\u0142u\u017cb wywiadowczych i\u00a0jest uwa\u017cany za\u00a0jednego z\u00a0najskuteczniejszych szef\u00f3w ukrai\u0144skiego wywiadu w\u00a0historii kraju&#8221; \u2013\u00a0pisze o\u00a0Budanowie agencja RBK-Ukraina. Dodaje, \u017ce\u00a0prze\u017cy\u0142 ponad dziesi\u0119\u0107 zamach\u00f3w na\u00a0swoje \u017cycie. &#13;\n<\/p>\n<p>&#13;<br \/>\nW czasie pierwszej rosyjskiej agresji w\u00a02014\u00a0r. Budanow bra\u0142 udzia\u0142 w\u00a0dzia\u0142aniach wojennych na\u00a0wschodzie Ukrainy, a\u00a0tak\u017ce w\u00a0operacjach specjalnych, w\u00a0tym na\u00a0okupowanym Krymie. W\u00a0latach 2018-2020 pe\u0142ni\u0142 obowi\u0105zki specjalne, kt\u00f3rych szczeg\u00f3\u0142y nie\u00a0zosta\u0142y ujawnione ze\u00a0wzgl\u0119d\u00f3w bezpiecze\u0144stwa. By\u0142 trzykrotnie ranny w\u00a0bitwie. &#13;\n<\/p>\n<p>&#13;<br \/>\n<img decoding=\"async\" src=\"https:\/\/www.europesays.com\/pl\/wp-content\/uploads\/2026\/01\/52c2d3b9aa6858f08b1382084cb9.jpeg\" alt=\"Kyry\u0142o Budanow, szef wywiadu wojskowego Ukrainy (HUR)\" width=\"680\" height=\"510\" data-width=\"1642\" data-height=\"1232\" data-schema=\"DORZECZY\" loading=\"lazy\"\/>&#13;\n<\/p>\n<p>Szara eminencja ukrai\u0144skiej polityki<\/p>\n<p>&#13;<br \/>\nPoprzednik Budanowa, 54-letni Andrij Jermak, uchodzi\u0142 za\u00a0szar\u0105 eminencj\u0119, cz\u0142owieka numer dwa na\u00a0Ukrainie. Uczestniczy\u0142 we\u00a0wszystkich negocjacjach zwi\u0105zanych z\u00a0wojn\u0105. By\u0142 nie\u00a0tylko szefem kancelarii Ze\u0142enskiego, ale\u00a0tak\u017ce jego dobrym znajomym. &#13;\n<\/p>\n<p>&#13;<br \/>\nNa pocz\u0105tku listopada Jermak przebywa\u0142 z\u00a0wizyt\u0105 w\u00a0Polsce. Spotka\u0142 si\u0119 m.in. z\u00a0szefem prezydenckiego Biura Polityki Mi\u0119dzynarodowej Marcinem Przydaczem i\u00a0zast\u0119pc\u0105 szefa BBN gen. Andrzejem Kowalskim. Rozmawia\u0142 tak\u017ce z\u00a0ministrem spraw zagranicznych Rados\u0142awem Sikorskim i\u00a0wiceszefem MSZ Marcinem Bosackim. &#13;\n<\/p>\n<p>&#13;<br \/>\nJermak z\u0142o\u017cy\u0142 dymisj\u0119 po\u00a0tym, jak do\u00a0jego mieszkania w\u00a0rz\u0105dowej dzielnicy Kijowa wesz\u0142y s\u0142u\u017cby prowadz\u0105ce \u015bledztwo w\u00a0sprawie korupcji w\u00a0ukrai\u0144skim systemie energetycznym. &#13;\n<\/p>\n<p>&#13;<br \/>\n<img decoding=\"async\" src=\"https:\/\/www.europesays.com\/pl\/wp-content\/uploads\/2026\/01\/e57366cdd9e171a5e72f8a9f5c1f.jpeg\" alt=\"Andrij Jermak, by\u0142y szef biura prezydenta Ukrainy\" width=\"680\" height=\"510\" data-width=\"2034\" data-height=\"1525\" data-schema=\"DORZECZY\" loading=\"lazy\"\/>&#13;\n<\/p>\n<p>Afera korupcyjna <\/p>\n<p>&#13;<br \/>\nZamieszane w\u00a0ni\u0105 osoby mia\u0142y systematycznie pobiera\u0107 \u0142ap\u00f3wki od\u00a0kontrahent\u00f3w pa\u0144stwowego operatora elektrowni j\u0105drowych Enerhoatom w\u00a0wysoko\u015bci 10-15 proc. warto\u015bci kontrakt\u00f3w i\u00a0w\u00a0ten spos\u00f3b wyprowadzi\u0107 z\u00a0koncernu co\u00a0najmniej 100 mln dolar\u00f3w. &#13;\n<\/p>\n<p>&#13;<br \/>\nOrganizatorem procederu mia\u0142 by\u0107 biznesmen, wsp\u00f3\u0142w\u0142a\u015bciciel firmy producenckiej Kwarta\u0142-95 i\u00a0wsp\u00f3\u0142pracownik Ze\u0142enskiego, Timur Mindicz, kt\u00f3ry wyjecha\u0142 z\u00a0Ukrainy na\u00a0kilka godzin przed seri\u0105 70 przeszuka\u0144 przeprowadzonych przez \u015bledczych. Przebywa prawdopodobnie w\u00a0Izraelu, do\u00a0kt\u00f3rego mia\u0142 uciec przez Polsk\u0119. &#13;\n<\/p>\n<p>&#13;<br \/>\nCzytaj te\u017c:<br \/><a href=\"https:\/\/dorzeczy.pl\/swiat\/806193\/afera-korupcyjna-na-ukrainie-zelenski-usunal-bylych-ministrow.html\" rel=\"follow nofollow noopener\" data-schema=\"DORZECZY\" data-image=\"https:\/\/img.dorzeczy.pl\/_thumb\/3d\/66\/73d717xx01f164b5b69f9db4aa53.jpeg\" target=\"_blank\">Afera korupcyjna na\u00a0Ukrainie. Ze\u0142enski usuwa by\u0142ych ministr\u00f3w<\/a>&#13;<\/p>\n","protected":false},"excerpt":{"rendered":"&#13; &#8222;Dla mnie to\u00a0zaszczyt i\u00a0odpowiedzialno\u015b\u0107 \u2013\u00a0w\u00a0tym historycznym dla\u00a0Ukrainy momencie skupi\u0107 si\u0119 na\u00a0niezwykle wa\u017cnych kwestiach strategicznego bezpiecze\u0144stwa naszego pa\u0144stwa&#8221;&hellip;\n","protected":false},"author":2,"featured_media":183817,"comment_status":"","ping_status":"","sticky":false,"template":"","format":"standard","meta":{"footnotes":""},"categories":[14],"tags":[32,33,36066,1347,98,27,14121,34,35,28,31,25,103,40,41,80,29,30,415,26,82,83,84,850],"class_list":{"0":"post-183816","1":"post","2":"type-post","3":"status-publish","4":"format-standard","5":"has-post-thumbnail","7":"category-swiat","8":"tag-breaking-news","9":"tag-breakingnews","10":"tag-budanow","11":"tag-damian-cygan","12":"tag-dorzeczy","13":"tag-headlines","14":"tag-kancelaria-prezydenta","15":"tag-latest-news","16":"tag-latestnews","17":"tag-naglowki","18":"tag-najwazniejsze-artykuly","19":"tag-news","20":"tag-obserwator-mediow","21":"tag-polish","22":"tag-polski","23":"tag-swiat","24":"tag-top-stories","25":"tag-topstories","26":"tag-ukraina","27":"tag-wiadomosci","28":"tag-world","29":"tag-world-news","30":"tag-worldnews","31":"tag-zelenski"},"share_on_mastodon":{"url":"https:\/\/pubeurope.com\/@pl\/115826668783939134","error":""},"_links":{"self":[{"href":"https:\/\/www.europesays.com\/pl\/wp-json\/wp\/v2\/posts\/183816","targetHints":{"allow":["GET"]}}],"collection":[{"href":"https:\/\/www.europesays.com\/pl\/wp-json\/wp\/v2\/posts"}],"about":[{"href":"https:\/\/www.europesays.com\/pl\/wp-json\/wp\/v2\/types\/post"}],"author":[{"embeddable":true,"href":"https:\/\/www.europesays.com\/pl\/wp-json\/wp\/v2\/users\/2"}],"replies":[{"embeddable":true,"href":"https:\/\/www.europesays.com\/pl\/wp-json\/wp\/v2\/comments?post=183816"}],"version-history":[{"count":0,"href":"https:\/\/www.europesays.com\/pl\/wp-json\/wp\/v2\/posts\/183816\/revisions"}],"wp:featuredmedia":[{"embeddable":true,"href":"https:\/\/www.europesays.com\/pl\/wp-json\/wp\/v2\/media\/183817"}],"wp:attachment":[{"href":"https:\/\/www.europesays.com\/pl\/wp-json\/wp\/v2\/media?parent=183816"}],"wp:term":[{"taxonomy":"category","embeddable":true,"href":"https:\/\/www.europesays.com\/pl\/wp-json\/wp\/v2\/categories?post=183816"},{"taxonomy":"post_tag","embeddable":true,"href":"https:\/\/www.europesays.com\/pl\/wp-json\/wp\/v2\/tags?post=183816"}],"curies":[{"name":"wp","href":"https:\/\/api.w.org\/{rel}","templated":true}]}}