{"id":183839,"date":"2026-01-02T17:44:12","date_gmt":"2026-01-02T17:44:12","guid":{"rendered":"https:\/\/www.europesays.com\/pl\/183839\/"},"modified":"2026-01-02T17:44:12","modified_gmt":"2026-01-02T17:44:12","slug":"ciche-negocjacje-w-sprawie-ukrainy-ujawniamy-kulisy","status":"publish","type":"post","link":"https:\/\/www.europesays.com\/pl\/183839\/","title":{"rendered":"Ciche negocjacje w sprawie Ukrainy. Ujawniamy kulisy"},"content":{"rendered":"<p>To najbardziej skoordynowana od miesi\u0119cy pr\u00f3ba przej\u015bcia od g\u00f3rnolotnych hase\u0142 do konkretnych rozwi\u0105za\u0144 prowadz\u0105cych do trwa\u0142ego zawieszenia broni.<\/p>\n<p>Ameryka\u0144scy dyplomaci maj\u0105 do\u0142\u0105czy\u0107 do weekendowych rozm\u00f3w za po\u015brednictwem bezpiecznego \u0142\u0105cza wideo, a w przysz\u0142ym tygodniu mo\u017cliwa jest osobista obecno\u015b\u0107 w Europie.<\/p>\n<p>Na miejscu w Kijowie europejscy i ukrai\u0144scy urz\u0119dnicy spotkaj\u0105 si\u0119 3 stycznia w formule hybrydowej. Jak podkre\u015blaj\u0105 dyplomaci, sprawa jest bardzo pilna, st\u0105d przyspieszenie procesu.<\/p>\n<p>Czasu na koordynacj\u0119 dzia\u0142a\u0144 nie ma jednak zbyt wiele, a zegar tyka. Tak\u017ce i podczas sylwestrowej nocy trwa\u0142y rozmowy o przysz\u0142o\u015bci kontynentu. Ods\u0142aniamy kulisy przygotowa\u0144 do spotka\u0144, kt\u00f3re mog\u0105 zmieni\u0107 bieg historii.<\/p>\n<p class=\"ods-c-paragraph \">31 grudnia ub.r. <a href=\"https:\/\/wiadomosci.onet.pl\/swiat\/steve-witkoff-rozmawial-z-przedstawicielami-niemiec-francji-i-wielkiej-brytanii\/1rl25g3\" id=\"55fba188-add9-40b6-b4b5-ffa4132361e6\" rel=\"nofollow noopener\" target=\"_blank\">specjalny wys\u0142annik USA Steve Witkoff<\/a>, sekretarz stanu Marco Rubio oraz zi\u0119\u0107 prezydenta Trumpa, Jared Kushner, przez wiele godzin rozmawiali przez telekonferencj\u0119 z ekspertami do spraw bezpiecze\u0144stwa narodowego z Londynu, Pary\u017ca i Berlina. W rozmowie uczestniczy\u0142 tak\u017ce g\u0142\u00f3wny negocjator Ukrainy, <a href=\"https:\/\/wiadomosci.onet.pl\/swiat\/wyjasniamy-kim-jest-rustem-umerow-zaufany-minister-obrony-ukrainy\/gptd6m5\" id=\"402afb7f-9962-466b-be24-b6658b1ba360\" rel=\"nofollow noopener\" target=\"_blank\">Rustem Umerow<\/a>.<\/p>\n<p class=\"ods-c-paragraph \">Cel jest jasny: przej\u015b\u0107 od pytania &#8222;czy&#8221; do &#8222;jak&#8221;.<\/p>\n<p class=\"ods-c-paragraph \">Jak wyja\u015bnia Witkoff, kolejne kroki maj\u0105 by\u0107 po prostu praktyczne: realne gwarancje bezpiecze\u0144stwa, wypracowanie mechanizm\u00f3w zapobiegaj\u0105cych &#8222;zamro\u017ceniu konfliktu&#8221;, kt\u00f3re mog\u0142oby w ka\u017cdej chwili zn\u00f3w si\u0119 rozkr\u0119ci\u0107, oraz &#8222;pakiet rozwojowy&#8221; zach\u0119caj\u0105cy prywatny kapita\u0142 do powrotu do Kijowa.<\/p>\n<p class=\"ods-c-paragraph \">\u2014 Teraz jest mniej teoretyzowania, a wi\u0119cej planowania kolejnych krok\u00f3w \u2014 powiedzia\u0142 w czwartek jeden z ameryka\u0144skich urz\u0119dnik\u00f3w &#8222;Kyiv Post&#8221;. \u2014 Ten weekend i przysz\u0142y tydzie\u0144 maj\u0105 pokaza\u0107, czy politycznie atrakcyjne rozwi\u0105zania faktycznie sprawdz\u0105 si\u0119 w praktyce \u2014 doda\u0142.<\/p>\n<p>Tu nie chodzi o nag\u0142y prze\u0142om<\/p>\n<p class=\"ods-c-paragraph \">Ten test rozpocznie si\u0119 3 stycznia, gdy do Kijowa przyjad\u0105 doradcy do spraw bezpiecze\u0144stwa narodowego z ponad 10 kraj\u00f3w, a tak\u017ce urz\u0119dnicy Komisji Europejskiej i NATO. Ameryka\u0144scy przedstawiciele maj\u0105 uczestniczy\u0107 zdalnie.<\/p>\n<p class=\"ods-c-paragraph \">Umerow potwierdzi\u0142, \u017ce Kij\u00f3w ju\u017c uzgodni\u0142 stanowiska z partnerami z USA i Europy i zaplanowa\u0142 kolejne spotkania na stycze\u0144.<\/p>\n<p class=\"ods-c-paragraph \">Wysoki rang\u0105 europejski urz\u0119dnik zaanga\u017cowany w przygotowania przyznaje, \u017ce oczekiwania s\u0105 celowo ograniczone.<\/p>\n<p class=\"ods-c-paragraph \">\u2014 Nikt nie spodziewa si\u0119 prze\u0142omu w sobot\u0119 \u2014 twierdzi, dodaj\u0105c, \u017ce &#8222;liczy si\u0119 wsp\u00f3lne zrozumienie gwarancji bezpiecze\u0144stwa i zadbanie, by nie by\u0142o niespodzianek przed spotkaniami wojskowych i przyw\u00f3dc\u00f3w&#8221;.<\/p>\n<p>Napi\u0119ty grafik<\/p>\n<p class=\"ods-c-paragraph \">5 stycznia br. pa\u0142eczk\u0119 przejm\u0105 najwy\u017csi rang\u0105 wojskowi. Szefowie sztab\u00f3w spotkaj\u0105 si\u0119, by wypracowa\u0107 &#8222;potr\u00f3jne&#8221; gwarancje bezpiecze\u0144stwa \u2014 w powietrzu, na l\u0105dzie i na morzu. To najtrudniejsze technicznie zagadnienie. Wszyscy zgadzaj\u0105 si\u0119, \u017ce Ukraina potrzebuje ochrony, ale nie zosta\u0142o jeszcze ustalone, kto ma zareagowa\u0107 w przypadku z\u0142amania zawieszenia broni.<\/p>\n<p class=\"ods-c-paragraph \">Prezydent Wo\u0142odymyr Ze\u0142enski w swoim noworocznym przem\u00f3wieniu przypomnia\u0142 partnerom, \u017ce <a href=\"https:\/\/wiadomosci.onet.pl\/swiat\/wolodymyr-zelenski-w-noworocznym-oredziu-padly-mocne-slowa-o-polsce\/b4pqx1r\" id=\"5c5fe35b-2d2e-40b4-bc67-3621b12d1dac\" rel=\"nofollow noopener\" target=\"_blank\">dyplomacja nie zast\u0105pi amunicji<\/a>.<\/p>\n<p class=\"ods-c-paragraph \">Europejscy urz\u0119dnicy podkre\u015blaj\u0105, \u017ce to podw\u00f3jne przes\u0142anie \u2014 dyplomacja w parze z odstraszaniem \u2014 b\u0119dzie wyznacza\u0107 tematyk\u0119 przysz\u0142otygodniowych rozm\u00f3w. \u2014 Przes\u0142anie Kijowa jest jasne: rozmowy pokojowe nie zast\u0105pi\u0105 wsparcia militarnego \u2014 t\u0142umaczy drugi europejski dyplomata, dodaj\u0105c, \u017ce &#8222;je\u015bli ju\u017c, to w\u0142a\u015bnie od tego zale\u017cy wiarygodno\u015b\u0107 negocjacji&#8221;.<\/p>\n<p class=\"ods-c-paragraph \">6 stycznia w Pary\u017cu maj\u0105 si\u0119 spotka\u0107 liderzy europejscy i cz\u0142onkowie tzw. Koalicji Ch\u0119tnych na poziomie politycznym, by wzmocni\u0107 zaufanie zar\u00f3wno do gwarancji bezpiecze\u0144stwa, jak i ca\u0142ego procesu pokojowego.<\/p>\n<p class=\"ods-c-paragraph \">Gdy Zach\u00f3d prowadzi rozmowy, Turcja znowu pr\u00f3buje odegra\u0107 rol\u0119 po\u015brednika. Umerow by\u0142 w czwartek w Ankarze, aby przyspieszy\u0107 wymiany je\u0144c\u00f3w. Wed\u0142ug dyplomat\u00f3w mo\u017ce to zbudowa\u0107 zaufanie niezb\u0119dne do tego, by rozmowy pokojowe nie utkn\u0119\u0142y w miejscu.<\/p>\n<p>Negocjacje po cichu. Amerykanie obserwuj\u0105 sytuacj\u0119<\/p>\n<p class=\"ods-c-paragraph \">Waszyngton podj\u0105\u0142 decyzj\u0119 o zdalnym uczestnictwie w weekendowych spotkaniach. Nie wyklucza jednak osobistej obecno\u015bci przedstawicieli Bia\u0142ego Domu w kolejnych dniach. Z ameryka\u0144skiego punktu widzenia to przemy\u015blana strategia &#8222;przyw\u00f3dztwa zza kulis&#8221;. To europejscy partnerzy wezm\u0105 ewentualne polityczne koszty ust\u0119pstw na siebie, jednocze\u015bnie utrzymuj\u0105c kluczow\u0105 rol\u0119 USA w ca\u0142ym procesie.<\/p>\n<blockquote class=\"ods-o-quota\">\n<p class=\"ods-o-quota__paragraph\">To dzieje si\u0119 w Europie, ale to wci\u0105\u017c ameryka\u0144ski proces pokojowy. Celem na przysz\u0142y tydzie\u0144 nie s\u0105 nag\u0142\u00f3wki w gazetach, tylko to, by wszyscy m\u00f3wili jednym g\u0142osem<\/p>\n<\/blockquote>\n<p class=\"ods-c-paragraph \">\u2014 t\u0142umaczy ameryka\u0144ski urz\u0119dnik w rozmowie z &#8222;Kyiv Post&#8221;.<\/p>\n<p class=\"ods-c-paragraph \">Po miesi\u0105cach twardych deklaracji urz\u0119dnicy podkre\u015blaj\u0105, \u017ce styczniowe spotkania nie maj\u0105 s\u0142u\u017cy\u0107 spektakularnym og\u0142oszeniom. Chodzi raczej o zbli\u017cenie stanowisk, budowanie zaufania i zadbanie, by ewentualne przysz\u0142e porozumienie opiera\u0142o si\u0119 na rzeczywistych gwarancjach bezpiecze\u0144stwa, a nie politycznych obietnicach.<\/p>\n<p class=\"ods-c-paragraph \">Najbli\u017csze dni mog\u0105 by\u0107 kluczowe w\u0142a\u015bnie dlatego, \u017ce wszystko dzieje si\u0119 po cichu, twierdzi z kolei europejski urz\u0119dnik w rozmowie z &#8222;Kyiv Post&#8221;. \u2014 Je\u015bli to si\u0119 uda \u2014 m\u00f3wi dyplomata \u2014 pocz\u0105tkowo nie b\u0119dzie to wygl\u0105da\u0142o spektakularnie. I w\u0142a\u015bnie o to chodzi.<\/p>\n","protected":false},"excerpt":{"rendered":"To najbardziej skoordynowana od miesi\u0119cy pr\u00f3ba przej\u015bcia od g\u00f3rnolotnych hase\u0142 do konkretnych rozwi\u0105za\u0144 prowadz\u0105cych do trwa\u0142ego zawieszenia broni.&hellip;\n","protected":false},"author":2,"featured_media":183840,"comment_status":"","ping_status":"","sticky":false,"template":"","format":"standard","meta":{"footnotes":""},"categories":[14],"tags":[56,32,33,44,1898,27,76,34,35,28,31,48,160,25,46,40,41,47,11050,80,29,30,415,71,26,408,82,83,84],"class_list":{"0":"post-183839","1":"post","2":"type-post","3":"status-publish","4":"format-standard","5":"has-post-thumbnail","7":"category-swiat","8":"tag-article_premium","9":"tag-breaking-news","10":"tag-breakingnews","11":"tag-donald_trump","12":"tag-dyplomacja","13":"tag-headlines","14":"tag-inwazja_rosji_na_ukraine","15":"tag-latest-news","16":"tag-latestnews","17":"tag-naglowki","18":"tag-najwazniejsze-artykuly","19":"tag-nat_styl","20":"tag-nato","21":"tag-news","22":"tag-omp","23":"tag-polish","24":"tag-polski","25":"tag-screening_general","26":"tag-steve_witkoff","27":"tag-swiat","28":"tag-top-stories","29":"tag-topstories","30":"tag-ukraina","31":"tag-usa","32":"tag-wiadomosci","33":"tag-wladimir_putin","34":"tag-world","35":"tag-world-news","36":"tag-worldnews"},"share_on_mastodon":{"url":"https:\/\/pubeurope.com\/@pl\/115826751142757771","error":""},"_links":{"self":[{"href":"https:\/\/www.europesays.com\/pl\/wp-json\/wp\/v2\/posts\/183839","targetHints":{"allow":["GET"]}}],"collection":[{"href":"https:\/\/www.europesays.com\/pl\/wp-json\/wp\/v2\/posts"}],"about":[{"href":"https:\/\/www.europesays.com\/pl\/wp-json\/wp\/v2\/types\/post"}],"author":[{"embeddable":true,"href":"https:\/\/www.europesays.com\/pl\/wp-json\/wp\/v2\/users\/2"}],"replies":[{"embeddable":true,"href":"https:\/\/www.europesays.com\/pl\/wp-json\/wp\/v2\/comments?post=183839"}],"version-history":[{"count":0,"href":"https:\/\/www.europesays.com\/pl\/wp-json\/wp\/v2\/posts\/183839\/revisions"}],"wp:featuredmedia":[{"embeddable":true,"href":"https:\/\/www.europesays.com\/pl\/wp-json\/wp\/v2\/media\/183840"}],"wp:attachment":[{"href":"https:\/\/www.europesays.com\/pl\/wp-json\/wp\/v2\/media?parent=183839"}],"wp:term":[{"taxonomy":"category","embeddable":true,"href":"https:\/\/www.europesays.com\/pl\/wp-json\/wp\/v2\/categories?post=183839"},{"taxonomy":"post_tag","embeddable":true,"href":"https:\/\/www.europesays.com\/pl\/wp-json\/wp\/v2\/tags?post=183839"}],"curies":[{"name":"wp","href":"https:\/\/api.w.org\/{rel}","templated":true}]}}