{"id":183881,"date":"2026-01-02T18:11:08","date_gmt":"2026-01-02T18:11:08","guid":{"rendered":"https:\/\/www.europesays.com\/pl\/183881\/"},"modified":"2026-01-02T18:11:08","modified_gmt":"2026-01-02T18:11:08","slug":"wchodzi-30-procentowy-podatek-zmiany-nie-do-cofniecia","status":"publish","type":"post","link":"https:\/\/www.europesays.com\/pl\/183881\/","title":{"rendered":"Wchodzi 30-procentowy podatek. Zmiany nie do cofni\u0119cia"},"content":{"rendered":"<p>\t<a href=\"https:\/\/www.trends.eecpoland.eu\/pl\/\" target=\"_blank\" class=\"eec-promo-banner\" slot=\"banner-0\" rel=\"nofollow noopener\"><\/p>\n<p>\t                Wielow\u0105tkowa, intensywna debata o polskiej gospodarce w gronie przedstawicieli \u015bwiata biznesu, polityki oraz nauki i \u015brodowiska eksperckiego odb\u0119dzie si\u0119 9 lutego 2026 r. w Warszawie. Zapraszamy na EEC Trends. Rejestracja dost\u0119pna na stronie wydarzenia.<\/p>\n<p>\t<\/a><\/p>\n<ul>&#13;<\/p>\n<li>Podpis prezydenta Karola Nawrockiego przes\u0105dzi\u0142 o podniesieniu od 1 stycznia stawki CIT dla bank\u00f3w komercyjnych do 30 proc.<\/li>\n<p>&#13;<\/p>\n<li>Zmiany, mimo \u017ce w kolejnych latach podatek ma by\u0107 stopniowo obni\u017cany, maj\u0105 zapewni\u0107 bud\u017cetowi pa\u0144stwa ponad 6,5 mld z\u0142 dodatkowych wp\u0142yw\u00f3w.<\/li>\n<p>&#13;<\/p>\n<li>Decyzj\u0119 prezydent uzasadni\u0142 potrzeb\u0105 wi\u0119kszego zaanga\u017cowania bank\u00f3w oraz du\u017cych instytucji w finansowanie wydatk\u00f3w pa\u0144stwa.<\/li>\n<p>&#13;\n<\/ul>\n<p>Czytaj tak\u017ce:\u00a0<a href=\"https:\/\/www.wnp.pl\/energia\/gaz-przestaje-plynac-kreml-w-panice-blagaja-o-wsparcie,1017823.html\" target=\"_blank\" rel=\"nofollow noopener\">Gaz przestaje p\u0142yn\u0105\u0107. Kreml w panice, b\u0142agaj\u0105 o wsparcie <\/a><\/p>\n<p>Karol Nawrocki podpisa\u0142 w listopadzie ustaw\u0119 podnosz\u0105c\u0105 stawk\u0119 <a href=\"https:\/\/www.wnp.pl\/rynki\/wyzszy-cit-dla-bankow-prezydent-podpisal-ustawe,1008611.html\" target=\"_blank\" rel=\"nofollow noopener\">podatku CIT dla bank\u00f3w<\/a>. Nowe przepisy wchodz\u0105 w \u017cycie 1 stycznia.<\/p>\n<p>Zgodnie z przyj\u0119tymi regulacjami, od pocz\u0105tku przysz\u0142ego roku CIT dla bank\u00f3w komercyjnych wzro\u015bnie do 30 proc., a dla bank\u00f3w sp\u00f3\u0142dzielczych oraz SKOK-\u00f3w do 27 proc.<\/p>\n<ul>&#13;<\/p>\n<li>w 2027 roku stawki te zostan\u0105 obni\u017cone do 26 i 23 proc.,<\/li>\n<p>&#13;<\/p>\n<li>natomiast od 2028 roku wynios\u0105 odpowiednio 23 i 21 proc.<\/li>\n<p>&#13;\n<\/ul>\n<p>Ustawa przewiduje jednocze\u015bnie niewielk\u0105 redukcj\u0119 podatku bankowego. Zmiany maj\u0105\u00a0przynie\u015b\u0107 bud\u017cetowi pa\u0144stwa ponad 6,5 mld z\u0142 dodatkowych wp\u0142yw\u00f3w w przysz\u0142ym roku.<\/p>\n<p>Wchodzi 30-procentowy podatek. Zmiany nie do cofni\u0119cia<\/p>\n<p>Do ostatniej chwili nie by\u0142o jasne, czy <a href=\"https:\/\/www.wnp.pl\/rynki\/30-procentowy-podatek-jest-przesadzony-zapadla-decyzja,998664.html\" target=\"_blank\" rel=\"nofollow noopener\">prezydent zdecyduje si\u0119 na podpisanie ustawy, czy te\u017c skorzysta z prawa weta<\/a>, powo\u0142uj\u0105c si\u0119 na wcze\u015bniejsze deklaracje o blokowaniu podwy\u017cek podatk\u00f3w obci\u0105\u017caj\u0105cych &#8222;zwyk\u0142ych obywateli&#8221;. Cho\u0107 regulacja dotyczy bank\u00f3w, pojawia\u0142y si\u0119 argumenty, \u017ce instytucje finansowe mog\u0105 przerzuci\u0107 wy\u017csze koszty na klient\u00f3w, co po\u015brednio dotkn\u0119\u0142oby spo\u0142ecze\u0144stwo.<\/p>\n<p>Prezydent nie zdecydowa\u0142 si\u0119 jednak na weto, uzasadniaj\u0105c swoj\u0105 decyzj\u0119 nast\u0119puj\u0105co:<\/p>\n<blockquote><p>&#13;<\/p>\n<p>Nie mo\u017ce by\u0107 tak, \u017ce obci\u0105\u017cenia podatkowe ponosi statystyczny obywatel lub niewielkie przedsi\u0119biorstwo, podczas gdy korporacje zagraniczne albo du\u017ce instytucje finansowe uzyskuj\u0105 rekordowe zyski. W ostatnich latach banki osi\u0105gn\u0119\u0142y ponadprzeci\u0119tne zyski. Uzna\u0142em wi\u0119c, \u017ce zasadne jest skierowanie wi\u0119kszej cz\u0119\u015bci tych zysk\u00f3w na rzecz pa\u0144stwa, szczeg\u00f3lnie w obliczu rosn\u0105cych potrzeb, mi\u0119dzy innymi zwi\u0105zanych z finansowaniem bezpiecze\u0144stwa Rzeczypospolitej i rozbudowy naszych si\u0142 zbrojnych.<\/p>\n<p>&#13;\n<\/p><\/blockquote>\n<p>Zwraca uwag\u0119, \u017ce w swojej wypowiedzi prezydent odnosi si\u0119 nie tylko do bank\u00f3w, lecz tak\u017ce do zagranicznych korporacji, co mo\u017ce sugerowa\u0107 kierunek ewentualnych przysz\u0142ych zmian podatkowych bez ryzyka prezydenckiego weta.<\/p>\n<p>    \u00a9<\/p>\n<p>        Materia\u0142 chroniony prawem autorskim &#8211; zasady przedruk\u00f3w okre\u015bla<br \/>\n        <a href=\"https:\/\/www.wnp.pl\/korzystanie-z-serwisu\/\" rel=\"nofollow noopener\" target=\"_blank\">regulamin<\/a><\/p>\n","protected":false},"excerpt":{"rendered":"Wielow\u0105tkowa, intensywna debata o polskiej gospodarce w gronie przedstawicieli \u015bwiata biznesu, polityki oraz nauki i \u015brodowiska eksperckiego odb\u0119dzie&hellip;\n","protected":false},"author":2,"featured_media":183882,"comment_status":"","ping_status":"","sticky":false,"template":"","format":"standard","meta":{"footnotes":""},"categories":[16],"tags":[113,112,42,38,40,39,41],"class_list":{"0":"post-183881","1":"post","2":"type-post","3":"status-publish","4":"format-standard","5":"has-post-thumbnail","7":"category-biznes","8":"tag-biznes","9":"tag-business","10":"tag-pl","11":"tag-poland","12":"tag-polish","13":"tag-polska","14":"tag-polski"},"share_on_mastodon":{"url":"https:\/\/pubeurope.com\/@pl\/115826857656723901","error":""},"_links":{"self":[{"href":"https:\/\/www.europesays.com\/pl\/wp-json\/wp\/v2\/posts\/183881","targetHints":{"allow":["GET"]}}],"collection":[{"href":"https:\/\/www.europesays.com\/pl\/wp-json\/wp\/v2\/posts"}],"about":[{"href":"https:\/\/www.europesays.com\/pl\/wp-json\/wp\/v2\/types\/post"}],"author":[{"embeddable":true,"href":"https:\/\/www.europesays.com\/pl\/wp-json\/wp\/v2\/users\/2"}],"replies":[{"embeddable":true,"href":"https:\/\/www.europesays.com\/pl\/wp-json\/wp\/v2\/comments?post=183881"}],"version-history":[{"count":0,"href":"https:\/\/www.europesays.com\/pl\/wp-json\/wp\/v2\/posts\/183881\/revisions"}],"wp:featuredmedia":[{"embeddable":true,"href":"https:\/\/www.europesays.com\/pl\/wp-json\/wp\/v2\/media\/183882"}],"wp:attachment":[{"href":"https:\/\/www.europesays.com\/pl\/wp-json\/wp\/v2\/media?parent=183881"}],"wp:term":[{"taxonomy":"category","embeddable":true,"href":"https:\/\/www.europesays.com\/pl\/wp-json\/wp\/v2\/categories?post=183881"},{"taxonomy":"post_tag","embeddable":true,"href":"https:\/\/www.europesays.com\/pl\/wp-json\/wp\/v2\/tags?post=183881"}],"curies":[{"name":"wp","href":"https:\/\/api.w.org\/{rel}","templated":true}]}}