{"id":183895,"date":"2026-01-02T18:18:11","date_gmt":"2026-01-02T18:18:11","guid":{"rendered":"https:\/\/www.europesays.com\/pl\/183895\/"},"modified":"2026-01-02T18:18:11","modified_gmt":"2026-01-02T18:18:11","slug":"protest-gornikow-zarzad-jsw-wystosowal-list-do-zwiazkowcow","status":"publish","type":"post","link":"https:\/\/www.europesays.com\/pl\/183895\/","title":{"rendered":"Protest g\u00f3rnik\u00f3w. Zarz\u0105d JSW wystosowa\u0142 list do zwi\u0105zkowc\u00f3w"},"content":{"rendered":"<p class=\"ods-c-paragraph \">Skala wyzwa\u0144, z kt\u00f3rymi mierzy si\u0119 obecnie JSW, jest bezprecedensowa, a margines czasu na dzia\u0142ania ka\u017cdego dnia si\u0119 kurczy \u2014 podkre\u015blili szefowie prze\u017cywaj\u0105cej problemy g\u00f3rniczej sp\u00f3\u0142ki. Tylko niezw\u0142oczne wypracowanie kompromisu mo\u017ce uchroni\u0107 JSW przed scenariuszem, kt\u00f3rego skutki by\u0142yby nieodwracalne zar\u00f3wno dla pracownik\u00f3w, jak i ca\u0142ego regionu \u2014 dodali.<\/p>\n<p> Jakie rozwi\u0105zania proponuje zarz\u0105d JSW? <\/p>\n<p> Co by\u0142o tematem wtorkowych rozm\u00f3w zarz\u0105du z zwi\u0105zkami? <\/p>\n<p> Jakie s\u0105 g\u0142\u00f3wne wyzwania dla JSW? <\/p>\n<p> Co zwi\u0105zkowcy my\u015bl\u0105 o kosztach ratowania sp\u00f3\u0142ki? <\/p>\n<p class=\"ods-c-paragraph \">Wtorkowe rozmowy zarz\u0105du z dzia\u0142aj\u0105cymi w JSW zwi\u0105zkami, dotycz\u0105ce tymczasowego ograniczenia koszt\u00f3w pracy w sp\u00f3\u0142ce, zako\u0144czy\u0142y si\u0119 bez porozumienia. Zwi\u0105zkowcy o\u015bwiadczyli po nich, \u017ce &#8222;nie ma i nie b\u0119dzie zgody na si\u0119ganie do kieszeni g\u00f3rnik\u00f3w pod pretekstem ratowania sp\u00f3\u0142ki&#8221;.<\/p>\n<p class=\"ods-c-paragraph \">&#8222;Z ca\u0142\u0105 moc\u0105 ponownie zwracamy si\u0119 do Pa\u0144stwa z apelem o otwarto\u015b\u0107 na wypracowanie kompromisu i aprobat\u0119 rozwi\u0105za\u0144 zawartych w Planie restrukturyzacji, poniewa\u017c sytuacja Sp\u00f3\u0142ki wymaga dzi\u015b niezw\u0142ocznych decyzji, a nie dalszego odsuwania w czasie kluczowych rozstrzygni\u0119\u0107&#8221; \u2014 napisano w li\u015bcie otwartym zarz\u0105du JSW. Jego tre\u015b\u0107 przedstawiciele sp\u00f3\u0142ki przes\u0142ali w pi\u0105tek PAP.<\/p>\n<p>   &#8222;Mamy pe\u0142n\u0105 \u015bwiadomo\u015b\u0107 ci\u0119\u017caru odpowiedzialno\u015bci&#8221;. Zarz\u0105d apeluje do zwi\u0105zkowc\u00f3w<\/p>\n<p class=\"ods-c-paragraph \">Jak przypomnia\u0142 zarz\u0105d JSW, strona rz\u0105dowa zadeklarowa\u0142a gotowo\u015b\u0107 udzielenia wsparcia i wskaza\u0142a rozwi\u0105zania, kt\u00f3re mog\u0105 wzmocni\u0107 stabilno\u015b\u0107 sp\u00f3\u0142ki. Uruchomienie tej pomocy jest jednak uzale\u017cnione od wsp\u00f3\u0142dzia\u0142ania partner\u00f3w spo\u0142ecznych i przyj\u0119cia uzgodnie\u0144, kt\u00f3re pozwol\u0105 wprowadzi\u0107 plan restrukturyzacji w \u017cycie \u2014 zaznaczy\u0142y w\u0142adze JSW.<\/p>\n<p class=\"ods-c-paragraph \">&#8222;Jako Zarz\u0105d mamy pe\u0142n\u0105 \u015bwiadomo\u015b\u0107 ci\u0119\u017caru odpowiedzialno\u015bci, jaki na nas spoczywa. Prowadzimy dzia\u0142ania ukierunkowane na ustabilizowanie sytuacji i odbudow\u0119 bezpiecze\u0144stwa finansowego JSW. Jednocze\u015bnie nie mo\u017cemy traci\u0107 z oczu tego, co jest najwa\u017cniejsze: miejsca pracy dziesi\u0105tek tysi\u0119cy os\u00f3b, bezpiecze\u0144stwo socjalne g\u00f3rniczych rodzin oraz stabilno\u015b\u0107 polskiej gospodarki w obszarze strategicznego surowca, jakim jest w\u0119giel koksowy. Za tymi poj\u0119ciami stoj\u0105 konkretni ludzie, ich domy i przysz\u0142o\u015b\u0107 ca\u0142ych spo\u0142eczno\u015bci&#8221; \u2014 napisano w li\u015bcie.<\/p>\n<p class=\"ods-c-paragraph \">Zarz\u0105d wskaza\u0142, \u017ce w warunkach g\u0142\u0119bokiej dekoniunktury w hutnictwie, dla kt\u00f3rego JSW jest dostawc\u0105 kluczowych surowc\u00f3w, postawa strony spo\u0142ecznej ma dzi\u015b &#8222;decyduj\u0105ce znaczenie dla powodzenia Planu restrukturyzacji&#8221;. Oceni\u0142, \u017ce obecne otoczenie rynkowe praktycznie odbiera sp\u00f3\u0142ce mo\u017cliwo\u015b\u0107 samodzielnego ud\u017awigni\u0119cia koszt\u00f3w i ryzyk bez zmian oraz bez zewn\u0119trznego wsparcia. &#8222;Dlatego apelujemy o podej\u015bcie oparte na odpowiedzialno\u015bci i gotowo\u015bci do kompromisu \u2014 takiego, kt\u00f3ry pozwoli ochroni\u0107 fundamenty dzia\u0142alno\u015bci JSW i zapewni\u0107 jej przysz\u0142o\u015b\u0107&#8221; \u2014 dodano w li\u015bcie.<\/p>\n<p>Zarz\u0105d deklaruje gotowo\u015b\u0107 do rozm\u00f3w. &#8222;Niezw\u0142oczne wypracowanie kompromisu&#8221;<\/p>\n<p class=\"ods-c-paragraph \">Szefowie JSW zadeklarowali, \u017ce ich celem jest przywr\u00f3cenie rentowno\u015bci oraz zapewnienie d\u0142ugoterminowego bezpiecze\u0144stwa finansowego sp\u00f3\u0142ce. Przekonywali, \u017ce do realizacji tego planu konieczne s\u0105 uzgodnienia ze zwi\u0105zkami zawodowymi w sprawie tymczasowego ograniczenia poziomu koszt\u00f3w pracy. Zwr\u00f3cili te\u017c uwag\u0119, \u017ce presja czasu drastycznie ro\u015bnie z ka\u017cdym dniem, a bez porozumienia nie b\u0119dzie mo\u017cna zrealizowa\u0107 dzia\u0142a\u0144 restrukturyzacyjnych w skali, kt\u00f3ra pozwoli ocali\u0107 miejsca pracy.<\/p>\n<p class=\"ods-c-paragraph \">Zarz\u0105d zadeklarowa\u0142 w li\u015bcie gotowo\u015b\u0107 do kontynuowania rozm\u00f3w w ka\u017cdym terminie, kt\u00f3ry wska\u017c\u0105 zwi\u0105zkowcy. Podkre\u015bli\u0142 zarazem, \u017ce dialog musi uwzgl\u0119dnia\u0107 warunki prawne oraz ekonomiczne, w jakich dzia\u0142a JSW, a tak\u017ce ograniczenia wynikaj\u0105ce z sytuacji rynkowej i finansowej.<\/p>\n<p class=\"ods-c-paragraph \">&#8222;Tylko niezw\u0142oczne wypracowanie kompromisu mo\u017ce uchroni\u0107 JSW przed scenariuszem, kt\u00f3rego skutki by\u0142yby nieodwracalne zar\u00f3wno dla pracownik\u00f3w, jak i ca\u0142ego regionu. Wsp\u00f3lna odpowiedzialno\u015b\u0107 \u2014 wobec pracownik\u00f3w, ich rodzin i przysz\u0142o\u015bci Sp\u00f3\u0142ki \u2014 wymaga dzi\u015b decyzji, kt\u00f3re b\u0119d\u0105 bardzo trudne, ale konieczne&#8221; \u2014 podsumowa\u0142 zarz\u0105d JSW.<\/p>\n<p>&#8222;Gdzie jest w\u0142a\u015bciciel?&#8221;<\/p>\n<p class=\"ods-c-paragraph \">Stanowisko zwi\u0105zk\u00f3w jeszcze przed wtorkowymi rozmowami przedstawi\u0142 przewodnicz\u0105cy Solidarno\u015bci w JSW S\u0142awomir Koz\u0142owski. Jak poinformowa\u0142, 11 grudnia zwi\u0105zki dosta\u0142y plan naprawczy JSW, a 23 grudnia projekt porozumienia \u2014 oba pisma z trzydniowymi terminami na odniesienie si\u0119.<\/p>\n<p class=\"ods-c-paragraph \">&#8222;Porozumienie zak\u0142ada, \u017ce ci\u0119\u017car koszt\u00f3w finansowych, ekonomicznych ratowania sp\u00f3\u0142ki spadnie na barki pracownik\u00f3w: 80 proc. tych koszt\u00f3w na barki pracownik\u00f3w, g\u00f3rnik\u00f3w JSW. Jest to projekt, kt\u00f3ry ma, kr\u00f3tko m\u00f3wi\u0105c, ograbi\u0107 pracownik\u00f3w JSW&#8221; \u2014 powiedzia\u0142 zwi\u0105zkowiec.<\/p>\n<p class=\"ods-c-paragraph \">&#8222;Gdzie jest w tej chwili w\u0142a\u015bciciel? Gdzie jest odpowiedzialno\u015b\u0107 w\u0142a\u015bciciela, kt\u00f3ry przez lata wszystkie zyski, dochody JSW otrzymywa\u0142 do skarbu pa\u0144stwa&#8221; \u2014 zapyta\u0142 Koz\u0142owski. Jak wyliczy\u0142, jeszcze w lutym 2024 r. JSW dysponowa\u0142a 9 mld z\u0142, w tym 5,7 mld z\u0142 w funduszu stabilizacyjnym, ponad 2 mld z\u0142 w got\u00f3wce i 1,6 mld z\u0142 w formie kredytu. Zapyta\u0142, gdzie i na co te pieni\u0105dze zosta\u0142y wydane i doda\u0142, \u017ce nikt nie chce na ten temat rozmawia\u0107.<\/p>\n<p>   Plan restrukturyzacji<\/p>\n<p class=\"ods-c-paragraph \">25 listopada ub.r. JSW poda\u0142a, \u017ce jej strata netto po trzech kwarta\u0142ach 2025 r. si\u0119gn\u0119\u0142a narastaj\u0105co 2,9 mld z\u0142. Przychody ze sprzeda\u017cy wynios\u0142y 7 mld z\u0142, a wynik EBITDA minus 1,4 mld z\u0142. W samym trzecim kwartale JSW wypracowa\u0142a 2,3 mld z\u0142 przychod\u00f3w ze sprzeda\u017cy, przy stracie brutto ze sprzeda\u017cy w wysoko\u015bci \u2014 524 mln z\u0142. EBITDA bez zdarze\u0144 jednorazowych wynios\u0142a minus 485 mln z\u0142, a strata netto 794 mln z\u0142.<\/p>\n<p class=\"ods-c-paragraph \">Za\u0142o\u017cenia do restrukturyzacji biznesowej grupy JSW obejmuj\u0105: wypracowanie planu wsparcia przez Skarb Pa\u0144stwa, wypracowanie porozumienia ze stron\u0105 spo\u0142eczn\u0105 w zakresie redukcji koszt\u00f3w i sposobu organizacji pracy, opracowanie planu restrukturyzacji grupy oraz wypracowanie warunk\u00f3w finansowania z instytucjami finansowymi.<\/p>\n<p class=\"ods-c-paragraph \">15 grudnia ub.r. minister aktyw\u00f3w pa\u0144stwowych Wojciech Balczun poda\u0142, \u017ce JSW potrzebuje ok. 3 mld z\u0142 finansowania, by zapewni\u0107 sobie p\u0142ynno\u015b\u0107 w 2026 r. Jak przekaza\u0142 w\u00f3wczas, sp\u00f3\u0142ka bardzo intensywnie negocjuje pozyskiwanie komercyjnego finansowania z rynku mi\u0119dzynarodowego, a jednocze\u015bnie negocjowana jest po\u017cyczka z Funduszu Restrukturyzacji. \u2014 Zak\u0142adamy, \u017ce cz\u0119\u015b\u0107 \u015brodk\u00f3w b\u0119dzie z Funduszu Reprywatyzacji, a reszta z rynku. Jednocze\u015bnie JSW musi przeprowadzi\u0107 restrukturyzacj\u0119 \u2014 powiedzia\u0142 w po\u0142owie grudnia szef MAP.<\/p>\n","protected":false},"excerpt":{"rendered":"Skala wyzwa\u0144, z kt\u00f3rymi mierzy si\u0119 obecnie JSW, jest bezprecedensowa, a margines czasu na dzia\u0142ania ka\u017cdego dnia si\u0119&hellip;\n","protected":false},"author":2,"featured_media":183896,"comment_status":"","ping_status":"","sticky":false,"template":"","format":"standard","meta":{"footnotes":""},"categories":[16],"tags":[113,112,26149,12929,49,48,46,42,38,40,39,41,47],"class_list":{"0":"post-183895","1":"post","2":"type-post","3":"status-publish","4":"format-standard","5":"has-post-thumbnail","7":"category-biznes","8":"tag-biznes","9":"tag-business","10":"tag-gornictwo_i_gornicy","11":"tag-jsw","12":"tag-kraj","13":"tag-nat_styl","14":"tag-omp","15":"tag-pl","16":"tag-poland","17":"tag-polish","18":"tag-polska","19":"tag-polski","20":"tag-screening_general"},"share_on_mastodon":{"url":"https:\/\/pubeurope.com\/@pl\/115826884909199832","error":""},"_links":{"self":[{"href":"https:\/\/www.europesays.com\/pl\/wp-json\/wp\/v2\/posts\/183895","targetHints":{"allow":["GET"]}}],"collection":[{"href":"https:\/\/www.europesays.com\/pl\/wp-json\/wp\/v2\/posts"}],"about":[{"href":"https:\/\/www.europesays.com\/pl\/wp-json\/wp\/v2\/types\/post"}],"author":[{"embeddable":true,"href":"https:\/\/www.europesays.com\/pl\/wp-json\/wp\/v2\/users\/2"}],"replies":[{"embeddable":true,"href":"https:\/\/www.europesays.com\/pl\/wp-json\/wp\/v2\/comments?post=183895"}],"version-history":[{"count":0,"href":"https:\/\/www.europesays.com\/pl\/wp-json\/wp\/v2\/posts\/183895\/revisions"}],"wp:featuredmedia":[{"embeddable":true,"href":"https:\/\/www.europesays.com\/pl\/wp-json\/wp\/v2\/media\/183896"}],"wp:attachment":[{"href":"https:\/\/www.europesays.com\/pl\/wp-json\/wp\/v2\/media?parent=183895"}],"wp:term":[{"taxonomy":"category","embeddable":true,"href":"https:\/\/www.europesays.com\/pl\/wp-json\/wp\/v2\/categories?post=183895"},{"taxonomy":"post_tag","embeddable":true,"href":"https:\/\/www.europesays.com\/pl\/wp-json\/wp\/v2\/tags?post=183895"}],"curies":[{"name":"wp","href":"https:\/\/api.w.org\/{rel}","templated":true}]}}