{"id":183905,"date":"2026-01-02T18:27:12","date_gmt":"2026-01-02T18:27:12","guid":{"rendered":"https:\/\/www.europesays.com\/pl\/183905\/"},"modified":"2026-01-02T18:27:12","modified_gmt":"2026-01-02T18:27:12","slug":"ksieza-odchodza-od-tradycyjnej-koledy-u-nas-w-parafii-nie-zbieram-kopert","status":"publish","type":"post","link":"https:\/\/www.europesays.com\/pl\/183905\/","title":{"rendered":"Ksi\u0119\u017ca odchodz\u0105 od tradycyjnej kol\u0119dy. &#8222;U nas w parafii nie zbieram kopert&#8221;"},"content":{"rendered":"<p class=\"ods-c-paragraph \">W Ko\u015bciele katolickim w Polsce okres po Bo\u017cym Narodzeniu to czas, w kt\u00f3rym w parafiach odbywaj\u0105 si\u0119 wizyty duszpasterskie, tzw. kol\u0119dy, podczas kt\u00f3rych ksi\u0119\u017ca odwiedzaj\u0105 domy parafian. W niekt\u00f3rych miejscach ze wzgl\u0119du na rozleg\u0142o\u015b\u0107 parafii wizyty duszpasterskie rozpoczynaj\u0105 si\u0119 ju\u017c na pocz\u0105tku grudnia.<\/p>\n<p>Dalszy ci\u0105g artyku\u0142u pod materia\u0142em wideo<\/p>\n<p> Dlaczego niekt\u00f3rzy ksi\u0119\u017ca rezygnuj\u0105 z zbierania ofiar podczas kol\u0119dy? <\/p>\n<p> Jakie zmiany wprowadzili ksi\u0119\u017ca w kol\u0119dzie? <\/p>\n<p> Co to jest wirtualna mapa kol\u0119dy? <\/p>\n<p> Jakie potrzeby finansowe ma parafia na \u0141acinie? <\/p>\n<p class=\"ods-c-paragraph \">Celem kol\u0119dy jest zacie\u015bnienie wi\u0119zi ksi\u0119dza z parafianami, wsp\u00f3lna modlitwa i pob\u0142ogos\u0142awienie domu. Jeszcze kilka lat temu ksi\u0119\u017ca odwiedzali kolejno wszystkie domy b\u0105d\u017a mieszkania w parafii, pukaj\u0105c od drzwi do drzwi. Obecnie w wielu parafiach duchowni odwiedzaj\u0105 tylko tych parafian, do kt\u00f3rych zostali wcze\u015bniej zaproszeni za po\u015brednictwem kancelarii parafialnej. Podczas wizyt w wi\u0119kszo\u015bci parafii ksi\u0119\u017ca zbieraj\u0105 od wiernych ofiary zwane popularnie kopertami.<\/p>\n<p>   Ksi\u0105dz, kt\u00f3ry nie zbiera kopert podczas kol\u0119dy<\/p>\n<p class=\"ods-c-paragraph \">Do tego w\u0142a\u015bnie aspektu wizyty duszpasterskiej odni\u00f3s\u0142 si\u0119 aktywny w internecie duchowny, proboszcz parafii pw. \u015bw. Brata Alberta w Kozieg\u0142owach (woj. wielkopolskie) ks. Daniel Wachowiak, kt\u00f3ry w przesz\u0142o\u015bci decydowa\u0142 si\u0119 na <a href=\"https:\/\/wiadomosci.onet.pl\/poznan\/poznan-grupe-stonewall-miala-zorganizowac-zajecia\/s282z7n\" id=\"7507ca33-c1f9-4827-aab6-3527d174c7fd\" rel=\"nofollow noopener\" target=\"_blank\">kontrowersyjne wypowiedzi dotycz\u0105ce spraw spo\u0142ecznych czy polityki<\/a>. W mediach spo\u0142eczno\u015bciowych wyra\u017ca\u0142 swoj\u0105 niech\u0119\u0107 do \u015brodowisk LGBT czy pandemicznych obostrze\u0144.<\/p>\n<p class=\"ods-c-paragraph \">W filmie opublikowanym na prowadzonym przez niego kanale w serwisie YouTube ks. Wachowiak zaznaczy\u0142, \u017ce wprowadzi\u0142 w swojej parafii zasad\u0119, \u017ce <a href=\"https:\/\/www.onet.pl\/styl-zycia\/onetkobieta\/znany-ksiadz-nie-chce-kopert-na-koledzie-oglosil-to-publicznie\/jczt6kw,2b83378a\" id=\"d8126610-1434-44d3-8e27-3df0ebcf72c7\" rel=\"nofollow noopener\" target=\"_blank\">podczas kol\u0119dy nie zbiera kopert, o czym wspomina\u0142 ju\u017c m.in. w 2023 r.<\/a><\/p>\n<p class=\"ods-c-paragraph \">\u2014 Je\u017celi kto\u015b pragnie przy okazji kol\u0119dy z\u0142o\u017cy\u0107 ofiar\u0119, to mo\u017ce to zrobi\u0107 na inny spos\u00f3b. Ale kol\u0119da \u2014 tak mi zale\u017ca\u0142o od pocz\u0105tku bycia proboszczem \u2014 nie mo\u017ce kojarzy\u0107 si\u0119 z pieni\u0119dzmi \u2014 zastrzeg\u0142.<\/p>\n<p class=\"ods-c-paragraph \">Wed\u0142ug ks. Wachowiaka, mimo \u017ce parafianie nie przekazuj\u0105 mu ju\u017c kopert podczas kol\u0119dy, znajduj\u0105 inny spos\u00f3b na sk\u0142adanie ofiar, kt\u00f3re \u2014 jak zaznaczy\u0142 \u2014 od momentu wprowadzenia tej zasady znacznie wzros\u0142y.<\/p>\n<p>Kopert nie chce parafia w Opolu<\/p>\n<p class=\"ods-c-paragraph \">O tym, \u017ce podczas kol\u0119dy ksi\u0119\u017ca nie b\u0119d\u0105 zbierali ofiar, poinformowali r\u00f3wnie\u017c duszpasterze z parafii \u015bw. Aposto\u0142\u00f3w Piotra i Paw\u0142a w Opolu, w kt\u00f3rej kol\u0119da rozpocz\u0119\u0142a si\u0119 27 grudnia 2025 r.<\/p>\n<p class=\"ods-c-paragraph \">W komunikacie zamieszczonym na stronie internetowej parafii czytamy, \u017ce ofiary, kt\u00f3re wierni chcieliby przekaza\u0107 na potrzeby wsp\u00f3lnoty, b\u0119dzie mo\u017cna z\u0142o\u017cy\u0107 podczas kolekty kol\u0119dowej, kt\u00f3ra zbierana b\u0119dzie w niedziel\u0119 11 stycznia 2026 r., podczas wszystkich mszy \u015bw. Dodali, \u017ce w tym roku zostan\u0105 one przeznaczone na renowacj\u0119 sufitu ko\u015bcio\u0142a.<\/p>\n<p class=\"ods-c-paragraph \">&#8222;Tego dnia o godz. 11.00 zostanie odprawiona msza \u015bwi\u0119ta w intencji wszystkich odwiedzonych rodzin jako wyraz naszej wdzi\u0119czno\u015bci za ka\u017cde spotkanie&#8221; \u2014 przekazali duchowni.<\/p>\n<p class=\"ods-c-paragraph \">Dodali, \u017ce wizyta duszpasterska to moment, w kt\u00f3rym &#8222;mo\u017cemy wsp\u00f3lnie si\u0119 pomodli\u0107, prosi\u0107 o Bo\u017ce b\u0142ogos\u0142awie\u0144stwo dla Waszych rodzin oraz porozmawia\u0107 o tym, czym \u017cyjecie na co dzie\u0144&#8221;.<\/p>\n<p class=\"ods-c-paragraph \">&#8222;Je\u015bli by\u0142oby to mo\u017cliwe, bardzo ucieszy nas obecno\u015b\u0107 wszystkich domownik\u00f3w. Z wdzi\u0119czno\u015bci\u0105 przyjmiemy tak\u017ce Wasz\u0105 trosk\u0119 o przygotowanie miejsca modlitwy \u2014 krzy\u017ca, \u015bwiec, wody \u015bwi\u0119conej i Pisma \u015awi\u0119tego&#8221; \u2014 napisali.<\/p>\n<p>Nowoczesne rozwi\u0105zania. Mapa kol\u0119dy i nie tylko<\/p>\n<p class=\"ods-c-paragraph \">W niekt\u00f3rych parafiach ksi\u0119\u017ca wprowadzaj\u0105 specjalne udogodnienia zwi\u0105zane z kol\u0119d\u0105. W parafii \u015bw. Micha\u0142a Archanio\u0142a w Ujanowicach w tym roku uruchomiona zosta\u0142a wirtualna mapa kol\u0119dy o nazwie Adventus.<\/p>\n<p class=\"ods-c-paragraph \">&#8222;Po wpisaniu swojego adresu mo\u017cna sprawdzi\u0107 przynale\u017cno\u015b\u0107 do rejonu kol\u0119dowego, termin wizyty, godzin\u0119 jej rozpocz\u0119cia, a tak\u017ce przydzielonego kap\u0142ana i asyst\u0119. Program umo\u017cliwia r\u00f3wnie\u017c zapoznanie si\u0119 z przebiegiem trasy kol\u0119dowej i z kolejno\u015bci\u0105 odwiedzanych dom\u00f3w ukazan\u0105 na mapie drogowej i satelitarnej&#8221; \u2014 czytamy we wpisie zamieszczonym na Facebooku.<\/p>\n<p class=\"ods-c-paragraph \">Jego autorzy dodali, \u017ce program umo\u017cliwia \u015bledzenie w dniu kol\u0119dy aktualnego przebiegu wizyty duszpasterskiej na mapie.<\/p>\n<p class=\"ods-c-paragraph \">Proboszcz parafii Imienia Jezus na pozna\u0144skiej \u0141acinie ks. Radek Rakowski powiedzia\u0142 PAP, \u017ce w swojej parafii nie organizuje kol\u0119dy w tradycyjnej formie.<\/p>\n<p class=\"ods-c-paragraph \">\u2014 Nasza parafia jest oparta na relacjach, kt\u00f3re trwaj\u0105 przez ca\u0142y rok, nie tylko w okresie trwania kol\u0119dy. Rozmawiamy po ka\u017cdej mszy \u015bw., we wtorki przed po\u0142udniem czekam na parafian, kto tylko chce, mo\u017ce przyj\u015b\u0107, pogada\u0107, wypi\u0107 ze mn\u0105 kaw\u0119. Jeste\u015bmy ze sob\u0105 w takich codziennych, normalnych relacjach. Je\u015bli kto\u015b chce si\u0119 ze mn\u0105 spotka\u0107, zaprosi\u0107 mnie do domu, po prostu dzwoni lub pisze SMS-a, a ja przychodz\u0119 \u2014 wyja\u015bni\u0142.<\/p>\n<p>   Ksi\u0105dz narzeka na tradycyjn\u0105 kol\u0119d\u0119. &#8222;My u nas w parafii nie zbieram kopert&#8221;<\/p>\n<p class=\"ods-c-paragraph \">Ks. Rakowski zaznaczy\u0142, \u017ce w poprzednich parafiach, w kt\u00f3rych pos\u0142ugiwa\u0142 jako wikary, &#8222;chodzi\u0142 po kol\u0119dzie&#8221;, jednak \u2014 jak stwierdzi\u0142 \u2014 nie wspomina tego czasu najlepiej.<\/p>\n<p class=\"ods-c-paragraph \">\u2014 Ludzie byli mili i otwarci, jednak kiedy musia\u0142em odwiedzi\u0107 w ci\u0105gu jednego wieczoru 30 rodzin, to nie by\u0142o czasu ani przestrzeni na poznawanie ludzi, g\u0142\u0119bsz\u0105 rozmow\u0119 czy ewangelizacj\u0119. Efekt by\u0142 taki, \u017ce te spotkania by\u0142y troch\u0119 sztywne, pozbawione autentyczno\u015bci i luzu, kt\u00f3re s\u0142u\u017c\u0105 budowaniu relacji \u2014 oceni\u0142.<\/p>\n<p class=\"ods-c-paragraph \">Doda\u0142, \u017ce jego obecna parafia jest bardzo rozleg\u0142a. Mieszka w niej 15 tys. os\u00f3b.<\/p>\n<p class=\"ods-c-paragraph \">\u2014 Jak bym musia\u0142 wszystkich odwiedzi\u0107, to bym ju\u017c na nic innego nie mia\u0142 czasu. Dlatego moim celem nie jest zrealizowanie kol\u0119dy, tylko znalezienie takiego sposobu budowania relacji z wiernymi, kt\u00f3ry mnie nie wyko\u0144czy i nie b\u0119dzie dla nich uci\u0105\u017cliwy \u2014 zastrzeg\u0142.<\/p>\n<p class=\"ods-c-paragraph \">Podkre\u015bli\u0142, \u017ce skoro w parafii na \u0141acinie nie ma kol\u0119dy, to nie ma te\u017c zbierania kopert. Jednak \u2014 jak zaznaczy\u0142 \u2014 finanse parafii nie cierpi\u0105 z tego powodu.<\/p>\n<p class=\"ods-c-paragraph \">\u2014 Kierujemy si\u0119 na \u0141acinie zasad\u0105, \u017ce to jest nasze wsp\u00f3lne miejsce, nasz dom i my wszyscy chcemy finansowa\u0107 swoj\u0105 parafi\u0119. Nie zbieram kopert, nie zbieram tacy w trakcie mszy. Za to otwarcie m\u00f3wi\u0119 o potrzebach finansowych parafii i kto chce, robi przelew na parafialne konto. Mamy te\u017c ofiaromat, za pomoc\u0105 kt\u00f3rego mo\u017cna z\u0142o\u017cy\u0107 ofiar\u0119. I ludzie to robi\u0105 \u2014 powiedzia\u0142 ks. Rakowski.<\/p>\n","protected":false},"excerpt":{"rendered":"W Ko\u015bciele katolickim w Polsce okres po Bo\u017cym Narodzeniu to czas, w kt\u00f3rym w parafiach odbywaj\u0105 si\u0119 wizyty&hellip;\n","protected":false},"author":2,"featured_media":183906,"comment_status":"","ping_status":"","sticky":false,"template":"","format":"standard","meta":{"footnotes":""},"categories":[12],"tags":[32,33,12295,36,37,27,702,49,34,35,28,31,48,25,46,42,38,40,39,41,47,29,30,26],"class_list":{"0":"post-183905","1":"post","2":"type-post","3":"status-publish","4":"format-standard","5":"has-post-thumbnail","7":"category-polska","8":"tag-breaking-news","9":"tag-breakingnews","10":"tag-daniel_wachowiak","11":"tag-featured-news","12":"tag-featurednews","13":"tag-headlines","14":"tag-kosciol_katolicki","15":"tag-kraj","16":"tag-latest-news","17":"tag-latestnews","18":"tag-naglowki","19":"tag-najwazniejsze-artykuly","20":"tag-nat_styl","21":"tag-news","22":"tag-omp","23":"tag-pl","24":"tag-poland","25":"tag-polish","26":"tag-polska","27":"tag-polski","28":"tag-screening_general","29":"tag-top-stories","30":"tag-topstories","31":"tag-wiadomosci"},"share_on_mastodon":{"url":"https:\/\/pubeurope.com\/@pl\/115826920163138460","error":""},"_links":{"self":[{"href":"https:\/\/www.europesays.com\/pl\/wp-json\/wp\/v2\/posts\/183905","targetHints":{"allow":["GET"]}}],"collection":[{"href":"https:\/\/www.europesays.com\/pl\/wp-json\/wp\/v2\/posts"}],"about":[{"href":"https:\/\/www.europesays.com\/pl\/wp-json\/wp\/v2\/types\/post"}],"author":[{"embeddable":true,"href":"https:\/\/www.europesays.com\/pl\/wp-json\/wp\/v2\/users\/2"}],"replies":[{"embeddable":true,"href":"https:\/\/www.europesays.com\/pl\/wp-json\/wp\/v2\/comments?post=183905"}],"version-history":[{"count":0,"href":"https:\/\/www.europesays.com\/pl\/wp-json\/wp\/v2\/posts\/183905\/revisions"}],"wp:featuredmedia":[{"embeddable":true,"href":"https:\/\/www.europesays.com\/pl\/wp-json\/wp\/v2\/media\/183906"}],"wp:attachment":[{"href":"https:\/\/www.europesays.com\/pl\/wp-json\/wp\/v2\/media?parent=183905"}],"wp:term":[{"taxonomy":"category","embeddable":true,"href":"https:\/\/www.europesays.com\/pl\/wp-json\/wp\/v2\/categories?post=183905"},{"taxonomy":"post_tag","embeddable":true,"href":"https:\/\/www.europesays.com\/pl\/wp-json\/wp\/v2\/tags?post=183905"}],"curies":[{"name":"wp","href":"https:\/\/api.w.org\/{rel}","templated":true}]}}