{"id":183921,"date":"2026-01-02T18:41:09","date_gmt":"2026-01-02T18:41:09","guid":{"rendered":"https:\/\/www.europesays.com\/pl\/183921\/"},"modified":"2026-01-02T18:41:09","modified_gmt":"2026-01-02T18:41:09","slug":"sluzby-gotowe-na-trudna-noc","status":"publish","type":"post","link":"https:\/\/www.europesays.com\/pl\/183921\/","title":{"rendered":"S\u0142u\u017cby gotowe na trudn\u0105 noc"},"content":{"rendered":"<p>Wideo ze\u00a0Stegny. Ludzie uciekali w\u00a0pop\u0142ochu <\/p>\n<p>S\u0142u\u017cby w\u00a0ca\u0142ej Polsce szykuj\u0105 si\u0119 na wyj\u0105tkowo trudn\u0105 noc ze wzgl\u0119du na prognozowane intensywne opady i\u00a0oblodzenia dr\u00f3g. <a href=\"https:\/\/wiadomosci.wp.pl\/koniec-bezpiecznego-zachodu-imgw-wydaje-alerty-7238437460843488a\" rel=\"noopener noreferrer nofollow\" target=\"_blank\">Dramatyczna sytuacja pogodowa<\/a> w\u00a0Polsce utrzymuje si\u0119 od ko\u0144ca zesz\u0142ego roku.<\/p>\n<p>Minister infrastruktury Dariusz Klimczak poinformowa\u0142 podczas konferencji prasowej, \u017ce szczeg\u00f3lnie niekorzystne warunki panuj\u0105 na p\u00f3\u0142nocy kraju. Stan podwy\u017cszonej gotowo\u015bci og\u0142oszony jest r\u00f3wnie\u017c w\u00a0wojew\u00f3dztwach opolskim, mazowieckim, \u0142\u00f3dzkim i\u00a0\u015bl\u0105skim.<\/p>\n<p>Klimczak zaznaczy\u0142, \u017ce w\u00a0tych regionach trudna sytuacja utrzymuje si\u0119 od wczorajszego wieczora. W\u00a0szczeg\u00f3lno\u015bci kierowcy powinni uwa\u017ca\u0107 na trasach takich jak S6, Trasa Kaszubska oraz drogach wojew\u00f3dzkich i\u00a0powiatowych.<\/p>\n<p>Minister podkre\u015bli\u0142 zmienno\u015b\u0107 pogody i\u00a0apelowa\u0142 do podr\u00f3\u017cuj\u0105cych o\u00a0szczeg\u00f3ln\u0105 ostro\u017cno\u015b\u0107 .\u00a0&#8211;\u00a0S\u0142u\u017cby przygotowuj\u0105 si\u0119 do trudnej nocy, poniewa\u017c w\u00a0godzinach wieczornych &#8211;\u00a0wed\u0142ug prognoz IMGW &#8211;\u00a0b\u0119dzie trudna sytuacja w\u00a0zwi\u0105zku z\u00a0intensywnymi opadami oraz oblodzeniem dr\u00f3g &#8211;\u00a0m\u00f3wi\u0142 Klimczak. Prosi\u0142, aby, je\u015bli to mo\u017cliwe, zrezygnowa\u0107 z\u00a0podr\u00f3\u017cy.<\/p>\n<p>Dariusz Klimczak zaznaczy\u0142, \u017ce s\u0142u\u017cby s\u0105 w\u00a0pe\u0142ni gotowe na nadchodz\u0105ce wyzwania zwi\u0105zane z\u00a0pogod\u0105, ale podkre\u015bla\u0142 potrzeb\u0119 ostro\u017cno\u015bci. &#8211;\u00a0Ta sytuacja dynamicznie si\u0119 zmienia, przed nami tak\u017ce bardzo trudna cz\u0119\u015b\u0107 przysz\u0142ego tygodnia &#8211;\u00a0doda\u0142.<\/p>\n","protected":false},"excerpt":{"rendered":"Wideo ze\u00a0Stegny. Ludzie uciekali w\u00a0pop\u0142ochu S\u0142u\u017cby w\u00a0ca\u0142ej Polsce szykuj\u0105 si\u0119 na wyj\u0105tkowo trudn\u0105 noc ze wzgl\u0119du na prognozowane&hellip;\n","protected":false},"author":2,"featured_media":183922,"comment_status":"","ping_status":"","sticky":false,"template":"","format":"standard","meta":{"footnotes":""},"categories":[12],"tags":[32,33,36,37,27,34,35,28,31,25,42,38,40,39,41,29,30,26],"class_list":{"0":"post-183921","1":"post","2":"type-post","3":"status-publish","4":"format-standard","5":"has-post-thumbnail","7":"category-polska","8":"tag-breaking-news","9":"tag-breakingnews","10":"tag-featured-news","11":"tag-featurednews","12":"tag-headlines","13":"tag-latest-news","14":"tag-latestnews","15":"tag-naglowki","16":"tag-najwazniejsze-artykuly","17":"tag-news","18":"tag-pl","19":"tag-poland","20":"tag-polish","21":"tag-polska","22":"tag-polski","23":"tag-top-stories","24":"tag-topstories","25":"tag-wiadomosci"},"share_on_mastodon":{"url":"https:\/\/pubeurope.com\/@pl\/115826975191660247","error":""},"_links":{"self":[{"href":"https:\/\/www.europesays.com\/pl\/wp-json\/wp\/v2\/posts\/183921","targetHints":{"allow":["GET"]}}],"collection":[{"href":"https:\/\/www.europesays.com\/pl\/wp-json\/wp\/v2\/posts"}],"about":[{"href":"https:\/\/www.europesays.com\/pl\/wp-json\/wp\/v2\/types\/post"}],"author":[{"embeddable":true,"href":"https:\/\/www.europesays.com\/pl\/wp-json\/wp\/v2\/users\/2"}],"replies":[{"embeddable":true,"href":"https:\/\/www.europesays.com\/pl\/wp-json\/wp\/v2\/comments?post=183921"}],"version-history":[{"count":0,"href":"https:\/\/www.europesays.com\/pl\/wp-json\/wp\/v2\/posts\/183921\/revisions"}],"wp:featuredmedia":[{"embeddable":true,"href":"https:\/\/www.europesays.com\/pl\/wp-json\/wp\/v2\/media\/183922"}],"wp:attachment":[{"href":"https:\/\/www.europesays.com\/pl\/wp-json\/wp\/v2\/media?parent=183921"}],"wp:term":[{"taxonomy":"category","embeddable":true,"href":"https:\/\/www.europesays.com\/pl\/wp-json\/wp\/v2\/categories?post=183921"},{"taxonomy":"post_tag","embeddable":true,"href":"https:\/\/www.europesays.com\/pl\/wp-json\/wp\/v2\/tags?post=183921"}],"curies":[{"name":"wp","href":"https:\/\/api.w.org\/{rel}","templated":true}]}}