{"id":183943,"date":"2026-01-02T18:57:08","date_gmt":"2026-01-02T18:57:08","guid":{"rendered":"https:\/\/www.europesays.com\/pl\/183943\/"},"modified":"2026-01-02T18:57:08","modified_gmt":"2026-01-02T18:57:08","slug":"okienko-uzupelniajace-zamkniete-kto-pozostaje-bez-klubu-w-polsce","status":"publish","type":"post","link":"https:\/\/www.europesays.com\/pl\/183943\/","title":{"rendered":"Okienko uzupe\u0142niaj\u0105ce zamkni\u0119te. Kto pozostaje bez klubu w Polsce?"},"content":{"rendered":"\n<p class=\"contentpart contentpart--default contentpart--text\" data-position=\"0\">Fani czarnego sportu przyzwyczaili si\u0119 w ostatnich latach, \u017ce okienko transferowe otwiera\u0142o si\u0119 1 listopada i trwa\u0142o dwa tygodnie. Tym razem jednak ten zapis w regulaminie uleg\u0142 zmianom &#8211; kluby mia\u0142y czas na podpisywanie kontrakt\u00f3w od 16 do 20 listopada. Z kolei od 22 grudnia do ko\u0144ca roku przypada\u0142o tzw. okienko uzupe\u0142niaj\u0105ce.<\/p>\n<p class=\"contentpart contentpart--default contentpart--text\" data-position=\"1\">W tym okresie kontraktem warszawskim z W\u0142\u00f3kniarzem Cz\u0119stochowa zwi\u0105za\u0142 si\u0119 Matej Zagar, w Tarnowie umow\u0119 bez zobowi\u0105za\u0144 podpisa\u0142 Fraser Bowes, a w Grudzi\u0105dzu &#8211; Kacper \u0141obodzi\u0144ski. Okazuje si\u0119, \u017ce wci\u0105\u017c wielu zawodnik\u00f3w pozostaje do wzi\u0119cia &#8211; a cz\u0119\u015b\u0107 z nich nie zosta\u0142a nadal oficjalnie w \u017caden spos\u00f3b przedstawiona.<\/p>\n<p> <img role=\"presentation\" src=\"https:\/\/std.wpcdn.pl\/images\/adv\/placeholder_wp.svg\" loading=\"lazy\" alt=\"\" decoding=\"async\"\/>  <\/p>\n<p class=\"contentpart contentpart--default contentpart--text\" data-position=\"2\">ZOBACZ WIDEO: KL\u017b bez transmisji? Przewodnicz\u0105cy GKS\u017b m\u00f3wi wprost<\/p>\n<p class=\"contentpart contentpart--default contentpart--text\" data-position=\"4\">To grono otwiera z pewno\u015bci\u0105 <a href=\"https:\/\/sportowefakty.wp.pl\/zuzel\/nicki-pedersen\" rel=\"nofollow noopener\" target=\"_blank\">Nicki Pedersen<\/a>, kt\u00f3rego od wielu tygodni \u0142\u0105czy si\u0119 ze <a href=\"https:\/\/sportowefakty.wp.pl\/zuzel\/speedway-krakow\" rel=\"nofollow noopener\" target=\"_blank\">Speedway Krak\u00f3w<\/a>, ale wci\u0105\u017c nie ma wie\u015bci w sprawie jakichkolwiek konkret\u00f3w. W ekipie z Grodu Kraka maj\u0105 si\u0119 \u015bciga\u0107 r\u00f3wnie\u017c <a href=\"https:\/\/sportowefakty.wp.pl\/zuzel\/nicolai-klindt\" rel=\"nofollow noopener\" target=\"_blank\">Nicolai Klindt<\/a>, <a href=\"https:\/\/sportowefakty.wp.pl\/zuzel\/richard-lawson\" rel=\"nofollow noopener\" target=\"_blank\">Richard Lawson<\/a>\u00a0i\u00a0<a href=\"https:\/\/sportowefakty.wp.pl\/zuzel\/stanislaw-mielinczuk\" rel=\"nofollow noopener\" target=\"_blank\">Stanis\u0142aw Melnyczuk<\/a>. \u017beby tak si\u0119 sta\u0142o, to umowa musia\u0142a zosta\u0107 zawarta do ko\u0144ca zesz\u0142ego roku. W innym przypadku przysz\u0142oby im czeka\u0107 do maja.<\/p>\n<p class=\"contentpart contentpart--default contentpart--text\" data-position=\"5\">W zestawieniu zawodnik\u00f3w, kt\u00f3rych nigdzie do tej pory nie og\u0142oszono jest liczne grono Polak\u00f3w: <a href=\"https:\/\/sportowefakty.wp.pl\/zuzel\/mateusz-bartkowiak\" rel=\"nofollow noopener\" target=\"_blank\">Mateusz Bartkowiak<\/a>, <a href=\"https:\/\/sportowefakty.wp.pl\/zuzel\/olivier-buszkiewicz\" rel=\"nofollow noopener\" target=\"_blank\">Olivier Buszkiewicz<\/a>, <a href=\"https:\/\/sportowefakty.wp.pl\/zuzel\/piotr-swiercz\" rel=\"nofollow noopener\" target=\"_blank\">Piotr \u015awiercz<\/a>, <a href=\"https:\/\/sportowefakty.wp.pl\/zuzel\/pawel-miesiac\" rel=\"nofollow noopener\" target=\"_blank\">Pawe\u0142 Miesi\u0105c<\/a>, <a href=\"https:\/\/sportowefakty.wp.pl\/zuzel\/mateusz-dul\" rel=\"nofollow noopener\" target=\"_blank\">Mateusz Dul<\/a>,\u00a0<a href=\"https:\/\/sportowefakty.wp.pl\/zuzel\/artur-mroczka\" rel=\"nofollow noopener\" target=\"_blank\">Artur Mroczka<\/a>\u00a0czy\u00a0<a href=\"https:\/\/sportowefakty.wp.pl\/zuzel\/wiktor-rafalski\" rel=\"nofollow noopener\" target=\"_blank\">Wiktor Rafalski<\/a>.<\/p>\n<p class=\"contentpart contentpart--default contentpart--text\" data-position=\"6\">List\u0119 obcokrajowc\u00f3w otwiera <a href=\"https:\/\/sportowefakty.wp.pl\/zuzel\/kenneth-bjerre\" rel=\"nofollow noopener\" target=\"_blank\">Kenneth Bjerre<\/a>, kt\u00f3ry z pewno\u015bci\u0105 by\u0142by warto\u015bci\u0105 dodan\u0105 dla klub\u00f3w Krajowej Ligi \u017bu\u017clowej, ale on sam nie my\u015bla\u0142 o zej\u015bciu na ten szczebel rozgrywkowy. Zatrudnienia w Polsce &#8211; przynajmniej oficjalnie potwierdzonego &#8211; nie znale\u017ali tak\u017ce: <a href=\"https:\/\/sportowefakty.wp.pl\/zuzel\/jonas-seifert\" rel=\"nofollow noopener\" target=\"_blank\">Jonas Seifert-Salk<\/a>,\u00a0<a href=\"https:\/\/sportowefakty.wp.pl\/zuzel\/philip-hellstroem-bangs\" rel=\"nofollow noopener\" target=\"_blank\">Philip Hellstroem-Baengs<\/a>, <a href=\"https:\/\/sportowefakty.wp.pl\/zuzel\/jesse-mustonen\" rel=\"nofollow noopener\" target=\"_blank\">Jesse Mustonen<\/a>, <a href=\"https:\/\/sportowefakty.wp.pl\/zuzel\/victor-palovaara\" rel=\"nofollow noopener\" target=\"_blank\">Victor Palovaara<\/a>\u00a0czy <a href=\"https:\/\/sportowefakty.wp.pl\/zuzel\/martin-smolinski\" rel=\"nofollow noopener\" target=\"_blank\">Martin Smolinski<\/a>, a wi\u0119c kolejne postacie, kt\u00f3re \u015bciga\u0142y si\u0119 w polskich ligach w 2025 roku.<\/p>\n<p> <img role=\"presentation\" src=\"https:\/\/std.wpcdn.pl\/images\/adv\/placeholder_wp.svg\" loading=\"lazy\" alt=\"\" decoding=\"async\"\/>  <\/p>\n<p class=\"contentpart contentpart--default contentpart--text\" data-position=\"7\">Nie mo\u017cna zapomina\u0107 tak\u017ce o zawodnikach, kt\u00f3rzy pozostaj\u0105 &#8222;do wzi\u0119cia&#8221; w ramach wypo\u017cycze\u0144, bowiem w trakcie okienek transferowych podpisali umowy w kt\u00f3rym\u015b z klub\u00f3w. Opr\u00f3cz wymienionych ju\u017c wcze\u015bniej &#8211; <a href=\"https:\/\/sportowefakty.wp.pl\/zuzel\/matej-zagar\" rel=\"nofollow noopener\" target=\"_blank\">Mateja Zagara<\/a>, <a href=\"https:\/\/sportowefakty.wp.pl\/minizuzel\/kacper-lobodzinski\" rel=\"nofollow noopener\" target=\"_blank\">Kacpra \u0141obodzi\u0144skiego<\/a>\u00a0czy <a href=\"https:\/\/sportowefakty.wp.pl\/zuzel\/fraser-bowes\" rel=\"nofollow noopener\" target=\"_blank\">Frasera Bowesa<\/a>\u00a0uczynili to tak\u017ce: <a href=\"https:\/\/sportowefakty.wp.pl\/zuzel\/tomas-h-jonasson\" rel=\"nofollow noopener\" target=\"_blank\">Tomas H. Jonasson<\/a>\u00a0(Gorz\u00f3w), <a href=\"https:\/\/sportowefakty.wp.pl\/zuzel\/tomasz-gapinski\" rel=\"nofollow noopener\" target=\"_blank\">Tomasz Gapi\u0144ski<\/a>\u00a0(Ostr\u00f3w), <a href=\"https:\/\/sportowefakty.wp.pl\/zuzel\/josh-pickering\" rel=\"nofollow noopener\" target=\"_blank\">Josh Pickering<\/a>\u00a0(Gda\u0144sk), <a href=\"https:\/\/sportowefakty.wp.pl\/zuzel\/kevin-pedersen\" rel=\"nofollow noopener\" target=\"_blank\">Kevin Juhl Pedersen<\/a>, <a href=\"https:\/\/sportowefakty.wp.pl\/zuzel\/alex-acuna\" rel=\"nofollow noopener\" target=\"_blank\">Alex Acuna<\/a>\u00a0(obaj Gniezno), <a href=\"https:\/\/sportowefakty.wp.pl\/zuzel\/nick-morris\" rel=\"nofollow noopener\" target=\"_blank\">Nick Morris<\/a>, <a href=\"https:\/\/sportowefakty.wp.pl\/zuzel\/esben-hjerrild\" rel=\"nofollow noopener\" target=\"_blank\">Esben Hjerrild<\/a>\u00a0(obaj Dyneburg), <a href=\"https:\/\/sportowefakty.wp.pl\/zuzel\/mathias-thrnblom\" rel=\"nofollow noopener\" target=\"_blank\">Mathias Thoernblom<\/a>\u00a0(Opole), <a href=\"https:\/\/sportowefakty.wp.pl\/zuzel\/tomasz-orwat\" rel=\"nofollow noopener\" target=\"_blank\">Tomasz Orwat<\/a>, <a href=\"https:\/\/sportowefakty.wp.pl\/zuzel\/sebastian-koessler\" rel=\"nofollow noopener\" target=\"_blank\">Sebastian Koessler<\/a>\u00a0i <a href=\"https:\/\/sportowefakty.wp.pl\/zuzel\/luke-harrison\" rel=\"nofollow noopener\" target=\"_blank\">Luke Harrison<\/a>\u00a0(wszyscy w \u015awi\u0119toch\u0142owicach). Na telefony czeka tak\u017ce <a href=\"https:\/\/sportowefakty.wp.pl\/zuzel\/szymon-bandur\" rel=\"nofollow noopener\" target=\"_blank\">Szymon Ba\u0144dur<\/a>\u00a0z Cellfast Wilk\u00f3w Krosno.<\/p>\n","protected":false},"excerpt":{"rendered":"Fani czarnego sportu przyzwyczaili si\u0119 w ostatnich latach, \u017ce okienko transferowe otwiera\u0142o si\u0119 1 listopada i trwa\u0142o dwa&hellip;\n","protected":false},"author":2,"featured_media":183944,"comment_status":"","ping_status":"","sticky":false,"template":"","format":"standard","meta":{"footnotes":""},"categories":[24],"tags":[36093,36085,36095,9798,33247,978,36090,36086,36092,3404,36098,36089,25979,36081,36084,36096,979,36094,12606,14761,36082,36083,1334,36087,25981,42,38,40,39,41,36079,36097,14739,127,126,36080,36099,36091,20465,30148,36088,174],"class_list":{"0":"post-183943","1":"post","2":"type-post","3":"status-publish","4":"format-standard","5":"has-post-thumbnail","7":"category-sport","8":"tag-alex-acuna","9":"tag-artur-mroczka","10":"tag-esben-hjerrild","11":"tag-fraser-bowes","12":"tag-jesse-mustonen","13":"tag-josh-pickering","14":"tag-kacper-lobodzinski","15":"tag-kenneth-bjerre","16":"tag-kevin-juhl-pedersen","17":"tag-krajowa-liga-zuzlowa","18":"tag-luke-harrison","19":"tag-martin-smolinski","20":"tag-matej-zagar","21":"tag-mateusz-bartkowiak","22":"tag-mateusz-dul","23":"tag-mathias-thoernblom","24":"tag-metalkas-2-ekstraliga","25":"tag-nick-morris","26":"tag-nicki-pedersen","27":"tag-nicolai-klindt","28":"tag-olivier-buszkiewicz","29":"tag-pawel-miesiac","30":"tag-pge-ekstraliga","31":"tag-philip-hellstroem-baengs","32":"tag-piotr-swiercz","33":"tag-pl","34":"tag-poland","35":"tag-polish","36":"tag-polska","37":"tag-polski","38":"tag-richard-lawson","39":"tag-sebastian-koessler","40":"tag-speedway-krakow","41":"tag-sport","42":"tag-sports","43":"tag-stanislaw-melnyczuk","44":"tag-szymon-bandur","45":"tag-tomas-h-jonasson","46":"tag-tomasz-gapinski","47":"tag-tomasz-orwat","48":"tag-victor-palovaara","49":"tag-zuzel"},"share_on_mastodon":{"url":"","error":"Validation failed: Text character limit of 500 exceeded"},"_links":{"self":[{"href":"https:\/\/www.europesays.com\/pl\/wp-json\/wp\/v2\/posts\/183943","targetHints":{"allow":["GET"]}}],"collection":[{"href":"https:\/\/www.europesays.com\/pl\/wp-json\/wp\/v2\/posts"}],"about":[{"href":"https:\/\/www.europesays.com\/pl\/wp-json\/wp\/v2\/types\/post"}],"author":[{"embeddable":true,"href":"https:\/\/www.europesays.com\/pl\/wp-json\/wp\/v2\/users\/2"}],"replies":[{"embeddable":true,"href":"https:\/\/www.europesays.com\/pl\/wp-json\/wp\/v2\/comments?post=183943"}],"version-history":[{"count":0,"href":"https:\/\/www.europesays.com\/pl\/wp-json\/wp\/v2\/posts\/183943\/revisions"}],"wp:featuredmedia":[{"embeddable":true,"href":"https:\/\/www.europesays.com\/pl\/wp-json\/wp\/v2\/media\/183944"}],"wp:attachment":[{"href":"https:\/\/www.europesays.com\/pl\/wp-json\/wp\/v2\/media?parent=183943"}],"wp:term":[{"taxonomy":"category","embeddable":true,"href":"https:\/\/www.europesays.com\/pl\/wp-json\/wp\/v2\/categories?post=183943"},{"taxonomy":"post_tag","embeddable":true,"href":"https:\/\/www.europesays.com\/pl\/wp-json\/wp\/v2\/tags?post=183943"}],"curies":[{"name":"wp","href":"https:\/\/api.w.org\/{rel}","templated":true}]}}