{"id":184006,"date":"2026-01-02T19:36:09","date_gmt":"2026-01-02T19:36:09","guid":{"rendered":"https:\/\/www.europesays.com\/pl\/184006\/"},"modified":"2026-01-02T19:36:09","modified_gmt":"2026-01-02T19:36:09","slug":"cialo-kobiety-na-gorskim-szlaku-turysci-przegonili-pume","status":"publish","type":"post","link":"https:\/\/www.europesays.com\/pl\/184006\/","title":{"rendered":"Cia\u0142o kobiety na g\u00f3rskim szlaku. Tury\u015bci przegonili pum\u0119"},"content":{"rendered":"<p>W Kolorado dosz\u0142o do pierwszego od ponad 25 lat prawdopodobnego \u015bmiertelnego ataku pumy na cz\u0142owieka &#8211; poinformowa\u0142a agencja Reutera, powo\u0142uj\u0105c si\u0119 na lokalne w\u0142adze. Cia\u0142o kobiety znale\u017ali inni tury\u015bci na szlaku Crosier Mountain, na p\u00f3\u0142nocny wsch\u00f3d od Estes Park, w czwartek w po\u0142udnie.<\/p>\n<p>                         &#13;<br \/>\n        &#13;<\/p>\n<p>                                        &#13;<br \/>\n                        &#13;<br \/>\n                            <img decoding=\"async\" src=\"https:\/\/www.europesays.com\/pl\/wp-content\/uploads\/2026\/01\/000M5FYLPFXFCGB6-C123-F4.jpg\" title=\"Cia\u0142o kobiety na g\u00f3rskim szlaku. Prawdopodobnie dosz\u0142o do ataku pumy\" alt=\"Atak pumy w Kolorado. Pierwsza \u015bmiertelna ofiara od ponad 35 lat \/Shutterstock\" class=\"img-responsive\"\/>&#13;<\/p>\n<p>                            &#13;<\/p>\n<p>      &#13;<br \/>\n                            Atak pumy w Kolorado. Pierwsza \u015bmiertelna ofiara od ponad 35 lat&#13;<br \/>\n                                    \/Shutterstock  &#13;\n                                    <\/p>\n<p>&#13;<\/p>\n<ul class=\"bullet\">\n<li>Po wi\u0119cej aktualnych informacji zapraszamy do\u00a0<a href=\"https:\/\/www.rmf24.pl\/\" rel=\"nofollow noopener\" target=\"_blank\">RMF24.pl<\/a><\/li>\n<\/ul>\n<p>Wed\u0142ug relacji Colorado Parks and Wildlife (CPW) przy ciele kobiety znajdowa\u0142a si\u0119 puma, kt\u00f3r\u0105 inni w\u0119drowcy przep\u0119dzili, rzucaj\u0105c w ni\u0105 kamieniami. W\u015br\u00f3d turyst\u00f3w by\u0142 lekarz, kt\u00f3ry pr\u00f3bowa\u0142 udzieli\u0107 pomocy, jednak nie stwierdzi\u0142 t\u0119tna u poszkodowanej &#8211; przekaza\u0142a rzeczniczka CPW, Kara Van Hoose.<\/p>\n<p>Na miejsce przybyli funkcjonariusze CPW, kt\u00f3rzy zastrzelili dwie pumy znajduj\u0105ce si\u0119 w okolicy. Nie wiadomo, czy w ataku bra\u0142o udzia\u0142 jedno, czy wi\u0119cej zwierz\u0105t. W\u0142adze podejrzewaj\u0105 natomiast, \u017ce kobieta w\u0119drowa\u0142a samotnie.<\/p>\n<p>Ataki pum na ludzi w Kolorado s\u0105 rzadko\u015bci\u0105 &#8211; od 1990 roku zg\u0142oszono ich 28. Ostatni \u015bmiertelny przypadek mia\u0142 miejsce w 1999 roku.<\/p>\n<p>Patolodzy CPW przeprowadz\u0105 sekcj\u0119 zwierz\u0105t, by sprawdzi\u0107, czy nie by\u0142y chore na w\u015bcieklizn\u0119, ptasi\u0105 gryp\u0119 lub inne schorzenia, a tak\u017ce czy na ich cia\u0142ach znajduje si\u0119 DNA cz\u0142owieka. Zgodnie z polityk\u0105 CPW, ka\u017cda puma zaanga\u017cowana w atak na cz\u0142owieka musi zosta\u0107 u\u015bmiercona, by zapobiec kolejnym incydentom. Je\u015bli na \u017cadnym z zabitych zwierz\u0105t nie zostanie wykryte ludzkie DNA, poszukiwania b\u0119d\u0105 kontynuowane.<\/p>\n<p>To\u017csamo\u015b\u0107 ofiary oraz oficjaln\u0105 przyczyn\u0119 \u015bmierci poda koroner hrabstwa Larimer.<\/p>\n<p>Populacja pum w Kolorado jest stabilna i wed\u0142ug szacunk\u00f3w CPW wynosi od 3 800 do 4 400 doros\u0142ych osobnik\u00f3w. Dzi\u0119ki dzia\u0142aniom ochronnym gatunek ten zosta\u0142 uratowany przed wygini\u0119ciem, do kt\u00f3rego doprowadzi\u0142y polowania w latach 60. XX wieku.<\/p>\n<p>Pumy s\u0105 powszechne w rejonie Front Range, gdzie dosz\u0142o do tragedii. Zim\u0105 schodz\u0105 na ni\u017csze tereny w poszukiwaniu zwierzyny, co zwi\u0119ksza ryzyko spotka\u0144 z lud\u017ami.<\/p>\n","protected":false},"excerpt":{"rendered":"W Kolorado dosz\u0142o do pierwszego od ponad 25 lat prawdopodobnego \u015bmiertelnego ataku pumy na cz\u0142owieka &#8211; poinformowa\u0142a agencja&hellip;\n","protected":false},"author":2,"featured_media":184007,"comment_status":"","ping_status":"","sticky":false,"template":"","format":"standard","meta":{"footnotes":""},"categories":[14],"tags":[32,33,27,34,35,28,31,25,40,41,80,29,30,26,82,83,84],"class_list":{"0":"post-184006","1":"post","2":"type-post","3":"status-publish","4":"format-standard","5":"has-post-thumbnail","7":"category-swiat","8":"tag-breaking-news","9":"tag-breakingnews","10":"tag-headlines","11":"tag-latest-news","12":"tag-latestnews","13":"tag-naglowki","14":"tag-najwazniejsze-artykuly","15":"tag-news","16":"tag-polish","17":"tag-polski","18":"tag-swiat","19":"tag-top-stories","20":"tag-topstories","21":"tag-wiadomosci","22":"tag-world","23":"tag-world-news","24":"tag-worldnews"},"share_on_mastodon":{"url":"https:\/\/pubeurope.com\/@pl\/115827191590928025","error":""},"_links":{"self":[{"href":"https:\/\/www.europesays.com\/pl\/wp-json\/wp\/v2\/posts\/184006","targetHints":{"allow":["GET"]}}],"collection":[{"href":"https:\/\/www.europesays.com\/pl\/wp-json\/wp\/v2\/posts"}],"about":[{"href":"https:\/\/www.europesays.com\/pl\/wp-json\/wp\/v2\/types\/post"}],"author":[{"embeddable":true,"href":"https:\/\/www.europesays.com\/pl\/wp-json\/wp\/v2\/users\/2"}],"replies":[{"embeddable":true,"href":"https:\/\/www.europesays.com\/pl\/wp-json\/wp\/v2\/comments?post=184006"}],"version-history":[{"count":0,"href":"https:\/\/www.europesays.com\/pl\/wp-json\/wp\/v2\/posts\/184006\/revisions"}],"wp:featuredmedia":[{"embeddable":true,"href":"https:\/\/www.europesays.com\/pl\/wp-json\/wp\/v2\/media\/184007"}],"wp:attachment":[{"href":"https:\/\/www.europesays.com\/pl\/wp-json\/wp\/v2\/media?parent=184006"}],"wp:term":[{"taxonomy":"category","embeddable":true,"href":"https:\/\/www.europesays.com\/pl\/wp-json\/wp\/v2\/categories?post=184006"},{"taxonomy":"post_tag","embeddable":true,"href":"https:\/\/www.europesays.com\/pl\/wp-json\/wp\/v2\/tags?post=184006"}],"curies":[{"name":"wp","href":"https:\/\/api.w.org\/{rel}","templated":true}]}}