{"id":184008,"date":"2026-01-02T19:37:09","date_gmt":"2026-01-02T19:37:09","guid":{"rendered":"https:\/\/www.europesays.com\/pl\/184008\/"},"modified":"2026-01-02T19:37:09","modified_gmt":"2026-01-02T19:37:09","slug":"tauron-wyremontuje-wazna-zapore-wodna-podpisano-umowe-za-93-mln-zl","status":"publish","type":"post","link":"https:\/\/www.europesays.com\/pl\/184008\/","title":{"rendered":"Tauron wyremontuje wa\u017cn\u0105 zapor\u0119 wodn\u0105. Podpisano umow\u0119 za 93 mln z\u0142"},"content":{"rendered":"<p>W tym artykule piszemy o:<\/p>\n<p>\t<a href=\"https:\/\/www.trends.eecpoland.eu\/pl\/\" target=\"_blank\" class=\"eec-promo-banner\" slot=\"banner-0\" rel=\"nofollow noopener\"><\/p>\n<p>\t                Wielow\u0105tkowa, intensywna debata o polskiej gospodarce w gronie przedstawicieli \u015bwiata biznesu, polityki oraz nauki i \u015brodowiska eksperckiego odb\u0119dzie si\u0119 9 lutego 2026 r. w Warszawie. Zapraszamy na EEC Trends. Rejestracja dost\u0119pna na stronie wydarzenia.<\/p>\n<p>\t<\/a><\/p>\n<p><a href=\"http:\/\/www.wnp.pl\/tematy\/tauron-ekoenergia,25091.html\" rel=\"nofollow noopener\" target=\"_blank\">Tauron Ekoenergia<\/a>, sp\u00f3\u0142ka zarz\u0105dzaj\u0105ca elektrowniami wodnymi grupy Tauron zawar\u0142a umow\u0119 na remont zapory w Pilchowicach na rzece B\u00f3br.<\/p>\n<p>Zakres prac obejmuje realizacj\u0119 dzia\u0142a\u0144 w obr\u0119bie zapory i zbiornika. Stan techniczny obiektu zostanie odtworzony poprzez remont cz\u0119\u015bci hydrotechnicznej, mechanicznej, budowlanej i elektrycznej.<\/p>\n<p>Inwestycja nietypowa, wymagaj\u0105ca i pe\u0142na wyzwa\u0144<\/p>\n<p>Umowa zabezpiecza r\u00f3wnie\u017c mo\u017cliwo\u015b\u0107 przeprowadzenia rozszerzonego wariantu remontu, co w konsekwencji pozwoli na zwi\u0119kszenie przepustowo\u015bci stopnia wodnego. Decyzja w tej sprawie zostanie podj\u0119ta najp\u00f3\u017aniej na prze\u0142omie maja\/czerwca 2026r.<\/p>\n<p>&#8211; Przed nami inwestycja nietypowa, wymagaj\u0105ca i pe\u0142na wyzwa\u0144, ale r\u00f3wnie\u017c konieczna, a przede wszystkim oczekiwana szczeg\u00f3lnie przez spo\u0142eczno\u015b\u0107, kt\u00f3r\u0105 zapora chroni przed wielka wod\u0105. To wsparcie spo\u0142eczne dla planowanego remontu jest dla nas bardzo wa\u017cne. Mamy \u015bwiadomo\u015b\u0107, \u017ce najbli\u017csze dwa lata dla s\u0105siad\u00f3w naszej zapory to r\u00f3wnie\u017c czas niedogodno\u015bci zwi\u0105zanych z prowadzonymi pracami. Tym bardziej doceniamy zrozumienie okazywane dla zaistnia\u0142ej sytuacji oraz przedk\u0142adanie bezpiecze\u0144stwa i dobra mieszka\u0144c\u00f3w tej cz\u0119\u015bci Dolnego \u015al\u0105ska nad czasowe niedogodno\u015bci &#8211; m\u00f3wi S\u0142awomir Czuchrij, prezes Tauron Ekoenergia.<\/p>\n<p>Okres realizacji umowy wynosi 24 miesi\u0105ce, a harmonogram zak\u0142ada prace przy r\u00f3\u017cnym stopniu nape\u0142nienia zbiornika. Pierwszy etap to dzia\u0142ania w zakresie organizacji placu budowy i remontu element\u00f3w budowli, kt\u00f3re mo\u017cna wykonywa\u0107 przy nape\u0142nionym zbiorniku.<\/p>\n<p>Ochrona przeciwpowodziowa g\u0142\u00f3wnym zadaniem obiektu<\/p>\n<p>G\u0142\u00f3wne zadanie zapory, kt\u00f3rym jest ochrona przeciwpowodziowa, b\u0119dzie realizowane przez ca\u0142y okres trwania remontu. To mo\u017cliwe dzi\u0119ki odpowiednio dobranej kolejno\u015bci etap\u00f3w prac. Odczuwalne zmiany dla mieszka\u0144c\u00f3w regionu b\u0119d\u0105 polega\u0142y na: zamkni\u0119ciu drogi przebiegaj\u0105cej przez koron\u0119 zapory (od lutego 2026 r.); konieczno\u015bci korzystania z objazd\u00f3w przez miejscowo\u015b\u0107 Pokrzywnik (od lutego 2026 do ko\u0144ca realizacji prac, tj. przez okres dw\u00f3ch lat) oraz spuszczeniu wody ze zbiornika (planowane rozpocz\u0119cie spuszczania wody od maja 2026r.).<\/p>\n<p>Zgodnie z przyj\u0119tym harmonogramem prace na obiekcie rozpoczn\u0105 si\u0119 w styczniu 2026 r.<\/p>\n<p>Na potrzeby bie\u017c\u0105cej informacji do mieszka\u0144c\u00f3w i lokalnych interesariuszy, Tauron uruchomi\u0142 Grup\u0119 na platformie Facebook pod nazw\u0105 Remont Zapory w Pilchowicach. To tutaj wszyscy zainteresowani znajd\u0105 naj\u015bwie\u017csze informacje na temat bie\u017c\u0105cych etap\u00f3w prac i przej\u015bciowych utrudnie\u0144 zwi\u0105zanych w prowadzonym remontem.<\/p>\n<p>    \u00a9<\/p>\n<p>        Materia\u0142 chroniony prawem autorskim &#8211; zasady przedruk\u00f3w okre\u015bla<br \/>\n        <a href=\"https:\/\/www.wnp.pl\/korzystanie-z-serwisu\/\" rel=\"nofollow noopener\" target=\"_blank\">regulamin<\/a><\/p>\n","protected":false},"excerpt":{"rendered":"W tym artykule piszemy o: Wielow\u0105tkowa, intensywna debata o polskiej gospodarce w gronie przedstawicieli \u015bwiata biznesu, polityki oraz&hellip;\n","protected":false},"author":2,"featured_media":184009,"comment_status":"","ping_status":"","sticky":false,"template":"","format":"standard","meta":{"footnotes":""},"categories":[12],"tags":[32,33,36,37,27,34,35,28,31,25,42,38,40,39,41,29,30,26],"class_list":{"0":"post-184008","1":"post","2":"type-post","3":"status-publish","4":"format-standard","5":"has-post-thumbnail","7":"category-polska","8":"tag-breaking-news","9":"tag-breakingnews","10":"tag-featured-news","11":"tag-featurednews","12":"tag-headlines","13":"tag-latest-news","14":"tag-latestnews","15":"tag-naglowki","16":"tag-najwazniejsze-artykuly","17":"tag-news","18":"tag-pl","19":"tag-poland","20":"tag-polish","21":"tag-polska","22":"tag-polski","23":"tag-top-stories","24":"tag-topstories","25":"tag-wiadomosci"},"share_on_mastodon":{"url":"https:\/\/pubeurope.com\/@pl\/115827195463913569","error":""},"_links":{"self":[{"href":"https:\/\/www.europesays.com\/pl\/wp-json\/wp\/v2\/posts\/184008","targetHints":{"allow":["GET"]}}],"collection":[{"href":"https:\/\/www.europesays.com\/pl\/wp-json\/wp\/v2\/posts"}],"about":[{"href":"https:\/\/www.europesays.com\/pl\/wp-json\/wp\/v2\/types\/post"}],"author":[{"embeddable":true,"href":"https:\/\/www.europesays.com\/pl\/wp-json\/wp\/v2\/users\/2"}],"replies":[{"embeddable":true,"href":"https:\/\/www.europesays.com\/pl\/wp-json\/wp\/v2\/comments?post=184008"}],"version-history":[{"count":0,"href":"https:\/\/www.europesays.com\/pl\/wp-json\/wp\/v2\/posts\/184008\/revisions"}],"wp:featuredmedia":[{"embeddable":true,"href":"https:\/\/www.europesays.com\/pl\/wp-json\/wp\/v2\/media\/184009"}],"wp:attachment":[{"href":"https:\/\/www.europesays.com\/pl\/wp-json\/wp\/v2\/media?parent=184008"}],"wp:term":[{"taxonomy":"category","embeddable":true,"href":"https:\/\/www.europesays.com\/pl\/wp-json\/wp\/v2\/categories?post=184008"},{"taxonomy":"post_tag","embeddable":true,"href":"https:\/\/www.europesays.com\/pl\/wp-json\/wp\/v2\/tags?post=184008"}],"curies":[{"name":"wp","href":"https:\/\/api.w.org\/{rel}","templated":true}]}}