{"id":184042,"date":"2026-01-02T19:55:12","date_gmt":"2026-01-02T19:55:12","guid":{"rendered":"https:\/\/www.europesays.com\/pl\/184042\/"},"modified":"2026-01-02T19:55:12","modified_gmt":"2026-01-02T19:55:12","slug":"kompaktowy-projektor-samsunga-w-nowej-odslonie-oto-the-freestyle","status":"publish","type":"post","link":"https:\/\/www.europesays.com\/pl\/184042\/","title":{"rendered":"Kompaktowy projektor Samsunga w nowej ods\u0142onie \u2013 oto The Freestyle+"},"content":{"rendered":"<p>Samsung zaanonsowa\u0142 now\u0105 wersj\u0119 przeno\u015bnego projektora. The Freestyle+ zaoferuje funkcje oparte na sztucznej inteligencji, a przy tym zachowa sw\u00f3j kompaktowy design. Ulepsze\u0144 jest jeszcze wi\u0119cej.<\/p>\n<p>Nowy projektor Samsunga zyska\u0142 jeszcze wi\u0119cej inteligencji<\/p>\n<p>Do grona przeno\u015bnych projektor\u00f3w do\u0142\u0105cza Samsung The Freestyle+. Najnowsza ods\u0142ona urz\u0105dzenia zosta\u0142a wyposa\u017cona w technologi\u0119 optymalizacji AI OptiScreen, opart\u0105 na sztucznej inteligencji. Dzi\u0119ki niej obraz ma automatycznie dostosowywa\u0107 si\u0119 do danej przestrzeni, a zadaniem u\u017cytkownika b\u0119dzie wy\u0142\u0105cznie uruchomienie i ustawienie urz\u0105dzenia.<\/p>\n<p>Rozwi\u0105zanie to obejmuje cztery funkcje, w tym:<\/p>\n<ul class=\"wp-block-list\">\n<li>3D Auto Keystone \u2013 koryguj\u0105ca zniekszta\u0142cenia, gdy powierzchnia, na kt\u00f3rej wy\u015bwietlany jest obraz, jest nier\u00f3wna,<\/li>\n<li>Real-time Focus \u2013 reguluj\u0105ca ostro\u015b\u0107 w czasie ruchu lub obrotu projektora,<\/li>\n<li>Screen Fit \u2013 odpowiedzialna za dopasowanie obrazu do powierzchni ekranu (je\u015bli jest u\u017cywany),<\/li>\n<li>Kalibracja \u015bciany \u2013 system analizuje kolor i wz\u00f3r powierzchni projekcyjnej, a nast\u0119pnie minimalizuje zak\u0142\u00f3cenia.<\/li>\n<\/ul>\n<p>Po\u0142udniowokorea\u0144ski producent wspomina r\u00f3wnie\u017c, \u017ce wszystkie te funkcje wspierane s\u0105 platform\u0105 sztucznej inteligencji Vision AI Companion. Dzi\u0119ki niej wszelkie urz\u0105dzenia ekranowe maj\u0105 by\u0107 lepiej zintegrowane z asystentem Bixby oraz globalnymi us\u0142ugami AI.<\/p>\n<p><a href=\"https:\/\/www.europesays.com\/pl\/wp-content\/uploads\/2026\/01\/przenosny-projektor-samsung-the-freestyle-plus-ces-2026-1-1.jpg\"><img width=\"1000\" height=\"750\" src=\"https:\/\/www.europesays.com\/pl\/wp-content\/uploads\/2026\/01\/przenosny-projektor-samsung-the-freestyle-plus-ces-2026-1-1.jpg\" alt=\"Projektor Samsung The Freestyle+, CES 2026\" class=\"wp-image-1027039\" decoding=\"async\" loading=\"lazy\"\/><\/a>The Freestyle+ (\u017ar\u00f3d\u0142o: Samsung)<\/p>\n<p>Co jeszcze oferuje przeno\u015bny projektor The Freestyle+?<\/p>\n<p>Samsung The Freestyle+ nadal zachowa\u0142 swoj\u0105 cylindryczn\u0105 i kompaktow\u0105 form\u0119. Konstrukcja obraca si\u0119 w 180 stopniach, dzi\u0119ki czemu u\u017cytkownik mo\u017ce j\u0105 ustawi\u0107 pod niemal\u017ce dowolnym k\u0105tem i wy\u015bwietla\u0107 obraz na jakiejkolwiek powierzchni. Ponadto sprz\u0119t ten nie wymaga dodatkowych akcesori\u00f3w czy uchwyt\u00f3w, aby bezpiecznie go ustawi\u0107.<\/p>\n<p>Jasno\u015b\u0107 projektora si\u0119ga 430 lumen\u00f3w \u2013 jak <a href=\"https:\/\/news.samsung.com\/global\/samsung-unveils-the-freestyle-ahead-of-ces-2026-showcasing-a-smarter-ai-portable-screen\" target=\"_blank\" rel=\"noopener nofollow\">podkre\u015bla<\/a> producent \u2013 jest to prawie dwukrotnie wi\u0119cej w por\u00f3wnaniu do poprzedniej generacji. Przypomn\u0119, \u017ce <a href=\"https:\/\/www.tabletowo.pl\/samsung-the-freestyle-gen-2-premiera-specyfikacja\/\" rel=\"nofollow noopener\" target=\"_blank\">Samsung The Freestyle Gen. 2 zadebiutowa\u0142 w Polsce na pocz\u0105tku wrze\u015bnia 2023 roku<\/a> i oferuje jasno\u015b\u0107 na poziomie 230 lumen\u00f3w.<\/p>\n<p>W modelu The Freestyle+ na uwag\u0119 zas\u0142uguje te\u017c system d\u017awi\u0119kowy. Po\u0142udniowokorea\u0144ska marka zdecydowa\u0142a si\u0119 na g\u0142o\u015bnik 360 stopni, zintegrowany z technologi\u0105 Q-Symphony i kompatybilny z <a href=\"https:\/\/www.tabletowo.pl\/samsung-ces-2026-glosniki-soundbary\/\" rel=\"nofollow noopener\" target=\"_blank\">soundbarami Samsunga<\/a>. Sprz\u0119t otrzyma\u0142 r\u00f3wnie\u017c wbudowany dost\u0119p do Samsung TV Plus oraz Samsung Gaming Hub.<\/p>\n<p>Nowy przeno\u015bny projektor The Freestyle+ ma by\u0107 wdra\u017cany na globalnym rynku w pierwszej po\u0142owie 2026 roku.<\/p>\n","protected":false},"excerpt":{"rendered":"Samsung zaanonsowa\u0142 now\u0105 wersj\u0119 przeno\u015bnego projektora. The Freestyle+ zaoferuje funkcje oparte na sztucznej inteligencji, a przy tym zachowa&hellip;\n","protected":false},"author":2,"featured_media":184043,"comment_status":"","ping_status":"","sticky":false,"template":"","format":"standard","meta":{"footnotes":""},"categories":[20],"tags":[120,118,119,42,38,40,39,41,116,114,115,121,117],"class_list":{"0":"post-184042","1":"post","2":"type-post","3":"status-publish","4":"format-standard","5":"has-post-thumbnail","7":"category-nauka-i-technika","8":"tag-nauka","9":"tag-nauka-i-technika","10":"tag-naukatechnika","11":"tag-pl","12":"tag-poland","13":"tag-polish","14":"tag-polska","15":"tag-polski","16":"tag-science","17":"tag-science-and-technology","18":"tag-sciencetechnology","19":"tag-technika","20":"tag-technology"},"share_on_mastodon":{"url":"https:\/\/pubeurope.com\/@pl\/115827266294017187","error":""},"_links":{"self":[{"href":"https:\/\/www.europesays.com\/pl\/wp-json\/wp\/v2\/posts\/184042","targetHints":{"allow":["GET"]}}],"collection":[{"href":"https:\/\/www.europesays.com\/pl\/wp-json\/wp\/v2\/posts"}],"about":[{"href":"https:\/\/www.europesays.com\/pl\/wp-json\/wp\/v2\/types\/post"}],"author":[{"embeddable":true,"href":"https:\/\/www.europesays.com\/pl\/wp-json\/wp\/v2\/users\/2"}],"replies":[{"embeddable":true,"href":"https:\/\/www.europesays.com\/pl\/wp-json\/wp\/v2\/comments?post=184042"}],"version-history":[{"count":0,"href":"https:\/\/www.europesays.com\/pl\/wp-json\/wp\/v2\/posts\/184042\/revisions"}],"wp:featuredmedia":[{"embeddable":true,"href":"https:\/\/www.europesays.com\/pl\/wp-json\/wp\/v2\/media\/184043"}],"wp:attachment":[{"href":"https:\/\/www.europesays.com\/pl\/wp-json\/wp\/v2\/media?parent=184042"}],"wp:term":[{"taxonomy":"category","embeddable":true,"href":"https:\/\/www.europesays.com\/pl\/wp-json\/wp\/v2\/categories?post=184042"},{"taxonomy":"post_tag","embeddable":true,"href":"https:\/\/www.europesays.com\/pl\/wp-json\/wp\/v2\/tags?post=184042"}],"curies":[{"name":"wp","href":"https:\/\/api.w.org\/{rel}","templated":true}]}}