{"id":184114,"date":"2026-01-02T20:32:04","date_gmt":"2026-01-02T20:32:04","guid":{"rendered":"https:\/\/www.europesays.com\/pl\/184114\/"},"modified":"2026-01-02T20:32:04","modified_gmt":"2026-01-02T20:32:04","slug":"bulgarskie-euro-wyjatkowe-w-calej-strefie-unikalny-napis-na-krawedzi","status":"publish","type":"post","link":"https:\/\/www.europesays.com\/pl\/184114\/","title":{"rendered":"Bu\u0142garskie euro wyj\u0105tkowe w ca\u0142ej strefie. Unikalny napis na kraw\u0119dzi"},"content":{"rendered":"<p class=\"Paragraph_desktopParagraph__U31Gm\">Bu\u0142garia spe\u0142ni\u0142a wszystkie kryteria konwergencji oraz formalne wymogi cz\u0142onkostwa w mechanizmie kursowym ERM II, a w lipcu 2025 r. Rada Unii Europejskiej przyj\u0119\u0142a akt umo\u017cliwiaj\u0105cy wprowadzenie wsp\u00f3lnej waluty z dniem 1 stycznia 2026 r. przy kursie sta\u0142ym 1,95583 lewa za 1 euro.<\/p>\n<p>Chrze\u015bcija\u0144skie odniesienia na bu\u0142garskich euro <\/p>\n<p class=\"Paragraph_desktopParagraph__U31Gm\">Jednym z wyj\u0105tkowych element\u00f3w bu\u0142garskiego przyst\u0105pienia do strefy euro s\u0105 projekty narodowych stron nowych monet, kt\u00f3re zosta\u0142y oficjalnie zatwierdzone przez Bu\u0142garski Bank Narodowy (BNB) i Komisj\u0119 Europejsk\u0105. Bu\u0142garia zdecydowa\u0142a si\u0119 na projekty silnie zakorzenione w historii, kulturze i religii.<\/p>\n<ul class=\"OchatFollowUps_wrapper__1ry7X\">\n<li class=\"OchatFollowUps_item__Dhyly OchatFollowUps_itemDesktop__R6aBv\">Kiedy Bu\u0142garia wprowadzi\u0142a euro?<\/li>\n<li class=\"OchatFollowUps_item__Dhyly OchatFollowUps_itemDesktop__R6aBv\">Jakie motywy znajduj\u0105 si\u0119 na bu\u0142garskich monetach euro?<\/li>\n<li class=\"OchatFollowUps_item__Dhyly OchatFollowUps_itemDesktop__R6aBv\">Co oznacza napis na kraw\u0119dzi monet 2 euro?<\/li>\n<li class=\"OchatFollowUps_item__Dhyly OchatFollowUps_itemDesktop__R6aBv\">Dlaczego bu\u0142garskie euro jest wyj\u0105tkowe w strefie euro?<\/li>\n<\/ul>\n<p class=\"Paragraph_desktopParagraph__U31Gm\">Na monetach o nominale 1 euro widnieje wizerunek \u015bw. Jana Rilskiego \u2014 patrona Bu\u0142garii i za\u0142o\u017cyciela s\u0142ynnego klasztoru w Rili, najwi\u0119kszego monastycznego kompleksu kraju, wa\u017cnego centrum duchowo\u015bci. Na monetach 2 euro znajduje si\u0119 Paisiusz Chilendarski, mnich uwa\u017cany za pierwszego historyka swojego narodu i pioniera bu\u0142garskiego odrodzenia narodowego w XVIII w.<\/p>\n<p class=\"Paragraph_desktopParagraph__U31Gm\">Ponadto strony mniejszych nominalnie monet (1, 2, 5, 10, 20 i 50 cent\u00f3w) zdobi Madarska Jazda (Madara Rider) \u2014 relief z VIII w., wpisany na list\u0119 \u015bwiatowego dziedzictwa UNESCO, przedstawiaj\u0105cy je\u017ad\u017aca triumfuj\u0105cego nad lwem, symbolizuj\u0105cy narodowe dziedzictwo Bu\u0142garii.<\/p>\n<p class=\"Paragraph_desktopParagraph__U31Gm\">Unikalnym detalem jest umieszczenie na kraw\u0119dzi dwueur\u00f3wek napisu &#8222;\u0411\u041e\u0416\u0415 \u041f\u0410\u0417\u0418 \u0411\u042a\u041b\u0413\u0410\u0420\u0418\u042f&#8221; (&#8222;Bo\u017ce, chro\u0144 Bu\u0142gari\u0119&#8221;), co czyni je wyj\u0105tkowymi w ca\u0142ej strefie euro i podkre\u015bla religijny charakter symboliki na narodowej stronie monety.<\/p>\n<p class=\"Paragraph_desktopParagraph__U31Gm\">Bu\u0142garia jest pierwszym pa\u0144stwem cz\u0142onkowskim euro, kt\u00f3re w codziennym obiegu monetarnym mo\u017ce pochwali\u0107 si\u0119 wykorzystaniem wizerunk\u00f3w \u015bwi\u0119tych i bezpo\u015brednich chrze\u015bcija\u0144skich odniesie\u0144 na swoich monetach euro. Na pocz\u0105tku lutego 2024 r. Rada Unii Europejskiej zatwierdzi\u0142a wzory monet po tym, jak nie otrzymano \u017cadnych sprzeciw\u00f3w od pa\u0144stw cz\u0142onkowskich UE w strefie euro. W przesz\u0142o\u015bci motywy chrze\u015bcija\u0144skie pojawia\u0142y si\u0119 na monetach okoliczno\u015bciowych (np. Watykan wyemitowa\u0142 monet\u0119 o nominale 2 euro z pos\u0105giem Chrystusa, z okazji \u015awiatowych Dni M\u0142odzie\u017cy w Rio de Janeiro w 2013 r.), ale w niekt\u00f3rych przypadkach spotka\u0142y si\u0119 one z zastrze\u017ceniami.<\/p>\n","protected":false},"excerpt":{"rendered":"Bu\u0142garia spe\u0142ni\u0142a wszystkie kryteria konwergencji oraz formalne wymogi cz\u0142onkostwa w mechanizmie kursowym ERM II, a w lipcu 2025&hellip;\n","protected":false},"author":2,"featured_media":184115,"comment_status":"","ping_status":"","sticky":false,"template":"","format":"standard","meta":{"footnotes":""},"categories":[14],"tags":[1009,32,33,244,105,27,11458,34,35,28,31,53,25,52,68,51,55,40,41,47,80,29,30,50,26,82,83,84],"class_list":{"0":"post-184114","1":"post","2":"type-post","3":"status-publish","4":"format-standard","5":"has-post-thumbnail","7":"category-swiat","8":"tag-anejus","9":"tag-breaking-news","10":"tag-breakingnews","11":"tag-ctr_tst","12":"tag-ekonomia","13":"tag-headlines","14":"tag-kai","15":"tag-latest-news","16":"tag-latestnews","17":"tag-naglowki","18":"tag-najwazniejsze-artykuly","19":"tag-new_header","20":"tag-news","21":"tag-onet3","22":"tag-onet3d","23":"tag-onet3d_2i","24":"tag-phx","25":"tag-polish","26":"tag-polski","27":"tag-screening_general","28":"tag-swiat","29":"tag-top-stories","30":"tag-topstories","31":"tag-v2021","32":"tag-wiadomosci","33":"tag-world","34":"tag-world-news","35":"tag-worldnews"},"share_on_mastodon":{"url":"","error":""},"_links":{"self":[{"href":"https:\/\/www.europesays.com\/pl\/wp-json\/wp\/v2\/posts\/184114","targetHints":{"allow":["GET"]}}],"collection":[{"href":"https:\/\/www.europesays.com\/pl\/wp-json\/wp\/v2\/posts"}],"about":[{"href":"https:\/\/www.europesays.com\/pl\/wp-json\/wp\/v2\/types\/post"}],"author":[{"embeddable":true,"href":"https:\/\/www.europesays.com\/pl\/wp-json\/wp\/v2\/users\/2"}],"replies":[{"embeddable":true,"href":"https:\/\/www.europesays.com\/pl\/wp-json\/wp\/v2\/comments?post=184114"}],"version-history":[{"count":0,"href":"https:\/\/www.europesays.com\/pl\/wp-json\/wp\/v2\/posts\/184114\/revisions"}],"wp:featuredmedia":[{"embeddable":true,"href":"https:\/\/www.europesays.com\/pl\/wp-json\/wp\/v2\/media\/184115"}],"wp:attachment":[{"href":"https:\/\/www.europesays.com\/pl\/wp-json\/wp\/v2\/media?parent=184114"}],"wp:term":[{"taxonomy":"category","embeddable":true,"href":"https:\/\/www.europesays.com\/pl\/wp-json\/wp\/v2\/categories?post=184114"},{"taxonomy":"post_tag","embeddable":true,"href":"https:\/\/www.europesays.com\/pl\/wp-json\/wp\/v2\/tags?post=184114"}],"curies":[{"name":"wp","href":"https:\/\/api.w.org\/{rel}","templated":true}]}}