{"id":184158,"date":"2026-01-02T20:55:12","date_gmt":"2026-01-02T20:55:12","guid":{"rendered":"https:\/\/www.europesays.com\/pl\/184158\/"},"modified":"2026-01-02T20:55:12","modified_gmt":"2026-01-02T20:55:12","slug":"zamordowany-w-gizycku-taksowkarz-byl-wzorem-mieszkancy-ruszyli-na-ratunek-jego-psu","status":"publish","type":"post","link":"https:\/\/www.europesays.com\/pl\/184158\/","title":{"rendered":"Zamordowany w Gi\u017cycku taks\u00f3wkarz by\u0142 wzorem. Mieszka\u0144cy ruszyli na ratunek jego psu"},"content":{"rendered":"<p class=\"article-p\" data-section=\"detail-body\">W noc sylwestrow\u0105 tu\u017c po godzinie 21, mieszka\u0144cy Gi\u017cycka zaalarmowali s\u0142u\u017cby o podejrzanym zachowaniu kierowcy taks\u00f3wki. Wed\u0142ug zg\u0142oszenia pojazd porusza\u0142 si\u0119 w spos\u00f3b, mog\u0105cy wskazywa\u0107, \u017ce kierowca jest pod wp\u0142ywem alkoholu.<\/p>\n<p class=\"article-p\" data-section=\"detail-body\">Po zatrzymaniu samochodu \u015bwiadkowie zauwa\u017cyli, \u017ce 78-letni taks\u00f3wkarz by\u0142 zakrwawiony i mia\u0142 liczne rany. Na miejsce natychmiast wezwano policj\u0119, jednak obra\u017cenia okaza\u0142y si\u0119 na tyle powa\u017cne, \u017ce m\u0119\u017cczyzna zmar\u0142.<\/p>\n<p class=\"article-p\" data-section=\"detail-body\">Policjanci szybko namierzyli 37-letniego Mateusza G. By\u0142 nietrze\u017awy \u2013 badanie wykaza\u0142o prawie promil alkoholu w organizmie. W miejscu zatrzymania funkcjonariusze zabezpieczyli r\u00f3wnie\u017c n\u00f3\u017c, kt\u00f3ry m\u00f3g\u0142 zosta\u0107 u\u017cyty podczas ataku.<\/p>\n<p class=\"article-p\" data-section=\"detail-body\">Zatrzymany zosta\u0142 przewieziony do policyjnego aresztu. W pi\u0105tek 2 stycznia zostanie dowieziony do prokuratury.<\/p>\n<p>        Zamordowany taks\u00f3wkarz z Gi\u017cycka. S\u0105siedzi pokazali prawdziw\u0105 solidarno\u015b\u0107<\/p>\n<p class=\"article-p\" data-section=\"detail-body\">Zamordowany taks\u00f3wkarz by\u0142 znan\u0105 postaci\u0105 w mie\u015bcie. \u2014 Je\u017adzi\u0142 taks\u00f3wk\u0105 od 1982 r. To on za\u0142o\u017cy\u0142 pierwsze radio taxi w Gi\u017cycku w 1996 r. \u2014 m\u00f3wi &#8222;Faktowi&#8221; jeden z jego koleg\u00f3w z bran\u017cy. Cho\u0107 by\u0142 ju\u017c na emeryturze, z powodu niskich \u015bwiadcze\u0144 dorabia\u0142 jako kierowca. Noc sylwestrowa, ze wzgl\u0119du na du\u017ce zapotrzebowanie na kursy by\u0142a jednym z tych dni, w kt\u00f3re decydowa\u0142 si\u0119 pracowa\u0107.<\/p>\n<p class=\"article-p\" data-section=\"detail-body\">Znajomi pana Leszka podkre\u015blaj\u0105, \u017ce by\u0142 wzorem s\u0105siedzkiej pomocy. \u2014 Pan Leszek by\u0142 super cz\u0142owiekiem. Nigdy nie odmawia\u0142 pomocy. Par\u0119 razy pom\u00f3g\u0142 mi w uruchomieniu samochodu i nigdy nie wzi\u0105\u0142 za to ani grosza \u2014 m\u00f3wi o swoim s\u0105siedzie pan Ireneusz, z kt\u00f3rym wsp\u00f3lnie wychodzili na spacery z psami.<\/p>\n<p>        Gi\u017cycko po \u015bmierci taks\u00f3wkarza. Pies znalaz\u0142 opiek\u0119 dzi\u0119ki s\u0105siadom<\/p>\n<p class=\"article-p\" data-section=\"detail-body\">Dzi\u0119ki interwencji stra\u017cy miejskiej i pomocy partnerki pana Leszka, kt\u00f3ra przynios\u0142a klucze do mieszkania, uda\u0142o si\u0119 wej\u015b\u0107 do mieszkania, w kt\u00f3rym \u017cy\u0142 78-latek. \u2014 Robi\u0142em wszystko, \u017ceby dosta\u0107 si\u0119 do psa. Ca\u0142y czas szczeka\u0142. B\u0119dziemy si\u0119 stara\u0107, \u017ceby to partnerka pana Leszka zaopiekowa\u0142a si\u0119 psem. Mo\u017ce uda si\u0119 j\u0105 do tego przekona\u0107. S\u0105siedzi maj\u0105 z ni\u0105 rozmawia\u0107 na ten temat \u2014 dodaje pan Ireneusz.<\/p>\n<p class=\"article-p\" data-section=\"detail-body\">Do Polski ma przylecie\u0107 te\u017c c\u00f3rka pana Leszka, jednak jej przyjazd uzale\u017cniony jest od warunk\u00f3w pogodowych. \u2014 S\u0105siadka z dw\u00f3ch klatek dalej powiedzia\u0142a, \u017ce mo\u017ce pojecha\u0107 po ni\u0105 na lotnisko \u2014 m\u00f3wi pan Ireneusz. Do tego czasu s\u0105siedzi wsp\u00f3lnie opiekuj\u0105 si\u0119 psem, wyprowadzaj\u0105c go na spacery i zapewniaj\u0105c mu opiek\u0119.<\/p>\n<p class=\"article-p\" data-section=\"detail-body\">Zobacz tak\u017ce: <a href=\"https:\/\/www.fakt.pl\/wydarzenia\/tragedia-w-gizycku-zamordowano-najbardziej-znanego-taksowkarza\/pm9s27j\" id=\"73660873-27ee-4396-b9c6-be1ec4184d95\" rel=\"nofollow noopener\" target=\"_blank\">Tragedia w Gi\u017cycku w sylwestrow\u0105 noc. Policja publikuje nagranie z zatrzymania<\/a><\/p>\n<p>        \/3<\/p>\n<p>                    <img decoding=\"async\" class=\"article-image-img\" loading=\"lazy\" alt=\"\" src=\"https:\/\/www.europesays.com\/pl\/wp-content\/uploads\/2026\/01\/9yZk9kuTURBXy8zOTZjZTYyYy1jYzRmLTRlNTUtODVkMC0yMDhhZTUyNWFmZjcuanBlZ5GTAs0DSM0CNN4AAqEwAaExAQ.jpeg\" width=\"840\" height=\"564\"\/><\/p>\n<p>                  Gizycko.Info \/ &#8211;<\/p>\n<p class=\"article-gallery-p\">\n        Mieszka\u0144cy miasta zaalarmowali s\u0142u\u017cby o podejrzanym zachowaniu taks\u00f3wki, co doprowadzi\u0142o do odkrycia zakrwawionego kierowcy.\n    <\/p>\n<p>        \/3<\/p>\n<p>                    <img decoding=\"async\" class=\"article-image-img\" loading=\"lazy\" alt=\"\" src=\"https:\/\/www.europesays.com\/pl\/wp-content\/uploads\/2026\/01\/dy0k9kuTURBXy9hYjk2ZDgyMi0xMGNmLTQ4MTUtOWUwMy02ZjdmMDgzNTgwZDEuanBlZ5GTAs0DSM0B5d4AAqEwAaExAQ.jpeg\" width=\"840\" height=\"485\"\/><\/p>\n<p>                  &#8211; \/ Materia\u0142y policyjne<\/p>\n<p class=\"article-gallery-p\">\n        Podejrzany o dokonanie przest\u0119pstwa zosta\u0142 zatrzymany przez policj\u0119, a w jego organizmie wykryto alkohol.\n    <\/p>\n","protected":false},"excerpt":{"rendered":"W noc sylwestrow\u0105 tu\u017c po godzinie 21, mieszka\u0144cy Gi\u017cycka zaalarmowali s\u0142u\u017cby o podejrzanym zachowaniu kierowcy taks\u00f3wki. Wed\u0142ug zg\u0142oszenia&hellip;\n","protected":false},"author":2,"featured_media":182245,"comment_status":"","ping_status":"","sticky":false,"template":"","format":"standard","meta":{"footnotes":""},"categories":[5],"tags":[32,33,36,37,27,34,35,28,31,25,42,38,40,39,41,29,30,26],"class_list":{"0":"post-184158","1":"post","2":"type-post","3":"status-publish","4":"format-standard","5":"has-post-thumbnail","7":"category-naglowki","8":"tag-breaking-news","9":"tag-breakingnews","10":"tag-featured-news","11":"tag-featurednews","12":"tag-headlines","13":"tag-latest-news","14":"tag-latestnews","15":"tag-naglowki","16":"tag-najwazniejsze-artykuly","17":"tag-news","18":"tag-pl","19":"tag-poland","20":"tag-polish","21":"tag-polska","22":"tag-polski","23":"tag-top-stories","24":"tag-topstories","25":"tag-wiadomosci"},"share_on_mastodon":{"url":"https:\/\/pubeurope.com\/@pl\/115827502150964402","error":""},"_links":{"self":[{"href":"https:\/\/www.europesays.com\/pl\/wp-json\/wp\/v2\/posts\/184158","targetHints":{"allow":["GET"]}}],"collection":[{"href":"https:\/\/www.europesays.com\/pl\/wp-json\/wp\/v2\/posts"}],"about":[{"href":"https:\/\/www.europesays.com\/pl\/wp-json\/wp\/v2\/types\/post"}],"author":[{"embeddable":true,"href":"https:\/\/www.europesays.com\/pl\/wp-json\/wp\/v2\/users\/2"}],"replies":[{"embeddable":true,"href":"https:\/\/www.europesays.com\/pl\/wp-json\/wp\/v2\/comments?post=184158"}],"version-history":[{"count":0,"href":"https:\/\/www.europesays.com\/pl\/wp-json\/wp\/v2\/posts\/184158\/revisions"}],"wp:featuredmedia":[{"embeddable":true,"href":"https:\/\/www.europesays.com\/pl\/wp-json\/wp\/v2\/media\/182245"}],"wp:attachment":[{"href":"https:\/\/www.europesays.com\/pl\/wp-json\/wp\/v2\/media?parent=184158"}],"wp:term":[{"taxonomy":"category","embeddable":true,"href":"https:\/\/www.europesays.com\/pl\/wp-json\/wp\/v2\/categories?post=184158"},{"taxonomy":"post_tag","embeddable":true,"href":"https:\/\/www.europesays.com\/pl\/wp-json\/wp\/v2\/tags?post=184158"}],"curies":[{"name":"wp","href":"https:\/\/api.w.org\/{rel}","templated":true}]}}