{"id":184167,"date":"2026-01-02T21:01:09","date_gmt":"2026-01-02T21:01:09","guid":{"rendered":"https:\/\/www.europesays.com\/pl\/184167\/"},"modified":"2026-01-02T21:01:09","modified_gmt":"2026-01-02T21:01:09","slug":"slawosz-uznanski-wisniewski-z-zona-spodziewaja-sie-dziecka-powiekszy-nam-sie-rodzina-plotek-pl","status":"publish","type":"post","link":"https:\/\/www.europesays.com\/pl\/184167\/","title":{"rendered":"S\u0142awosz Uzna\u0144ski-Wi\u015bniewski z \u017con\u0105 spodziewaj\u0105 si\u0119 dziecka. &quot;Powi\u0119kszy nam si\u0119 rodzina&quot; &#8211; Plotek.pl"},"content":{"rendered":"<ol>\n<li><a href=\"https:\/\/news.google.com\/rss\/articles\/CBMivAFBVV95cUxQa3ZRM0FOX19HaEJaMzQxcGx0dzVyZmotWnZOMTBMdlI3eTVzb3NUOHVYcGU4LXVEVDNNbTR3ZE9FS3dyN3FaYm9MZ0Z5VHR0SUJLeXZ1MVpkRnpDZFpEOXU5TFJXMVFCOW4wSlF1M3oxSi1vYTROOWNKdVhyT0lSQmYxS0hPWGQtVGc1WHc4X1U3YjNCUER1VDJWTzI1ZlhDbkFDbzRtdGUzUzJMUkxoUnkxRDNRTEpLVUVvTA?oc=5\" target=\"_blank\" rel=\"nofollow noopener\">S\u0142awosz Uzna\u0144ski-Wi\u015bniewski z \u017con\u0105 spodziewaj\u0105 si\u0119 dziecka. &#8222;Powi\u0119kszy nam si\u0119 rodzina&#8221;<\/a>&nbsp;&nbsp;Plotek.pl<\/li>\n<li><a href=\"https:\/\/news.google.com\/rss\/articles\/CBMiqwFBVV95cUxPYklxQUp5dXFJcDk3TzZjdnFBOHFBM3NXLVZaUHNicWI3WTEyUnRqV3hRaGlnZTVDdS1JSndoOWc2YVhZZmRkUWJnWXdKTTFONzZLWVJBbDNXZ0JGS3F0cVlSTUdoRElBc3BEWGctMUNlLWNGWjl5ajBJSjc4elZpc0dtdDlCd1pCWXVpalBuUEZ4X2RxM2FvbmRweG8tM1Y2MGg3b0tLMjAtekk?oc=5\" target=\"_blank\" rel=\"nofollow noopener\">Uzna\u0144scy-Wi\u015bniewscy spodziewaj\u0105 si\u0119 dziecka. Wiadomo, jak si\u0119 poznali<\/a>&nbsp;&nbsp;WP Kobieta<\/li>\n<li><a href=\"https:\/\/news.google.com\/rss\/articles\/CBMivAFBVV95cUxQYlpHemNvZF82aWtuMkN3cEFRVThDTHZxRE1HMDFkVHphMHlDd0UzWk9pODU5cFlncUJ5X0NDTjM4dXUtSC0xV0IxX3dYaVlkOHhycUNlNlNhTkxGd2NwV0h4TkY4MFh3SzJlaFYwXzFjOExpaWUtRndPQUpIcGlMRGJYeS10Z1lCVkp0ck5ZYk5yc040SmtRM1d5SWU3S3Q1UmNrbFVyRkc1c0ZWZlIwemh1N2FGOXc0Rzd2eA?oc=5\" target=\"_blank\" rel=\"nofollow noopener\">S\u0142awosz Uzna\u0144ski og\u0142osi\u0142 radosn\u0105 nowin\u0119. Tego nikt si\u0119 nie spodziewa\u0142<\/a>&nbsp;&nbsp;Pomponik.pl<\/li>\n<li><a href=\"https:\/\/news.google.com\/rss\/articles\/CBMiswFBVV95cUxOVDFWWE14XzlwS0NaTHBmM21JTzM0NWQtdUd3Y1JtR2JpNG51akxSY2wxbUgzZVY4dGFoRlRjSXlKNDFCUVFRbjZUT2xWWDl2UWNrc1UyZzBsRUpQQWZvQ3N4dk5HNHBaRU5ua2xfeHdDT0JoZ2VfNDRzQTMtLXNWdHdrY1BJemoxazdhLXNlVmRiaV9EaDBfOGJELUdQLTNmVTU3Nl83ZGxEc2twUFBBX2VBYw?oc=5\" target=\"_blank\" rel=\"nofollow noopener\">Zaskakuj\u0105ca r\u00f3\u017cnica wieku. Aleksandra Wi\u015bniewska i S\u0142awosz Uzna\u0144ski nie patrz\u0105 na PESEL<\/a>&nbsp;&nbsp;Plejada<\/li>\n<li><a href=\"https:\/\/news.google.com\/rss\/articles\/CBMisAFBVV95cUxNUnJ0RWVkMkRMWUJLRm5rTjdDbHJZRmdyUk96dzBFWGtRdEJjS0hnTUVCYzJMeHZpMmVUamdOZTVlZ1M4RzVWSEJtR3poWXRXNHRyWDdQSFFadlQyekFmeVZ1ZkM4ajhmRGxXVi16Q1ZFVVZUWXU5NkFNUEZhSDVMTXkyQ0ZDUUMxSlkwbDlYbUxSUzYzdXJxQTUzaEtxU1Q5bXN6WWx3YlJ5OU9zNjNrRA?oc=5\" target=\"_blank\" rel=\"nofollow noopener\">Kosmiczna wiadomo\u015b\u0107. S\u0142awosz Uzna\u0144ski-Wi\u015bniewski zostanie ojcem<\/a>&nbsp;&nbsp;RMF24<\/li>\n<\/ol>\n","protected":false},"excerpt":{"rendered":"S\u0142awosz Uzna\u0144ski-Wi\u015bniewski z \u017con\u0105 spodziewaj\u0105 si\u0119 dziecka. &#8222;Powi\u0119kszy nam si\u0119 rodzina&#8221;&nbsp;&nbsp;Plotek.pl Uzna\u0144scy-Wi\u015bniewscy spodziewaj\u0105 si\u0119 dziecka. Wiadomo, jak si\u0119&hellip;\n","protected":false},"author":2,"featured_media":184168,"comment_status":"","ping_status":"","sticky":false,"template":"","format":"standard","meta":{"footnotes":""},"categories":[12],"tags":[32,33,36,37,27,34,35,28,31,25,42,38,40,39,41,29,30,26],"class_list":{"0":"post-184167","1":"post","2":"type-post","3":"status-publish","4":"format-standard","5":"has-post-thumbnail","7":"category-polska","8":"tag-breaking-news","9":"tag-breakingnews","10":"tag-featured-news","11":"tag-featurednews","12":"tag-headlines","13":"tag-latest-news","14":"tag-latestnews","15":"tag-naglowki","16":"tag-najwazniejsze-artykuly","17":"tag-news","18":"tag-pl","19":"tag-poland","20":"tag-polish","21":"tag-polska","22":"tag-polski","23":"tag-top-stories","24":"tag-topstories","25":"tag-wiadomosci"},"share_on_mastodon":{"url":"https:\/\/pubeurope.com\/@pl\/115827525765838309","error":""},"_links":{"self":[{"href":"https:\/\/www.europesays.com\/pl\/wp-json\/wp\/v2\/posts\/184167","targetHints":{"allow":["GET"]}}],"collection":[{"href":"https:\/\/www.europesays.com\/pl\/wp-json\/wp\/v2\/posts"}],"about":[{"href":"https:\/\/www.europesays.com\/pl\/wp-json\/wp\/v2\/types\/post"}],"author":[{"embeddable":true,"href":"https:\/\/www.europesays.com\/pl\/wp-json\/wp\/v2\/users\/2"}],"replies":[{"embeddable":true,"href":"https:\/\/www.europesays.com\/pl\/wp-json\/wp\/v2\/comments?post=184167"}],"version-history":[{"count":0,"href":"https:\/\/www.europesays.com\/pl\/wp-json\/wp\/v2\/posts\/184167\/revisions"}],"wp:featuredmedia":[{"embeddable":true,"href":"https:\/\/www.europesays.com\/pl\/wp-json\/wp\/v2\/media\/184168"}],"wp:attachment":[{"href":"https:\/\/www.europesays.com\/pl\/wp-json\/wp\/v2\/media?parent=184167"}],"wp:term":[{"taxonomy":"category","embeddable":true,"href":"https:\/\/www.europesays.com\/pl\/wp-json\/wp\/v2\/categories?post=184167"},{"taxonomy":"post_tag","embeddable":true,"href":"https:\/\/www.europesays.com\/pl\/wp-json\/wp\/v2\/tags?post=184167"}],"curies":[{"name":"wp","href":"https:\/\/api.w.org\/{rel}","templated":true}]}}