{"id":184194,"date":"2026-01-02T21:16:08","date_gmt":"2026-01-02T21:16:08","guid":{"rendered":"https:\/\/www.europesays.com\/pl\/184194\/"},"modified":"2026-01-02T21:16:08","modified_gmt":"2026-01-02T21:16:08","slug":"pozar-w-crans-montanie-wlasciciel-baru-zabral-glos-po-tragedii","status":"publish","type":"post","link":"https:\/\/www.europesays.com\/pl\/184194\/","title":{"rendered":"Po\u017car w Crans-Montanie. W\u0142a\u015bciciel baru zabra\u0142 g\u0142os po tragedii"},"content":{"rendered":"<ul class=\"UnorderedList_container__nmfSl\">\n<li class=\"UnorderedList_listElement__Py7xi\" data-id=\"ai-summary-link\">Du\u017co czytania, a ma\u0142o czasu? Sprawd\u017a\u00a0skr\u00f3t\u00a0artyku\u0142u<\/li>\n<\/ul>\n<p class=\"Paragraph_desktopParagraph__U31Gm\">W rozmowie z 20 Minuten w\u0142a\u015bciciel baru w Crans-Montana poinformowa\u0142, \u017ce w ostatnich dziesi\u0119ciu latach obiekt by\u0142 kontrolowany trzy razy i zapewni\u0142, \u017ce &#8222;wszystko zosta\u0142o wykonane zgodnie z przepisami&#8221;.<\/p>\n<p class=\"Paragraph_desktopParagraph__U31Gm\">W trakcie dramatycznych wydarze\u0144 w\u0142a\u015bcicielka baru by\u0142a na miejscu. Dozna\u0142a oparze\u0144 ramienia. Jej m\u0105\u017c przebywa\u0142 z kolei w innym miejscu.<\/p>\n<p class=\"VideoPlayerText_videoPlayerText__iDwyz\">Dalszy ci\u0105g materia\u0142u pod wideo<\/p>\n<p class=\"Paragraph_desktopParagraph__U31Gm\"><a href=\"https:\/\/wiadomosci.onet.pl\/swiat\/tragedia-w-szwajcarii-nowe-fakty-o-wlascicielach-lokalu-to-katastrofa\/skf19d5\" id=\"a274aea5-31c6-4945-8d73-e57a37dbad59\" rel=\"nofollow noopener\" target=\"_blank\">Jak wcze\u015bniej informowali\u015bmy w Onecie, w\u0142a\u015bcicielami baru, w kt\u00f3rym dosz\u0142o do tragedii, s\u0105 obywatele Francji, Jacques i Jessica Moretti.<\/a> Obiekt kupili w 2015 r. \u2014 by\u0142 on opuszczony, zosta\u0142 przez w\u0142a\u015bcicieli przekszta\u0142cony w popularne miejsce imprezowe, szczeg\u00f3lnie w zimowym sezonie turystycznym. Lokal mo\u017ce pomie\u015bci\u0107 do 300 os\u00f3b wewn\u0105trz i 40 na tarasie.<\/p>\n<ul class=\"OchatFollowUps_wrapper__1ry7X\">\n<li class=\"OchatFollowUps_item__Dhyly OchatFollowUps_itemDesktop__R6aBv\">Co powiedzia\u0142 w\u0142a\u015bciciel baru po po\u017carze?<\/li>\n<li class=\"OchatFollowUps_item__Dhyly OchatFollowUps_itemDesktop__R6aBv\">Ile os\u00f3b zgin\u0119\u0142o w po\u017carze?<\/li>\n<li class=\"OchatFollowUps_item__Dhyly OchatFollowUps_itemDesktop__R6aBv\">Jaka by\u0142a przyczyna po\u017caru w barze?<\/li>\n<li class=\"OchatFollowUps_item__Dhyly OchatFollowUps_itemDesktop__R6aBv\">Kto jest w\u0142a\u015bcicielem baru Le Constellation?<\/li>\n<\/ul>\n<p>Tragedia w narciarskim kurorcie w Szwajcarii <\/p>\n<p class=\"Paragraph_desktopParagraph__U31Gm\">Do tragicznych wydarze\u0144 w szwajcarskim Crans-Montana dosz\u0142o w noc sylwestrow\u0105. Wed\u0142ug wst\u0119pnych ustale\u0144, oko\u0142o godz. 1.30 nast\u0105pi\u0142o kilka wybuch\u00f3w i po\u017car w barze La Constellation. Jak podczas konferencji prasowej przekaza\u0142a prokurator kantonalna Beatrice Pilloud, ogie\u0144 prawdopodobnie spowodowa\u0142y zimne ognie przyczepione do butelek szampana i odpalone zbyt blisko sufitu, kt\u00f3ry si\u0119 od nich zapali\u0142.<\/p>\n<p class=\"Paragraph_desktopParagraph__U31Gm\">W wyniku zdarzenia co najmniej 47 os\u00f3b zgin\u0119\u0142o, a 119 odnios\u0142o obra\u017cenia \u2014 przekaza\u0142a BBC, powo\u0142uj\u0105ca si\u0119 na w\u0142adze jednego ze szwajcarskich szpitali. Szef policji kantonu Valais Frederic Gisler przekaza\u0142, \u017ce funkcjonariusze zidentyfikowali 113 rannych \u2014 71 z nich to Szwajcarzy, 14 to Francuzi, 11 to W\u0142osi, czworo \u2014 Serbowie. Poszkodowani zostali jeden Bo\u015bniak, jeden Belg, jeden Luksemburczyk, jeden Polak i jeden Portugalczyk a to\u017csamo\u015b\u0107 14 nie jest jeszcze znana. <a href=\"https:\/\/wiadomosci.onet.pl\/kraj\/crans-montana-polak-ranny-w-pozarze-w-szwajcarii-nowe-informacje-z-msz\/ry4jw74\" id=\"4bd10d9e-45b0-4832-951b-2efca4786948\" rel=\"nofollow noopener\" target=\"_blank\">Informacj\u0119 o poszkodowanym obywatelu Polski potwierdzi\u0142 rzecznik MSZ Maciej Wewi\u00f3r<\/a>.<\/p>\n","protected":false},"excerpt":{"rendered":"Du\u017co czytania, a ma\u0142o czasu? Sprawd\u017a\u00a0skr\u00f3t\u00a0artyku\u0142u W rozmowie z 20 Minuten w\u0142a\u015bciciel baru w Crans-Montana poinformowa\u0142, \u017ce w&hellip;\n","protected":false},"author":2,"featured_media":184195,"comment_status":"","ping_status":"","sticky":false,"template":"","format":"standard","meta":{"footnotes":""},"categories":[5],"tags":[32,33,36,37,27,67,34,35,28,31,53,25,52,68,51,55,42,38,40,39,41,4686,47,3463,29,30,65,50,26],"class_list":{"0":"post-184194","1":"post","2":"type-post","3":"status-publish","4":"format-standard","5":"has-post-thumbnail","7":"category-naglowki","8":"tag-breaking-news","9":"tag-breakingnews","10":"tag-featured-news","11":"tag-featurednews","12":"tag-headlines","13":"tag-intextvideo_splayer","14":"tag-latest-news","15":"tag-latestnews","16":"tag-naglowki","17":"tag-najwazniejsze-artykuly","18":"tag-new_header","19":"tag-news","20":"tag-onet3","21":"tag-onet3d","22":"tag-onet3d_2i","23":"tag-phx","24":"tag-pl","25":"tag-poland","26":"tag-polish","27":"tag-polska","28":"tag-polski","29":"tag-pozar_pozary","30":"tag-screening_general","31":"tag-szwajcaria_kraj","32":"tag-top-stories","33":"tag-topstories","34":"tag-update_me","35":"tag-v2021","36":"tag-wiadomosci"},"share_on_mastodon":{"url":"https:\/\/pubeurope.com\/@pl\/115827584800190792","error":""},"_links":{"self":[{"href":"https:\/\/www.europesays.com\/pl\/wp-json\/wp\/v2\/posts\/184194","targetHints":{"allow":["GET"]}}],"collection":[{"href":"https:\/\/www.europesays.com\/pl\/wp-json\/wp\/v2\/posts"}],"about":[{"href":"https:\/\/www.europesays.com\/pl\/wp-json\/wp\/v2\/types\/post"}],"author":[{"embeddable":true,"href":"https:\/\/www.europesays.com\/pl\/wp-json\/wp\/v2\/users\/2"}],"replies":[{"embeddable":true,"href":"https:\/\/www.europesays.com\/pl\/wp-json\/wp\/v2\/comments?post=184194"}],"version-history":[{"count":0,"href":"https:\/\/www.europesays.com\/pl\/wp-json\/wp\/v2\/posts\/184194\/revisions"}],"wp:featuredmedia":[{"embeddable":true,"href":"https:\/\/www.europesays.com\/pl\/wp-json\/wp\/v2\/media\/184195"}],"wp:attachment":[{"href":"https:\/\/www.europesays.com\/pl\/wp-json\/wp\/v2\/media?parent=184194"}],"wp:term":[{"taxonomy":"category","embeddable":true,"href":"https:\/\/www.europesays.com\/pl\/wp-json\/wp\/v2\/categories?post=184194"},{"taxonomy":"post_tag","embeddable":true,"href":"https:\/\/www.europesays.com\/pl\/wp-json\/wp\/v2\/tags?post=184194"}],"curies":[{"name":"wp","href":"https:\/\/api.w.org\/{rel}","templated":true}]}}