{"id":184208,"date":"2026-01-02T21:24:12","date_gmt":"2026-01-02T21:24:12","guid":{"rendered":"https:\/\/www.europesays.com\/pl\/184208\/"},"modified":"2026-01-02T21:24:12","modified_gmt":"2026-01-02T21:24:12","slug":"slowency-bronia-zajca-spelnial-wszystkie-normy","status":"publish","type":"post","link":"https:\/\/www.europesays.com\/pl\/184208\/","title":{"rendered":"S\u0142owe\u0144cy broni\u0105 Zajca. &#8222;Spe\u0142nia\u0142 wszystkie normy&#8221;"},"content":{"rendered":"\n<p class=\"contentpart contentpart--default contentpart--text\" data-position=\"0\">Druga dyskwalifikacja i koniec udzia\u0142u w Turnieju &#8211; <a href=\"https:\/\/sportowefakty.wp.pl\/skoki-narciarskie\/timi-zajc\" rel=\"nofollow noopener\" target=\"_blank\">Timi Zajc<\/a>\u00a0zosta\u0142 wykluczony po noworocznym konkursie w Garmisch-Partenkirchen. S\u0142owe\u0144cy jednak nie sk\u0142adaj\u0105 broni. Ich zdaniem powodem wykluczenia nie by\u0142 b\u0142\u0105d zawodnika, a nieprzewidywalne warunki i niejasne procedury FIS.<\/p>\n<p class=\"contentpart contentpart--default contentpart--text\" data-position=\"1\">&#8211; Ten kombinezon spe\u0142nia\u0142 wszystkie normy przed konkursem. Codziennie przeprowadzane s\u0105 pomiary i by\u0142y one zgodne z przepisami. Dlaczego nasze pomiary r\u00f3\u017cni\u0105 si\u0119 od oficjalnych? Trudno powiedzie\u0107. Najprawdopodobniej skurczy\u0142 si\u0119 przez warunki atmosferyczne &#8211; wilgo\u0107 i temperatur\u0119 &#8211; m\u00f3wi Gorazd Pogorelcnik, szef s\u0142owe\u0144skich skok\u00f3w, cytowany przez portal siol.net.<\/p>\n<p> <img role=\"presentation\" src=\"https:\/\/std.wpcdn.pl\/images\/adv\/placeholder_wp.svg\" loading=\"lazy\" alt=\"\" decoding=\"async\"\/>  <\/p>\n<p class=\"contentpart contentpart--default contentpart--text\" data-position=\"2\">Zajc wyst\u0105pi\u0142 w Garmisch w tym samym kombinezonie, w kt\u00f3rym zosta\u0142 zdyskwalifikowany w Oberstdorfie. Pogorelcnik t\u0142umaczy jednak, \u017ce nie by\u0142 to ten sam egzemplarz co w poprzednich konkursach P\u015a.<\/p>\n<p class=\"contentpart contentpart--default contentpart--text\" data-position=\"3\">ZOBACZ WIDEO: Oto jakie zdanie o trenerze polskich skoczk\u00f3w maj\u0105 kibice<\/p>\n<p class=\"contentpart contentpart--default contentpart--text\" data-position=\"5\">&#8211; Zawodnicy korzystaj\u0105 z r\u00f3\u017cnych materia\u0142\u00f3w. Nie wszyscy skacz\u0105 w tych samych kombinezonach. Struktura, kolor czy sztywno\u015b\u0107 tkaniny te\u017c maj\u0105 wp\u0142yw = doda\u0142.<\/p>\n<p class=\"contentpart contentpart--default contentpart--text\" data-position=\"6\">S\u0142owe\u0144cy z\u0142o\u017cyli protest, wskazuj\u0105c nie na sam\u0105 d\u0142ugo\u015b\u0107 nogawki, lecz na tryb kontroli.<\/p>\n<p class=\"contentpart contentpart--default contentpart--text\" data-position=\"7\">&#8211; Je\u015bli FIS jest tak restrykcyjna w kwestii milimetr\u00f3w, powinna by\u0107 r\u00f3wnie precyzyjna przy samych procedurach &#8211; podkre\u015bli\u0142 Pogorelcnik. Kontrola Zajca odby\u0142a si\u0119 nie po, a przed skokiem.<\/p>\n<p> <img role=\"presentation\" src=\"https:\/\/std.wpcdn.pl\/images\/adv\/placeholder_wp.svg\" loading=\"lazy\" alt=\"\" decoding=\"async\"\/>  <\/p>\n<p class=\"contentpart contentpart--default contentpart--text\" data-position=\"8\">&#8211; Chcia\u0142em zaskoczy\u0107 skoczk\u00f3w i trener\u00f3w. Nie mia\u0142em konkretnego powodu, po prostu chcia\u0142em zobaczy\u0107, co si\u0119 stanie &#8211; przyzna\u0142 szef kontroli sprz\u0119tu FIS, Mathias Hafele. Nie wykluczy\u0142, \u017ce w przysz\u0142o\u015bci podejmie wi\u0119cej takich dzia\u0142a\u0144.<\/p>\n<p class=\"contentpart contentpart--default contentpart--text\" data-position=\"9\">S\u0142owe\u0144cy z\u0142o\u017cyli protest po dyskwalifikacji i drugiej \u017c\u00f3\u0142tej kartce dla Zajca. Ten zosta\u0142 jednak odrzucony.<\/p>\n","protected":false},"excerpt":{"rendered":"Druga dyskwalifikacja i koniec udzia\u0142u w Turnieju &#8211; Timi Zajc\u00a0zosta\u0142 wykluczony po noworocznym konkursie w Garmisch-Partenkirchen. S\u0142owe\u0144cy jednak&hellip;\n","protected":false},"author":2,"featured_media":184209,"comment_status":"","ping_status":"","sticky":false,"template":"","format":"standard","meta":{"footnotes":""},"categories":[24],"tags":[42,38,40,39,41,1538,127,126,447,33334,29423],"class_list":{"0":"post-184208","1":"post","2":"type-post","3":"status-publish","4":"format-standard","5":"has-post-thumbnail","7":"category-sport","8":"tag-pl","9":"tag-poland","10":"tag-polish","11":"tag-polska","12":"tag-polski","13":"tag-skoki-narciarskie","14":"tag-sport","15":"tag-sports","16":"tag-sporty-zimowe","17":"tag-timi-zajc","18":"tag-turniej-czterech-skoczni"},"share_on_mastodon":{"url":"https:\/\/pubeurope.com\/@pl\/115827616193003808","error":""},"_links":{"self":[{"href":"https:\/\/www.europesays.com\/pl\/wp-json\/wp\/v2\/posts\/184208","targetHints":{"allow":["GET"]}}],"collection":[{"href":"https:\/\/www.europesays.com\/pl\/wp-json\/wp\/v2\/posts"}],"about":[{"href":"https:\/\/www.europesays.com\/pl\/wp-json\/wp\/v2\/types\/post"}],"author":[{"embeddable":true,"href":"https:\/\/www.europesays.com\/pl\/wp-json\/wp\/v2\/users\/2"}],"replies":[{"embeddable":true,"href":"https:\/\/www.europesays.com\/pl\/wp-json\/wp\/v2\/comments?post=184208"}],"version-history":[{"count":0,"href":"https:\/\/www.europesays.com\/pl\/wp-json\/wp\/v2\/posts\/184208\/revisions"}],"wp:featuredmedia":[{"embeddable":true,"href":"https:\/\/www.europesays.com\/pl\/wp-json\/wp\/v2\/media\/184209"}],"wp:attachment":[{"href":"https:\/\/www.europesays.com\/pl\/wp-json\/wp\/v2\/media?parent=184208"}],"wp:term":[{"taxonomy":"category","embeddable":true,"href":"https:\/\/www.europesays.com\/pl\/wp-json\/wp\/v2\/categories?post=184208"},{"taxonomy":"post_tag","embeddable":true,"href":"https:\/\/www.europesays.com\/pl\/wp-json\/wp\/v2\/tags?post=184208"}],"curies":[{"name":"wp","href":"https:\/\/api.w.org\/{rel}","templated":true}]}}