{"id":184214,"date":"2026-01-02T21:28:07","date_gmt":"2026-01-02T21:28:07","guid":{"rendered":"https:\/\/www.europesays.com\/pl\/184214\/"},"modified":"2026-01-02T21:28:07","modified_gmt":"2026-01-02T21:28:07","slug":"statek-z-rosji-uszkodzil-podwodny-kabel-finskie-sluzby-weszly-na-poklad-czesc-zalogi-aresztowano","status":"publish","type":"post","link":"https:\/\/www.europesays.com\/pl\/184214\/","title":{"rendered":"Statek z Rosji uszkodzi\u0142 podwodny kabel. Fi\u0144skie s\u0142u\u017cby wesz\u0142y na pok\u0142ad. Cz\u0119\u015b\u0107 za\u0142ogi aresztowano"},"content":{"rendered":"<p class=\"art_paragraph\">Chodzi o 132-metrowy statek towarowy Fitburg, kt\u00f3ry p\u0142yn\u0105\u0142 z Petersburga do Hajfy w <a href=\"https:\/\/wiadomosci.gazeta.pl\/izrael#anchorLink\" rel=\"nofollow noopener\" target=\"_blank\">Izraelu<\/a>. S\u0142u\u017cby podejrzewaj\u0105, \u017ce zarejestrowana w karaibskim pa\u0144stwie Saint Vincent i Grenadyny jednostka uszkodzi\u0142a kotwic\u0105 podmorski kabel nale\u017c\u0105cy do fi\u0144skiego operatora telekomunikacyjnego Elisa. Na pok\u0142adzie statku znajdowa\u0142o si\u0119 14 cz\u0142onk\u00f3w za\u0142ogi, obywateli <a href=\"https:\/\/next.gazeta.pl\/rosja#anchorLink\" rel=\"nofollow noopener\" target=\"_blank\">Rosji<\/a>, Gruzji, Azerbejd\u017canu i Kazachstanu.\u00a0<\/p>\n<p> Finowie zatrzymali dw\u00f3ch marynarzy. &#8222;Przes\u0142uchania b\u0119d\u0105 kontynuowane&#8221;<\/p>\n<p class=\"art_paragraph\">Z opublikowanych przez policj\u0119 informacji wynika, \u017ce dw\u00f3ch marynarzy zosta\u0142o tymczasowo aresztowanych, a wobec dw\u00f3ch kolejnych zastosowano zakaz opuszczania kraju.\u00a0To\u017csamo\u015bci podejrzanych nie ujawniono. &#8211; Przes\u0142uchania b\u0119d\u0105 kontynuowane &#8211; poinformowa\u0142 w <a href=\"https:\/\/next.gazeta.pl\/next\/7,151003,32458638,pilny-komunikat-poczty-polskiej-chodzi-o-przesylki-i-listy.html#anchorLink\" rel=\"nofollow noopener\" target=\"_blank\">komunikacie<\/a> centralnej policji kryminalnej Risto Lohi, nadinspektor prowadz\u0105cy \u015bledztwo.\u00a0Fi\u0144ska policja podkre\u015bla, \u017ce przes\u0142uchania pozwoli\u0142y lepiej odtworzy\u0107 przebieg wydarze\u0144 oraz role poszczeg\u00f3lnych cz\u0142onk\u00f3w za\u0142ogi.<\/p>\n<p>\n    Zobacz wideo Na morzu maleje przewaga USA nad Chinami\n  <\/p>\n<p class=\"art_paragraph\">W pierwszy dzie\u0144 nowego roku fi\u0144skie w\u0142adze przej\u0119\u0142y statek i skierowa\u0142y go\u00a0do bezpiecznego miejsca na fi\u0144skich wodach terytorialnych. Jednostka obecnie znajduje si\u0119 w porcie Kantvik w Kirkkonummi. Finowie przeprowadzili w porcie inspekcj\u0119 statku &#8211; przetestowano sprz\u0119t, instalacje i sprawdzono zapasy. Za\u0142odze kazano te\u017c przeprowadzi\u0107 \u0107wiczenia z zakresu bezpiecze\u0144stwa.<\/p>\n<p> Incydent ze statkiem Fitburg przypomina ten z tankowcem Eagle S<\/p>\n<p class=\"art_paragraph\">Fi\u0144skie media informowa\u0142y, \u017ce na statku Fitburg znajduje si\u0119 stal z Rosji. Wed\u0142ug s\u0142u\u017cb celnych stal nale\u017cy do produkt\u00f3w obj\u0119tych <a href=\"https:\/\/next.gazeta.pl\/sankcje#anchorLink\" rel=\"nofollow noopener\" target=\"_blank\">sankcjami<\/a> i zosta\u0142a zatrzymana. Finowie zwracaj\u0105 uwag\u0119, \u017ce incydent przypomina inne przypadki z ostatnich lat. Rok temu tankowiec Eagle S, p\u0142yn\u0105c z Petersburga z opuszczon\u0105 kotwic\u0105, mia\u0142 uszkodzi\u0107 kable telekomunikacyjne oraz po\u0142\u0105czenie energetyczne mi\u0119dzy Estoni\u0105 a Finlandi\u0105. Jak poinformowa\u0142 fi\u0144ski operator telekomunikacyjny, tym razem uszkodzenie kabla nie mia\u0142o wp\u0142ywu na \u015bwiadczone us\u0142ugi.\u00a0<\/p>\n","protected":false},"excerpt":{"rendered":"Chodzi o 132-metrowy statek towarowy Fitburg, kt\u00f3ry p\u0142yn\u0105\u0142 z Petersburga do Hajfy w Izraelu. S\u0142u\u017cby podejrzewaj\u0105, \u017ce zarejestrowana&hellip;\n","protected":false},"author":2,"featured_media":184215,"comment_status":"","ping_status":"","sticky":false,"template":"","format":"standard","meta":{"footnotes":""},"categories":[14],"tags":[32,33,27,34,35,28,31,25,40,41,80,29,30,26,82,83,84],"class_list":{"0":"post-184214","1":"post","2":"type-post","3":"status-publish","4":"format-standard","5":"has-post-thumbnail","7":"category-swiat","8":"tag-breaking-news","9":"tag-breakingnews","10":"tag-headlines","11":"tag-latest-news","12":"tag-latestnews","13":"tag-naglowki","14":"tag-najwazniejsze-artykuly","15":"tag-news","16":"tag-polish","17":"tag-polski","18":"tag-swiat","19":"tag-top-stories","20":"tag-topstories","21":"tag-wiadomosci","22":"tag-world","23":"tag-world-news","24":"tag-worldnews"},"share_on_mastodon":{"url":"https:\/\/pubeurope.com\/@pl\/115827632042742732","error":""},"_links":{"self":[{"href":"https:\/\/www.europesays.com\/pl\/wp-json\/wp\/v2\/posts\/184214","targetHints":{"allow":["GET"]}}],"collection":[{"href":"https:\/\/www.europesays.com\/pl\/wp-json\/wp\/v2\/posts"}],"about":[{"href":"https:\/\/www.europesays.com\/pl\/wp-json\/wp\/v2\/types\/post"}],"author":[{"embeddable":true,"href":"https:\/\/www.europesays.com\/pl\/wp-json\/wp\/v2\/users\/2"}],"replies":[{"embeddable":true,"href":"https:\/\/www.europesays.com\/pl\/wp-json\/wp\/v2\/comments?post=184214"}],"version-history":[{"count":0,"href":"https:\/\/www.europesays.com\/pl\/wp-json\/wp\/v2\/posts\/184214\/revisions"}],"wp:featuredmedia":[{"embeddable":true,"href":"https:\/\/www.europesays.com\/pl\/wp-json\/wp\/v2\/media\/184215"}],"wp:attachment":[{"href":"https:\/\/www.europesays.com\/pl\/wp-json\/wp\/v2\/media?parent=184214"}],"wp:term":[{"taxonomy":"category","embeddable":true,"href":"https:\/\/www.europesays.com\/pl\/wp-json\/wp\/v2\/categories?post=184214"},{"taxonomy":"post_tag","embeddable":true,"href":"https:\/\/www.europesays.com\/pl\/wp-json\/wp\/v2\/tags?post=184214"}],"curies":[{"name":"wp","href":"https:\/\/api.w.org\/{rel}","templated":true}]}}