{"id":184254,"date":"2026-01-02T21:51:11","date_gmt":"2026-01-02T21:51:11","guid":{"rendered":"https:\/\/www.europesays.com\/pl\/184254\/"},"modified":"2026-01-02T21:51:11","modified_gmt":"2026-01-02T21:51:11","slug":"ekspert-o-tragicznym-pozarze-w-szwajcarii-pieklo-na-ziemi","status":"publish","type":"post","link":"https:\/\/www.europesays.com\/pl\/184254\/","title":{"rendered":"Ekspert o tragicznym po\u017carze w Szwajcarii. &#8222;Piek\u0142o na ziemi&#8221;"},"content":{"rendered":"<ul class=\"UnorderedList_container__nmfSl\">\n<li class=\"UnorderedList_listElement__Py7xi\" data-id=\"ai-summary-link\">Du\u017co czytania, a ma\u0142o czasu? Sprawd\u017a\u00a0skr\u00f3t\u00a0artyku\u0142u<\/li>\n<\/ul>\n<p class=\"Paragraph_desktopParagraph__U31Gm\">\u2014 Taki lokal w Polsce nie mia\u0142by prawa funkcjonowa\u0107. Jedno wyj\u015bcie, bez \u017cadnych dodatkowych wyj\u015b\u0107 ewakuacyjnych, to jest wyj\u015bcie szalenie niebezpieczne \u2014 oceni\u0142 na antenie RMF FM ekspert. Zdaniem gen. Grosseta, w przypadku lokalu Le Constellation nie zosta\u0142y spe\u0142nione podstawowe systemy bezpiecze\u0144stwa. \u2014 Nie spe\u0142niono warunk\u00f3w bezpiecznej ewakuacji \u2014 podkre\u015bli\u0142.<\/p>\n<p class=\"Paragraph_desktopParagraph__U31Gm\"><a href=\"https:\/\/wiadomosci.onet.pl\/swiat\/tragiczny-pozar-w-barze-szwajcarii-ekspert-od-pirotechniki-zwraca-uwage-na-sufit\/rdjljlx\" id=\"d6317afa-ed68-4ddf-ba29-d25a27d4b3e9\" rel=\"nofollow noopener\" target=\"_blank\">Ekspert wyt\u0142umaczy\u0142 tak\u017ce, \u017ce problemem by\u0142o du\u017ce nagromadzenie si\u0119 materia\u0142\u00f3w palnych w ma\u0142ej przestrzeni<\/a>, oraz zjawisko flashover, kt\u00f3re \u2014 jak wyja\u015bni\u0142 \u2014 &#8222;charakteryzuje si\u0119 nieomal jednoczesnym zap\u0142onem wszystkich materia\u0142\u00f3w palnych w pomieszczeniu&#8221;.<\/p>\n<p class=\"Paragraph_desktopParagraph__U31Gm\">By\u0142y zast\u0119pca komendanta g\u0142\u00f3wnego PSP wskaza\u0142 moment, kt\u00f3ry m\u00f3g\u0142 doprowadzi\u0107 do eksplozji. \u2014 Ogie\u0144 rozprzestrzenia\u0142 si\u0119 poma\u0142u i leniwie, dop\u00f3ki nie otwarto na d\u0142u\u017cszy czas drzwi, co spowodowa\u0142o dop\u0142yw powietrza \u2014 m\u00f3wi\u0142 na antenie RMF FM. Gen. Grosset skrytykowa\u0142 r\u00f3wnie\u017c budow\u0119 i rozk\u0142ad baru. \u2014 Jedno wyj\u015bcie, \u017cadnych dodatkowych wyj\u015b\u0107 ewakuacyjnych, to wyj\u015bcie szalenie niebezpieczne i o bardzo ma\u0142ej przepustowo\u015bci \u2014 podkre\u015bli\u0142. Liczb\u0119 uchybie\u0144 w obiekcie nazwa\u0142 &#8222;zbrodniczym zaniedbaniem&#8221;. \u2014 To rzeczywi\u015bcie by\u0142o piek\u0142o na ziemi \u2014 oceni\u0142.<\/p>\n<p class=\"VideoPlayerText_videoPlayerText__iDwyz\">Dalszy ci\u0105g materia\u0142u pod wideo<\/p>\n<p class=\"Paragraph_desktopParagraph__U31Gm\">Zdaniem eksperta, taki lokal w Polsce nie by\u0142by w stanie funkcjonowa\u0107. \u2014 Polskie przepisy reguluj\u0105ce bezpiecze\u0144stwo imprez masowych, zw\u0142aszcza w odniesieniu do pomieszcze\u0144 zamkni\u0119tych, s\u0105 naprawd\u0119 sensowne i do\u015b\u0107 restrykcyjne \u2014 zaznaczy\u0142. \u2014 Je\u017celi widzimy jakiekolwiek uchybienia, to niew\u0105tpliwie powinni\u015bmy o tym zawiadomi\u0107 stra\u017c. Wtedy trzeba reagowa\u0107 \u2014 zaapelowa\u0142.<\/p>\n<ul class=\"OchatFollowUps_wrapper__1ry7X\">\n<li class=\"OchatFollowUps_item__Dhyly OchatFollowUps_itemDesktop__R6aBv\">Jakie by\u0142y przyczyny po\u017caru w Crans-Montana?<\/li>\n<li class=\"OchatFollowUps_item__Dhyly OchatFollowUps_itemDesktop__R6aBv\">Ile os\u00f3b zgin\u0119\u0142o w po\u017carze?<\/li>\n<li class=\"OchatFollowUps_item__Dhyly OchatFollowUps_itemDesktop__R6aBv\">Jakie uchybienia dotyczy\u0142y lokalu Le Constellation?<\/li>\n<li class=\"OchatFollowUps_item__Dhyly OchatFollowUps_itemDesktop__R6aBv\">Co zdaniem eksperta powinno si\u0119 zrobi\u0107 w przypadku uchybie\u0144 bezpiecze\u0144stwa?<\/li>\n<\/ul>\n<p>Tragiczny po\u017car w Crans-Montana <\/p>\n<p class=\"Paragraph_desktopParagraph__U31Gm\">Do tragedii w szwajcarskim Crans-Montana dosz\u0142o w noc z 31 grudnia na 1 stycznia. Oko\u0142o godz. 1.30 wybuch\u0142 po\u017car w barze La Constellation. Podczas konferencji prasowej prokurator kantonalna Beatrice Pilloud, poinformowa\u0142a, \u017ce po\u017car w obiekcie prawdopodobnie zosta\u0142 spowodowany przez zimne ognie przyczepione do butelek szampana i odpalone zbyt blisko sufitu, kt\u00f3ry si\u0119 od nich zapali\u0142.<\/p>\n<p class=\"Paragraph_desktopParagraph__U31Gm\">W wyniku zdarzenia co najmniej 47 os\u00f3b zgin\u0119\u0142o, a 119 odnios\u0142o obra\u017cenia \u2014 przekaza\u0142a BBC, powo\u0142uj\u0105ca si\u0119 na w\u0142adze jednego ze szwajcarskich szpitali. Szef policji kantonu Valais Frederic Gisler przekaza\u0142, \u017ce funkcjonariusze zidentyfikowali 113 rannych \u2014 71 z nich to Szwajcarzy, 14 to Francuzi, 11 to W\u0142osi, czworo \u2014 Serbowie. Poszkodowani zostali jeden Bo\u015bniak, jeden Belg, jeden Luksemburczyk, jeden Polak i jeden Portugalczyk a to\u017csamo\u015b\u0107 14 nie jest jeszcze znana.<\/p>\n","protected":false},"excerpt":{"rendered":"Du\u017co czytania, a ma\u0142o czasu? Sprawd\u017a\u00a0skr\u00f3t\u00a0artyku\u0142u \u2014 Taki lokal w Polsce nie mia\u0142by prawa funkcjonowa\u0107. Jedno wyj\u015bcie, bez&hellip;\n","protected":false},"author":2,"featured_media":184255,"comment_status":"","ping_status":"","sticky":false,"template":"","format":"standard","meta":{"footnotes":""},"categories":[5],"tags":[32,33,36,37,27,67,34,35,28,31,53,25,52,68,51,55,42,38,40,39,41,4686,36126,47,5425,3463,29,30,65,50,26],"class_list":{"0":"post-184254","1":"post","2":"type-post","3":"status-publish","4":"format-standard","5":"has-post-thumbnail","7":"category-naglowki","8":"tag-breaking-news","9":"tag-breakingnews","10":"tag-featured-news","11":"tag-featurednews","12":"tag-headlines","13":"tag-intextvideo_splayer","14":"tag-latest-news","15":"tag-latestnews","16":"tag-naglowki","17":"tag-najwazniejsze-artykuly","18":"tag-new_header","19":"tag-news","20":"tag-onet3","21":"tag-onet3d","22":"tag-onet3d_2i","23":"tag-phx","24":"tag-pl","25":"tag-poland","26":"tag-polish","27":"tag-polska","28":"tag-polski","29":"tag-pozar_pozary","30":"tag-ryszard_grosset","31":"tag-screening_general","32":"tag-straz_pozarna_strazak_strazacy_osp_psp","33":"tag-szwajcaria_kraj","34":"tag-top-stories","35":"tag-topstories","36":"tag-update_me","37":"tag-v2021","38":"tag-wiadomosci"},"share_on_mastodon":{"url":"https:\/\/pubeurope.com\/@pl\/115827722520012516","error":""},"_links":{"self":[{"href":"https:\/\/www.europesays.com\/pl\/wp-json\/wp\/v2\/posts\/184254","targetHints":{"allow":["GET"]}}],"collection":[{"href":"https:\/\/www.europesays.com\/pl\/wp-json\/wp\/v2\/posts"}],"about":[{"href":"https:\/\/www.europesays.com\/pl\/wp-json\/wp\/v2\/types\/post"}],"author":[{"embeddable":true,"href":"https:\/\/www.europesays.com\/pl\/wp-json\/wp\/v2\/users\/2"}],"replies":[{"embeddable":true,"href":"https:\/\/www.europesays.com\/pl\/wp-json\/wp\/v2\/comments?post=184254"}],"version-history":[{"count":0,"href":"https:\/\/www.europesays.com\/pl\/wp-json\/wp\/v2\/posts\/184254\/revisions"}],"wp:featuredmedia":[{"embeddable":true,"href":"https:\/\/www.europesays.com\/pl\/wp-json\/wp\/v2\/media\/184255"}],"wp:attachment":[{"href":"https:\/\/www.europesays.com\/pl\/wp-json\/wp\/v2\/media?parent=184254"}],"wp:term":[{"taxonomy":"category","embeddable":true,"href":"https:\/\/www.europesays.com\/pl\/wp-json\/wp\/v2\/categories?post=184254"},{"taxonomy":"post_tag","embeddable":true,"href":"https:\/\/www.europesays.com\/pl\/wp-json\/wp\/v2\/tags?post=184254"}],"curies":[{"name":"wp","href":"https:\/\/api.w.org\/{rel}","templated":true}]}}