{"id":184270,"date":"2026-01-02T22:00:09","date_gmt":"2026-01-02T22:00:09","guid":{"rendered":"https:\/\/www.europesays.com\/pl\/184270\/"},"modified":"2026-01-02T22:00:09","modified_gmt":"2026-01-02T22:00:09","slug":"maciej-dowbor-nie-szczedzil-zartow-pod-ostrzalem-marcin-prokop-i-sandra-hajduk-2","status":"publish","type":"post","link":"https:\/\/www.europesays.com\/pl\/184270\/","title":{"rendered":"Maciej Dowbor nie szcz\u0119dzi\u0142 \u017cart\u00f3w. Pod ostrza\u0142em Marcin Prokop i Sandra Hajduk"},"content":{"rendered":"<p class=\"ods-c-paragraph \"><a href=\"https:\/\/plejada.pl\/temat\/sandra-hajduk-popinska\/wlzdr98\" id=\"94a74b4b-edc0-4d98-b6c0-451677a4f04e\" rel=\"nofollow noopener\" target=\"_blank\">Sandra Hajduk, <\/a>na co dzie\u0144 wsp\u00f3\u0142prowadz\u0105ca program <a href=\"https:\/\/plejada.pl\/temat\/dzien-dobry-tvn-program-tv\/jr9g323\" id=\"05de02cb-1623-4c60-b365-b2df493d0fb5\" rel=\"nofollow noopener\" target=\"_blank\">&#8222;Dzie\u0144 dobry TVN&#8221; <\/a>z <a href=\"https:\/\/plejada.pl\/temat\/maciej-dowbor\/3f777ht\" id=\"9d3c332f-cae6-4398-9f64-fba43ff95bea\" rel=\"nofollow noopener\" target=\"_blank\">Maciejem Dowborem<\/a>, tym razem <a href=\"https:\/\/plejada.pl\/newsy\/niespodziewana-zmiana-w-dzien-dobry-tvn-maciej-dowbor-sie-wydluzyl\/xhe9w80\" id=\"d76a8ccf-1a74-4fc2-b6cd-60267389a8f8\" rel=\"nofollow noopener\" target=\"_blank\">pojawi\u0142a si\u0119 u boku<\/a> <a href=\"https:\/\/plejada.pl\/temat\/marcin-prokop\/qf071zk\" id=\"81761c50-a4a6-46ec-aba4-4cb7cca4492c\" rel=\"nofollow noopener\" target=\"_blank\">Marcina Prokopa,<\/a> znanego z d\u0142ugoletniej wsp\u00f3\u0142pracy z Dorot\u0105 Wellman. Oboje podeszli do nowej sytuacji z dystansem i poczuciem humoru, co szybko udzieli\u0142o si\u0119 widzom.<\/p>\n<p>Dalszy ci\u0105g artyku\u0142u pod materia\u0142em wideo<\/p>\n<p> Kto by\u0142 go\u015bciem w programie 'Dzie\u0144 dobry TVN&#8217;? <\/p>\n<p> Jakie \u017carty przekaza\u0142 Maciej Dowbor? <\/p>\n<p> Jak zareagowa\u0142 Marcin Prokop na \u017carty Dowbora? <\/p>\n<p> Jakie komplementy otrzyma\u0142a tr\u00f3jka prowadz\u0105cych? <\/p>\n<p>  Dawka humoru w &#8222;Dzie\u0144 dobry TVN&#8221; ponownie zapewniona<\/p>\n<p class=\"ods-c-paragraph \">Nieobecny tego dnia w studiu Maciej Dowbor postanowi\u0142 jednak w\u0142\u0105czy\u0107 si\u0119 do zabawy. Po\u0142\u0105czy\u0142 si\u0119 z kolegami telefonicznie, by przekaza\u0107 Marcinowi Prokopowi \u017cartobliw\u0105 przestrog\u0119 dotycz\u0105c\u0105 nowej partnerki ekranowej.<\/p>\n<blockquote class=\"ods-o-quota\">\n<p class=\"ods-o-quota__paragraph\">Mam dla was ma\u0142\u0105 rad\u0119. Ot\u00f3\u017c, drogi Marcinie, je\u015bli my\u015blisz, \u017ce dzisiaj co\u015b zjesz w kuchni, to obejdziesz si\u0119 smakiem, bo zanim si\u0119 obejrzysz, Sandra ju\u017c wszystko ci \u017ce\u017cre<\/p>\n<\/blockquote>\n<p class=\"ods-c-paragraph \">\u2014 ostrzega\u0142 Maciej Dowbor. Wypowied\u017a ta pad\u0142a akurat w momencie, gdy Sandra Hajduk cz\u0119stowa\u0142a si\u0119 smako\u0142ykami z talerza.<\/p>\n<p class=\"ods-c-paragraph \">Marcin Prokop, s\u0142yn\u0105cy z ci\u0119tego dowcipu, szybko odpowiedzia\u0142:<\/p>\n<blockquote class=\"ods-o-quota\">\n<p class=\"ods-o-quota__paragraph\">W og\u00f3le on nie ma poj\u0119cia o tym, co nam tutaj przekazuje. Myli si\u0119 w ka\u017cdej kwestii<\/p>\n<\/blockquote>\n<p class=\"ods-c-paragraph \">Po czym pr\u00f3bowa\u0142 negocjowa\u0107 z Sandr\u0105 Hajduk mo\u017cliwo\u015b\u0107 spr\u00f3bowania przek\u0105sek, spotykaj\u0105c si\u0119 jednak ze stanowcz\u0105 odmow\u0105.<\/p>\n<p class=\"ods-c-paragraph \">Maciej Dowbor nie poprzesta\u0142 na jednym \u017carcie.<\/p>\n<blockquote class=\"ods-o-quota\">\n<p class=\"ods-o-quota__paragraph\">Droga Sandro, musisz wiedzie\u0107, \u017ce pewnie chcesz si\u0119 dzisiaj wykaza\u0107 zawodowo, ale Marcin nie da ci doj\u015b\u0107 do g\u0142osu<\/p>\n<\/blockquote>\n<p class=\"ods-c-paragraph \">\u2014 doda\u0142. Marcin Prokop natychmiast podchwyci\u0142 temat, rozpoczynaj\u0105c d\u0142ug\u0105 opowie\u015b\u0107 o sobie, nie daj\u0105c Sandrze Hajduk szansy na wtr\u0105cenie si\u0119, co tylko podkre\u015bli\u0142o r\u00f3\u017cnice charakter\u00f3w prowadz\u0105cych.<\/p>\n<p class=\"ods-c-paragraph \">Nagranie z tej wymiany zda\u0144 trafi\u0142o na Instagram i b\u0142yskawicznie zyska\u0142o uznanie internaut\u00f3w, kt\u00f3rzy w komentarzach nie szcz\u0119dzili komplement\u00f3w pod adresem ca\u0142ej tr\u00f3jki. Fani docenili lekko\u015b\u0107, dystans i poczucie humoru prowadz\u0105cych, podkre\u015blaj\u0105c, \u017ce takie momenty buduj\u0105 wyj\u0105tkow\u0105 atmosfer\u0119 programu.<\/p>\n<p class=\"ods-c-paragraph \">Dzi\u0119kujemy, \u017ce przeczyta\u0142a\u015b\/e\u015b nasz artyku\u0142 do ko\u0144ca. W serwisie Plejada.pl ka\u017cdego dnia piszemy o najwa\u017cniejszych wydarzeniach show-biznesowych. B\u0105d\u017a na bie\u017c\u0105co! <a rel=\"nofollow noopener\" href=\"https:\/\/news.google.com\/publications\/CAAiEF0PeAlb7W1llpV_mwV2rL4qFAgKIhBdD3gJW-1tZZaVf5sFdqy-?hl=pl&amp;gl=PL&amp;ceid=PL%3Apl\" id=\"0c3b1cc4-5d3c-4c0c-98c7-8c919806ac2a\" target=\"_blank\">Obserwuj<\/a> Plejad\u0119 w Wiadomo\u015bciach Google. Odwied\u017a nas tak\u017ce na <a rel=\"nofollow noopener\" href=\"https:\/\/www.facebook.com\/plejadapl\" id=\"2c1c8230-d678-4efb-b0d9-51ba1b143518\" target=\"_blank\">Facebooku<\/a>, <a rel=\"nofollow noopener\" href=\"https:\/\/www.instagram.com\/plejadapl\/\" id=\"e2984a58-f3cf-4b22-9842-72d2fdb37d8d\" target=\"_blank\">Instagramie<\/a>, <a rel=\"nofollow noopener\" href=\"https:\/\/www.youtube.com\/c\/plejada\" id=\"aae9aa8f-da1a-423c-9721-6d6e33c5eaf0\" target=\"_blank\">YouTubie<\/a> oraz <a rel=\"nofollow noopener\" href=\"https:\/\/www.tiktok.com\/@plejada_pl\" id=\"5df019f3-cb65-487b-bd00-dad558033009\" target=\"_blank\">TikToku<\/a>.<\/p>\n<p class=\"ods-c-paragraph \">Chcesz podzieli\u0107 si\u0119 ciekawym newsem lub zaproponowa\u0107 temat? Skontaktuj si\u0119 z nami, pisz\u0105c maila na adres: plejada@redakcjaonet.pl.<\/p>\n<p><script async src=\"\/\/www.instagram.com\/embed.js\"><\/script><script async src=\"\/\/www.tiktok.com\/embed.js\"><\/script><\/p>\n","protected":false},"excerpt":{"rendered":"Sandra Hajduk, na co dzie\u0144 wsp\u00f3\u0142prowadz\u0105ca program &#8222;Dzie\u0144 dobry TVN&#8221; z Maciejem Dowborem, tym razem pojawi\u0142a si\u0119 u&hellip;\n","protected":false},"author":2,"featured_media":184271,"comment_status":"","ping_status":"","sticky":false,"template":"","format":"standard","meta":{"footnotes":""},"categories":[22],"tags":[2954,122,3472,2956,48,125,46,42,38,40,39,41,123,22302,34569,47],"class_list":{"0":"post-184270","1":"post","2":"type-post","3":"status-publish","4":"format-standard","5":"has-post-thumbnail","7":"category-rozrywka","8":"tag-dzien_dobry_tvn","9":"tag-entertainment","10":"tag-maciej_dowbor","11":"tag-marcin_prokop","12":"tag-nat_styl","13":"tag-newsy","14":"tag-omp","15":"tag-pl","16":"tag-poland","17":"tag-polish","18":"tag-polska","19":"tag-polski","20":"tag-rozrywka","21":"tag-sandra_hajduk","22":"tag-sandra_hajduk_popinska","23":"tag-screening_general"},"share_on_mastodon":{"url":"https:\/\/pubeurope.com\/@pl\/115827757713242647","error":""},"_links":{"self":[{"href":"https:\/\/www.europesays.com\/pl\/wp-json\/wp\/v2\/posts\/184270","targetHints":{"allow":["GET"]}}],"collection":[{"href":"https:\/\/www.europesays.com\/pl\/wp-json\/wp\/v2\/posts"}],"about":[{"href":"https:\/\/www.europesays.com\/pl\/wp-json\/wp\/v2\/types\/post"}],"author":[{"embeddable":true,"href":"https:\/\/www.europesays.com\/pl\/wp-json\/wp\/v2\/users\/2"}],"replies":[{"embeddable":true,"href":"https:\/\/www.europesays.com\/pl\/wp-json\/wp\/v2\/comments?post=184270"}],"version-history":[{"count":0,"href":"https:\/\/www.europesays.com\/pl\/wp-json\/wp\/v2\/posts\/184270\/revisions"}],"wp:featuredmedia":[{"embeddable":true,"href":"https:\/\/www.europesays.com\/pl\/wp-json\/wp\/v2\/media\/184271"}],"wp:attachment":[{"href":"https:\/\/www.europesays.com\/pl\/wp-json\/wp\/v2\/media?parent=184270"}],"wp:term":[{"taxonomy":"category","embeddable":true,"href":"https:\/\/www.europesays.com\/pl\/wp-json\/wp\/v2\/categories?post=184270"},{"taxonomy":"post_tag","embeddable":true,"href":"https:\/\/www.europesays.com\/pl\/wp-json\/wp\/v2\/tags?post=184270"}],"curies":[{"name":"wp","href":"https:\/\/api.w.org\/{rel}","templated":true}]}}