{"id":184300,"date":"2026-01-02T22:19:07","date_gmt":"2026-01-02T22:19:07","guid":{"rendered":"https:\/\/www.europesays.com\/pl\/184300\/"},"modified":"2026-01-02T22:19:07","modified_gmt":"2026-01-02T22:19:07","slug":"polka-zakochala-sie-w-kolezance-z-druzyny-ich-zdjecie-wywolalo-poruszenie-przeglad-sportowy-onet","status":"publish","type":"post","link":"https:\/\/www.europesays.com\/pl\/184300\/","title":{"rendered":"Polka zakocha\u0142a si\u0119 w kole\u017cance z dru\u017cyny. Ich zdj\u0119cie wywo\u0142a\u0142o poruszenie &#8211; Przegl\u0105d Sportowy Onet"},"content":{"rendered":"<ol>\n<li><a href=\"https:\/\/news.google.com\/rss\/articles\/CBMivgFBVV95cUxPMWZSTjVEVWpWYWZJbGNwUG8xd0ktT3l4aXFIQzhfZGUwa1JIWklVZlh5MHR2NFl1bzlpYzZ2aURnSmlwdmZuU1k2U1lxdG9vcFg5LTY0U0x1ZjZuYjhxQy1xLVpfOU9sbWQ5ZmtNbU0wZjVXcER6MUhNOS1FMHltTGp0WkZoMW1peVZSNllOWW9lazFtbW5xMTRZSGhfclRJdUVlTm1RNnhEVGpVcmdGWmpldW90eVo4eUNiNlR3?oc=5\" target=\"_blank\" rel=\"nofollow noopener\">Polka zakocha\u0142a si\u0119 w kole\u017cance z dru\u017cyny. Ich zdj\u0119cie wywo\u0142a\u0142o poruszenie<\/a>&nbsp;&nbsp;Przegl\u0105d Sportowy Onet<\/li>\n<li><a href=\"https:\/\/news.google.com\/rss\/articles\/CBMiuAFBVV95cUxPZVE1WG9mN2ViZExDVXJqVFEyV1VpWnBIOE4wa2lYMUtpMlNNeGc4Z3NnNU9ISmhzNk5zUTd6LTdTTHJBWTI3cVU5MjJqbENXb0ZhaXAya2tPRHRfMjdoTVZDUnJpQXFyWGFjV050a3Y4TXVoWFlMeFh6cE5HUTR4aWtTNll1VFMwMWlPM21Mc2oxU1JkcWlCN3R5Y0RHRlZtZHFTa01JSGtEaTN4NUNzV3A4STNpUlV1?oc=5\" target=\"_blank\" rel=\"nofollow noopener\">Potwierdzi\u0142y, \u017ce s\u0105 razem. Polka pokaza\u0142a partnerk\u0119<\/a>&nbsp;&nbsp;SportoweFakty<\/li>\n<li><a href=\"https:\/\/news.google.com\/rss\/articles\/CBMiqwFBVV95cUxPVFhKeGdqTWxBTlY4UUpmbnFuN19veHhxaUVEN2lyTy11Wnc4Sm5ZUFNraC1YRVRxNFB1SlU2QnBna2dua1hJbmlDYm9jd0ktYWI1emdpeW04WEVpcGQ0RHluZFYxVUdlZGZEZUxLekN1UHVXNEIyRDZCcjJWRWxhTjlIZ0lzc1dKalFTdnZvaFNmbGdGQTdPZ1lCYUpwMXB4eTg5NTZMZHk3OWc?oc=5\" target=\"_blank\" rel=\"nofollow noopener\">Tym zwi\u0105zkiem \u017cyj\u0105 ca\u0142e Niemcy. Zdj\u0119cie Polki niesie si\u0119 po \u015bwiecie<\/a>&nbsp;&nbsp;Sport.pl<\/li>\n<li><a href=\"https:\/\/news.google.com\/rss\/articles\/CBMiugFBVV95cUxOSWJ2ekVfZzdCUlduSmRPYVFRYUxQWHJVa1FRZUZMNlYwTmhtZlBHWXVuZXF2eTk4bGowbHYtdmpXSEh4QU9weTh3eVRqdjZibVRkTl9NREUzOHJnZWJYTklrTWZPTGlKZm1keDNTZTk3MEw3ZlkybHRlZmR1eWV5SG5ZZU0wc2szbE5BNFhTUUt4MlE4RjhDYjkwYkNNVXM2ZUg3bUFBWDZ4dy0wcHl0YnhRQkk3ZU9NckE?oc=5\" target=\"_blank\" rel=\"nofollow noopener\">Gwiazda reprezentacji Polski pokaza\u0142a ukochan\u0105. To pi\u0142karka Bayernu Monachium<\/a>&nbsp;&nbsp;Fakt<\/li>\n<li><a href=\"https:\/\/news.google.com\/rss\/articles\/CBMihAJBVV95cUxOSk1CcFJaQkZ2Z21SRE1obDFZT3R0cWVPeXpoUmZ3M0EydUl4azVRV0ZPWkMyTkxscmJBUWpHQXgyZU1UY0VjSlQ1ZHh1cmFBanU2aFN2U0xkbWNhRnNqV0g4a1dWZnhfQzRsTXVBeG5YTFRkUmRTcG1nbGZLRDdhMzNFa2lrMjYzdXkzTFhRZ0JLajRhN1Rkcm5zRm1yTTBFZk5ZX0pHaWV2dUx6dzBkRmlTRzhWUzl5T2l6RF9IcHIwcXljZERqaElTbU5BLUFmTEZhVzZoY0hkUWRFN0ZkQ3Z1NXdwb2tmRjVzX2NLSjF0YWhUWF9feW9KbTJobWRWRjNkSw?oc=5\" target=\"_blank\" rel=\"nofollow noopener\">Reprezentantka Polski pokaza\u0142a si\u0119 ze swoj\u0105 partnerk\u0105! Ju\u017c nie ukrywaj\u0105 swojej wielkiej mi\u0142o\u015bci [ZDJ\u0118CIA]<\/a>&nbsp;&nbsp;Super Express<\/li>\n<\/ol>\n","protected":false},"excerpt":{"rendered":"Polka zakocha\u0142a si\u0119 w kole\u017cance z dru\u017cyny. Ich zdj\u0119cie wywo\u0142a\u0142o poruszenie&nbsp;&nbsp;Przegl\u0105d Sportowy Onet Potwierdzi\u0142y, \u017ce s\u0105 razem. Polka&hellip;\n","protected":false},"author":2,"featured_media":184301,"comment_status":"","ping_status":"","sticky":false,"template":"","format":"standard","meta":{"footnotes":""},"categories":[5],"tags":[969,32,33,36,37,27,67,34,35,28,31,36130,25,129,948,42,38,40,39,41,136,128,47,655,29,30,26,130],"class_list":{"0":"post-184300","1":"post","2":"type-post","3":"status-publish","4":"format-standard","5":"has-post-thumbnail","7":"category-naglowki","8":"tag-bayern_monachium","9":"tag-breaking-news","10":"tag-breakingnews","11":"tag-featured-news","12":"tag-featurednews","13":"tag-headlines","14":"tag-intextvideo_splayer","15":"tag-latest-news","16":"tag-latestnews","17":"tag-naglowki","18":"tag-najwazniejsze-artykuly","19":"tag-natalia_padilla_bidas","20":"tag-news","21":"tag-ofsajd","22":"tag-pilka_nozna","23":"tag-pl","24":"tag-poland","25":"tag-polish","26":"tag-polska","27":"tag-polski","28":"tag-ps_detal_new","29":"tag-psv2","30":"tag-screening_general","31":"tag-styl_zycia_lifestyle_","32":"tag-top-stories","33":"tag-topstories","34":"tag-wiadomosci","35":"tag-wiadomosci_sportowe"},"share_on_mastodon":{"url":"https:\/\/pubeurope.com\/@pl\/115827832841297101","error":""},"_links":{"self":[{"href":"https:\/\/www.europesays.com\/pl\/wp-json\/wp\/v2\/posts\/184300","targetHints":{"allow":["GET"]}}],"collection":[{"href":"https:\/\/www.europesays.com\/pl\/wp-json\/wp\/v2\/posts"}],"about":[{"href":"https:\/\/www.europesays.com\/pl\/wp-json\/wp\/v2\/types\/post"}],"author":[{"embeddable":true,"href":"https:\/\/www.europesays.com\/pl\/wp-json\/wp\/v2\/users\/2"}],"replies":[{"embeddable":true,"href":"https:\/\/www.europesays.com\/pl\/wp-json\/wp\/v2\/comments?post=184300"}],"version-history":[{"count":0,"href":"https:\/\/www.europesays.com\/pl\/wp-json\/wp\/v2\/posts\/184300\/revisions"}],"wp:featuredmedia":[{"embeddable":true,"href":"https:\/\/www.europesays.com\/pl\/wp-json\/wp\/v2\/media\/184301"}],"wp:attachment":[{"href":"https:\/\/www.europesays.com\/pl\/wp-json\/wp\/v2\/media?parent=184300"}],"wp:term":[{"taxonomy":"category","embeddable":true,"href":"https:\/\/www.europesays.com\/pl\/wp-json\/wp\/v2\/categories?post=184300"},{"taxonomy":"post_tag","embeddable":true,"href":"https:\/\/www.europesays.com\/pl\/wp-json\/wp\/v2\/tags?post=184300"}],"curies":[{"name":"wp","href":"https:\/\/api.w.org\/{rel}","templated":true}]}}