{"id":184321,"date":"2026-01-02T22:32:13","date_gmt":"2026-01-02T22:32:13","guid":{"rendered":"https:\/\/www.europesays.com\/pl\/184321\/"},"modified":"2026-01-02T22:32:13","modified_gmt":"2026-01-02T22:32:13","slug":"smiertelne-zatrucie-czadem-na-pawlowicach-nie-zyje-68-latka-strazacy-z-waznym-apelem-do-mieszkancow-wroclaw-pl","status":"publish","type":"post","link":"https:\/\/www.europesays.com\/pl\/184321\/","title":{"rendered":"\u015amiertelne zatrucie czadem na Paw\u0142owicach. Nie \u017cyje 68-latka. Stra\u017cacy z wa\u017cnym apelem do mieszka\u0144c\u00f3w &#8211; wroclaw.pl"},"content":{"rendered":"<ol>\n<li><a href=\"https:\/\/news.google.com\/rss\/articles\/CBMioAFBVV95cUxQd1NIWktzWnRKREJqcHVJRDNoU2IzX21vMWR1RXQ1SnBBSUdRV3VEb0J6YnFKWXJNUjZtQ0JaZTBSY3hnMkpGcUNTeE1CTG5HZ01BX3pFel84Z3VJS2RQM0dsOUJUdW05Q1I1ckx2QTBCRnpJeXR1WVNDY0pQNlVoOVlFZzhINGJuT2hyaC1qUGtKYzloUDJsQ1ZCcEY0X1U5?oc=5\" target=\"_blank\" rel=\"nofollow noopener\">\u015amiertelne zatrucie czadem na Paw\u0142owicach. Nie \u017cyje 68-latka. Stra\u017cacy z wa\u017cnym apelem do mieszka\u0144c\u00f3w<\/a>&nbsp;&nbsp;wroclaw.pl<\/li>\n<li><a href=\"https:\/\/news.google.com\/rss\/articles\/CBMiwAFBVV95cUxNRjNUa2tmbUZuOEdGVGNBbkszR2tXdW1zWWVEX0xIYUZWQUVIZVZTSE44VGh0LXUtWUJqU1pPcUNXdURGOF9pNVJ3WnhoWTRXMDBRQk8yYmpOZVZyTTBXdUVxQlpfZm5sS0dqVmtaWFZLVEppbExMbkszQW11Tk9ReVUtYXJOa2hzWFU4VEpxck1PanBRc0EwVlpqYm5kXzRDTW1Fd25EbUljMEdfVFZTTEE5OUxuU3BINEJHbUdCWHg?oc=5\" target=\"_blank\" rel=\"nofollow noopener\">Dramat we Wroc\u0142awiu. Tlenek w\u0119gla zabi\u0142 kobiet\u0119 i jej czworono\u017cnego pupila<\/a>&nbsp;&nbsp;Fakt<\/li>\n<li><a href=\"https:\/\/news.google.com\/rss\/articles\/CBMixAFBVV95cUxQSXF0UnR1YnpDZVRjT3RzSHQtd1lDSmNZakZWMjk3UHlmMUFZM1JhY09MR1pPR0VxazhJaFF0VmNFWWxmdGxpbEFyZXdidElXOV9Ob01vZzh6WlVuX0tnZkNweFNnWm1JUHRndm5BREdjdzJkYXhWdFhod3dRNXZJa2pKOEUwa3UtQXNUYXBvUVVKd3VzeFlNZFQyOGpsMmRYYlVVaGNwaFI4UW5HOTVZWFFiVnhpRjc2X0M4c2hkanlZMHNa?oc=5\" target=\"_blank\" rel=\"nofollow noopener\">Tragiczne zdarzenie na Paw\u0142owicach. 68-letnia kobieta zmar\u0142a w domu jednorodzinnym<\/a>&nbsp;&nbsp;Gazeta Wroc\u0142awska<\/li>\n<li><a href=\"https:\/\/news.google.com\/rss\/articles\/CBMiuAFBVV95cUxNVXF3c2gzbGM3X3dNSV8wRm5RaWY5X1hodUxvQWVETlJDQmJlR3RhZ1lkRWFNbF9JbWhiclpGVTVrU21ZRm8zYTFlazNaUGFxSjNQdFpYYi15c3VsT1pURGowZ1QzSUt1QVhOVGc0STNZWFF0Q2pLRE9TUk90cFZ4NjQ2UHlibjVyNWF1SHR0VEhuTVZ1RzlUSGdwZkxWalpTQ3ZhdlBYLS1ibTR2bV9QR25lVzZSNGhP?oc=5\" target=\"_blank\" rel=\"nofollow noopener\">Tragedia na wroc\u0142awskich Paw\u0142owicach. Kobieta zgin\u0119\u0142a w zadymionym mieszkaniu<\/a>&nbsp;&nbsp;Radio Wroc\u0142aw<\/li>\n<li><a href=\"https:\/\/news.google.com\/rss\/articles\/CBMirgFBVV95cUxOU2R6SjFLYjBYUGNScjR6ODRVSnh6QW9mYnNnV2p5VWVsZzhWWjlLNDFVdDFMSzdnaFp1UnVDY1BwekgyblRVRjhuV2lfbmxuaDhrMGRKVjh4d3RjUHhfX3hybk82VVQ1TmFCd2ZuNGJSekQtMENkU2tvSlk1WGZrUUhyZmlocm41UzRSeGhpWDdkTG1ueS13bUlGOU1nWHVsODVxdk1xOTdrQm1lanc?oc=5\" target=\"_blank\" rel=\"nofollow noopener\">\u015amiertelne zatrucie we Wroc\u0142awiu, nie \u017cyje kobieta. Stra\u017cacy publikuj\u0105 wa\u017cny apel<\/a>&nbsp;&nbsp;Radio Zet<\/li>\n<\/ol>\n","protected":false},"excerpt":{"rendered":"\u015amiertelne zatrucie czadem na Paw\u0142owicach. Nie \u017cyje 68-latka. Stra\u017cacy z wa\u017cnym apelem do mieszka\u0144c\u00f3w&nbsp;&nbsp;wroclaw.pl Dramat we Wroc\u0142awiu. Tlenek&hellip;\n","protected":false},"author":2,"featured_media":78377,"comment_status":"","ping_status":"","sticky":false,"template":"","format":"standard","meta":{"footnotes":""},"categories":[12],"tags":[32,33,36,37,27,34,35,28,31,25,42,38,40,39,41,29,30,26],"class_list":{"0":"post-184321","1":"post","2":"type-post","3":"status-publish","4":"format-standard","5":"has-post-thumbnail","7":"category-polska","8":"tag-breaking-news","9":"tag-breakingnews","10":"tag-featured-news","11":"tag-featurednews","12":"tag-headlines","13":"tag-latest-news","14":"tag-latestnews","15":"tag-naglowki","16":"tag-najwazniejsze-artykuly","17":"tag-news","18":"tag-pl","19":"tag-poland","20":"tag-polish","21":"tag-polska","22":"tag-polski","23":"tag-top-stories","24":"tag-topstories","25":"tag-wiadomosci"},"share_on_mastodon":{"url":"https:\/\/pubeurope.com\/@pl\/115827883603563755","error":""},"_links":{"self":[{"href":"https:\/\/www.europesays.com\/pl\/wp-json\/wp\/v2\/posts\/184321","targetHints":{"allow":["GET"]}}],"collection":[{"href":"https:\/\/www.europesays.com\/pl\/wp-json\/wp\/v2\/posts"}],"about":[{"href":"https:\/\/www.europesays.com\/pl\/wp-json\/wp\/v2\/types\/post"}],"author":[{"embeddable":true,"href":"https:\/\/www.europesays.com\/pl\/wp-json\/wp\/v2\/users\/2"}],"replies":[{"embeddable":true,"href":"https:\/\/www.europesays.com\/pl\/wp-json\/wp\/v2\/comments?post=184321"}],"version-history":[{"count":0,"href":"https:\/\/www.europesays.com\/pl\/wp-json\/wp\/v2\/posts\/184321\/revisions"}],"wp:featuredmedia":[{"embeddable":true,"href":"https:\/\/www.europesays.com\/pl\/wp-json\/wp\/v2\/media\/78377"}],"wp:attachment":[{"href":"https:\/\/www.europesays.com\/pl\/wp-json\/wp\/v2\/media?parent=184321"}],"wp:term":[{"taxonomy":"category","embeddable":true,"href":"https:\/\/www.europesays.com\/pl\/wp-json\/wp\/v2\/categories?post=184321"},{"taxonomy":"post_tag","embeddable":true,"href":"https:\/\/www.europesays.com\/pl\/wp-json\/wp\/v2\/tags?post=184321"}],"curies":[{"name":"wp","href":"https:\/\/api.w.org\/{rel}","templated":true}]}}