{"id":184341,"date":"2026-01-02T22:48:09","date_gmt":"2026-01-02T22:48:09","guid":{"rendered":"https:\/\/www.europesays.com\/pl\/184341\/"},"modified":"2026-01-02T22:48:09","modified_gmt":"2026-01-02T22:48:09","slug":"protest-na-czerwona-kartke-dla-gwiazdora-skokow-media-fis-podjal-juz-decyzje","status":"publish","type":"post","link":"https:\/\/www.europesays.com\/pl\/184341\/","title":{"rendered":"Protest na czerwon\u0105 kartk\u0119 dla gwiazdora skok\u00f3w. Media: FIS podj\u0105\u0142 ju\u017c decyzj\u0119"},"content":{"rendered":"\n<p class=\"contentpart contentpart--default contentpart--text\" data-position=\"0\"><a href=\"https:\/\/sportowefakty.wp.pl\/skoki-narciarskie\/timi-zajc\" rel=\"nofollow noopener\" target=\"_blank\">Timi Zajc<\/a>\u00a0fatalnie b\u0119dzie wspomina\u0107 tegoroczny Turniej Czterech Skoczni. W pierwszym konkursie S\u0142oweniec zaj\u0105\u0142 drugie miejsce, ale p\u00f3\u017aniej zosta\u0142 zdyskwalifikowany za zbyt kr\u00f3tk\u0105 nogawk\u0119. W nast\u0119pnym konkursie nie zosta\u0142 nawet dopuszczony do skoku ze wzgl\u0119du na kontrol\u0119 <a href=\"https:\/\/sportowefakty.wp.pl\/zimowe\/fis\" rel=\"nofollow noopener\" target=\"_blank\">FIS<\/a>\u00a0na g\u00f3rze skoczni.<\/p>\n<p class=\"contentpart contentpart--default contentpart--text\" data-position=\"1\">Tym razem pomiary wykaza\u0142y braki o\u00a04\u00a0mm. Dla Zajca to by\u0142a druga \u017c\u00f3\u0142ta kartka w\u00a0TCS, wi\u0119c S\u0142oweniec otrzyma\u0142 czerwon\u0105 i b\u0119dzie pauzowa\u0107 w kolejnych zawodach w\u00a0Innsbrucku i\u00a0Bischofshofen.<\/p>\n<p> <img role=\"presentation\" src=\"https:\/\/std.wpcdn.pl\/images\/adv\/placeholder_wp.svg\" loading=\"lazy\" alt=\"\" decoding=\"async\"\/>  <\/p>\n<p class=\"contentpart contentpart--default contentpart--text\" data-position=\"2\">ZOBACZ WIDEO: Oto jakie zdanie o trenerze polskich skoczk\u00f3w maj\u0105 kibice<\/p>\n<p class=\"contentpart contentpart--default contentpart--text\" data-position=\"4\">S\u0142owe\u0144cy nie mogli si\u0119 pogodzi\u0107 z tak\u0105 decyzj\u0105. Okazuje si\u0119,\u00a0\u017ce kontroler sprz\u0119tu <a href=\"https:\/\/sportowefakty.wp.pl\/skoki-narciarskie\/mathias-hafele\" rel=\"nofollow noopener\" target=\"_blank\">Mathias Hafele<\/a>\u00a0rozszerzy\u0142 zakres pomiar\u00f3w r\u00f3wnie\u017c na wie\u017cy, cho\u0107 wcze\u015bniej kadry nie dosta\u0142y takiej informacji.<\/p>\n<p class=\"contentpart contentpart--default contentpart--text\" data-position=\"5\">&#8211;\u00a0Chcia\u0142em zaskoczy\u0107 zawodnik\u00f3w i\u00a0sztaby &#8211;\u00a0powiedzia\u0142 kontroler FIS w rozmowie ze Sport.pl. &#8211;\u00a0Kontrolowali\u015bmy g\u0142\u00f3wnie d\u0142ugo\u015b\u0107 nogawek, w\u00a0kilku przypadkach buty &#8211;\u00a0doda\u0142.<\/p>\n<p class=\"contentpart contentpart--default contentpart--text\" data-position=\"6\">Z tego wzgl\u0119du s\u0142owe\u0144ski trener <a href=\"https:\/\/sportowefakty.wp.pl\/skoki-narciarskie\/robert-hrgota\" rel=\"nofollow noopener\" target=\"_blank\">Robert Hrgota<\/a>\u00a0oceni\u0142, \u017ce sprawdzono Zajca niezgodnie z\u00a0procedur\u0105. Wed\u0142ug niego najpierw powinny by\u0107 sprawdzone chipy, a dopiero p\u00f3\u017aniej kombinezon. Taka argumentacja mia\u0142a jednak nie przekona\u0107 FIS.<\/p>\n<p> <img role=\"presentation\" src=\"https:\/\/std.wpcdn.pl\/images\/adv\/placeholder_wp.svg\" loading=\"lazy\" alt=\"\" decoding=\"async\"\/>  <\/p>\n<p class=\"contentpart contentpart--default contentpart--text\" data-position=\"7\">&#8222;Hafele broni si\u0119, t\u0142umacz\u0105c, \u017ce Zajc przecie\u017c i tak poda\u0142 mu str\u00f3j, w kt\u00f3rym chcia\u0142 za chwil\u0119 odda\u0107 skok. To dlatego protest zosta\u0142 odrzucony&#8221; &#8211; czytamy na Sport.pl.<\/p>\n","protected":false},"excerpt":{"rendered":"Timi Zajc\u00a0fatalnie b\u0119dzie wspomina\u0107 tegoroczny Turniej Czterech Skoczni. W pierwszym konkursie S\u0142oweniec zaj\u0105\u0142 drugie miejsce, ale p\u00f3\u017aniej zosta\u0142&hellip;\n","protected":false},"author":2,"featured_media":184342,"comment_status":"","ping_status":"","sticky":false,"template":"","format":"standard","meta":{"footnotes":""},"categories":[24],"tags":[1571,32721,42,38,40,39,41,13539,36139,1538,570,127,126,447,33334,29423],"class_list":{"0":"post-184341","1":"post","2":"type-post","3":"status-publish","4":"format-standard","5":"has-post-thumbnail","7":"category-sport","8":"tag-fis","9":"tag-mathias-hafele","10":"tag-pl","11":"tag-poland","12":"tag-polish","13":"tag-polska","14":"tag-polski","15":"tag-ps-w-skokach-narciarskich","16":"tag-robert-hrgota","17":"tag-skoki-narciarskie","18":"tag-slowenia","19":"tag-sport","20":"tag-sports","21":"tag-sporty-zimowe","22":"tag-timi-zajc","23":"tag-turniej-czterech-skoczni"},"share_on_mastodon":{"url":"https:\/\/pubeurope.com\/@pl\/115827946657055386","error":""},"_links":{"self":[{"href":"https:\/\/www.europesays.com\/pl\/wp-json\/wp\/v2\/posts\/184341","targetHints":{"allow":["GET"]}}],"collection":[{"href":"https:\/\/www.europesays.com\/pl\/wp-json\/wp\/v2\/posts"}],"about":[{"href":"https:\/\/www.europesays.com\/pl\/wp-json\/wp\/v2\/types\/post"}],"author":[{"embeddable":true,"href":"https:\/\/www.europesays.com\/pl\/wp-json\/wp\/v2\/users\/2"}],"replies":[{"embeddable":true,"href":"https:\/\/www.europesays.com\/pl\/wp-json\/wp\/v2\/comments?post=184341"}],"version-history":[{"count":0,"href":"https:\/\/www.europesays.com\/pl\/wp-json\/wp\/v2\/posts\/184341\/revisions"}],"wp:featuredmedia":[{"embeddable":true,"href":"https:\/\/www.europesays.com\/pl\/wp-json\/wp\/v2\/media\/184342"}],"wp:attachment":[{"href":"https:\/\/www.europesays.com\/pl\/wp-json\/wp\/v2\/media?parent=184341"}],"wp:term":[{"taxonomy":"category","embeddable":true,"href":"https:\/\/www.europesays.com\/pl\/wp-json\/wp\/v2\/categories?post=184341"},{"taxonomy":"post_tag","embeddable":true,"href":"https:\/\/www.europesays.com\/pl\/wp-json\/wp\/v2\/tags?post=184341"}],"curies":[{"name":"wp","href":"https:\/\/api.w.org\/{rel}","templated":true}]}}