{"id":184373,"date":"2026-01-02T23:17:09","date_gmt":"2026-01-02T23:17:09","guid":{"rendered":"https:\/\/www.europesays.com\/pl\/184373\/"},"modified":"2026-01-02T23:17:09","modified_gmt":"2026-01-02T23:17:09","slug":"amazon-prime-video-z-wielka-niespodzianka-na-weekend-wojenny-film-z-zeszlego-roku-w-ofercie","status":"publish","type":"post","link":"https:\/\/www.europesays.com\/pl\/184373\/","title":{"rendered":"Amazon Prime Video z WIELK\u0104 niespodziank\u0105 na weekend! Wojenny film z zesz\u0142ego roku w ofercie"},"content":{"rendered":"<p>Widzowie Amazon Prime Video mog\u0105 zapozna\u0107 si\u0119 z kolejnymi ciekawymi nowo\u015bciami przygotowanymi przez Amazon na pocz\u0105tek roku. To dobry start dla klient\u00f3w.<\/p>\n<p>Ju\u017c wcze\u015bniej informowali\u015bmy o dw\u00f3ch nowo\u015bciach przygotowanych dla klient\u00f3w Amazon Prime Video, ale jak wida\u0107 to nie koniec atrakcji. Amazon dorzuci\u0142 kolejn\u0105, bardzo mocn\u0105 niespodziank\u0119 &#8211; idealn\u0105 dla widz\u00f3w, kt\u00f3rzy szukali czego\u015b konkretnego na weekendowy seans.<\/p>\n<p>    Dalsza cz\u0119\u015b\u0107 tekstu pod wideo<\/p>\n<p>Od dzisiaj w ofercie Amazon Prime Video znajdziecie film \u201eCzo\u0142g\u201d. To intensywna, mroczna produkcja wojenna, opowiadaj\u0105ca histori\u0119 pi\u0119cioosobowej za\u0142ogi niemieckiego czo\u0142gu Tiger, wys\u0142anej na tajn\u0105 misj\u0119 daleko za lini\u0119 frontu. \u017bo\u0142nierze stopniowo trac\u0105 kontakt z rzeczywisto\u015bci\u0105, a ich wyprawa zamienia si\u0119 w brutaln\u0105 podr\u00f3\u017c w samo serce ciemno\u015bci.<\/p>\n<p>        <img loading=\"lazy\" decoding=\"async\" src=\"https:\/\/www.europesays.com\/pl\/wp-content\/uploads\/2026\/01\/B32963402.414688363;dc_trk_aid=607216972;dc_trk_cid=228291445;ord=[timestamp];dc_lat=;dc_rdid=;tag_f.gif\" attributionsrc=\"\" border=\"0\" height=\"1\" width=\"1\" alt=\"Advertisement\"\/><\/p>\n<p>Warto doda\u0107, \u017ce \u201eCzo\u0142g\u201d zebra\u0142 naprawd\u0119 przyzwoite opinie widz\u00f3w &#8211; na IMDb film mo\u017ce pochwali\u0107 si\u0119 ocen\u0105 7,2\/10. Je\u015bli lubicie ci\u0119\u017ckie, wojenne kino z mocnym klimatem i psychologicznym napi\u0119ciem, to zesz\u0142oroczna propozycja zdecydowanie mo\u017ce trafi\u0107 w Wasz gust.<\/p>\n<p>To jednak nie koniec nowo\u015bci. Amazon Prime Video dorzuca dzi\u015b tak\u017ce \u201eUprowadzona dziewczyna\u201d &#8211; thriller akcji inspirowany prawdziwymi wydarzeniami. Historia skupia si\u0119 na Maureen, kt\u00f3rej dwuletnia c\u00f3rka zostaje porwana przez ojca i wywieziona na Bliski Wsch\u00f3d. Zdesperowana matka rozpoczyna ryzykown\u0105 misj\u0119, przemierzaj\u0105c obce miasta, zderzaj\u0105c si\u0119 z niebezpiecznymi systemami i latami niepewno\u015bci w walce o odzyskanie dziecka.<\/p>\n<p>Na deser Amazon proponuje co\u015b z zupe\u0142nie innej p\u00f3\u0142ki. \u201eId\u017a za moim g\u0142osem\u201d to lekka komedia romantyczna, kt\u00f3ra stawia na emocje i nietypowy punkt wyj\u015bcia. Po kryzysie zdrowotnym Klara niemal nie wychodzi z domu, a jej codzienno\u015bci\u0105 staje si\u0119 s\u0142uchanie ulubionej audycji radiowej Follow My Voice. Z czasem pojawia si\u0119 pytanie: czy mo\u017cna zakocha\u0107 si\u0119 w kim\u015b, kogo zna si\u0119 wy\u0142\u0105cznie z g\u0142osu? Czy takie uczucie ma w og\u00f3le szans\u0119 by\u0107 prawdziwe?<\/p>\n<p>Jak wida\u0107, Amazon Prime Video naprawd\u0119 mocno rozkr\u0119ca ofert\u0119 na pocz\u0105tek roku \u2013 od wojennego mroku, przez thriller oparty na faktach, a\u017c po romantyczn\u0105 histori\u0119 idealn\u0105 na spokojny wiecz\u00f3r. Zdecydowanie jest w czym przebiera\u0107.<\/p>\n","protected":false},"excerpt":{"rendered":"Widzowie Amazon Prime Video mog\u0105 zapozna\u0107 si\u0119 z kolejnymi ciekawymi nowo\u015bciami przygotowanymi przez Amazon na pocz\u0105tek roku. To&hellip;\n","protected":false},"author":2,"featured_media":184374,"comment_status":"","ping_status":"","sticky":false,"template":"","format":"standard","meta":{"footnotes":""},"categories":[22],"tags":[122,42,38,40,39,41,123],"class_list":{"0":"post-184373","1":"post","2":"type-post","3":"status-publish","4":"format-standard","5":"has-post-thumbnail","7":"category-rozrywka","8":"tag-entertainment","9":"tag-pl","10":"tag-poland","11":"tag-polish","12":"tag-polska","13":"tag-polski","14":"tag-rozrywka"},"share_on_mastodon":{"url":"https:\/\/pubeurope.com\/@pl\/115828060499286694","error":""},"_links":{"self":[{"href":"https:\/\/www.europesays.com\/pl\/wp-json\/wp\/v2\/posts\/184373","targetHints":{"allow":["GET"]}}],"collection":[{"href":"https:\/\/www.europesays.com\/pl\/wp-json\/wp\/v2\/posts"}],"about":[{"href":"https:\/\/www.europesays.com\/pl\/wp-json\/wp\/v2\/types\/post"}],"author":[{"embeddable":true,"href":"https:\/\/www.europesays.com\/pl\/wp-json\/wp\/v2\/users\/2"}],"replies":[{"embeddable":true,"href":"https:\/\/www.europesays.com\/pl\/wp-json\/wp\/v2\/comments?post=184373"}],"version-history":[{"count":0,"href":"https:\/\/www.europesays.com\/pl\/wp-json\/wp\/v2\/posts\/184373\/revisions"}],"wp:featuredmedia":[{"embeddable":true,"href":"https:\/\/www.europesays.com\/pl\/wp-json\/wp\/v2\/media\/184374"}],"wp:attachment":[{"href":"https:\/\/www.europesays.com\/pl\/wp-json\/wp\/v2\/media?parent=184373"}],"wp:term":[{"taxonomy":"category","embeddable":true,"href":"https:\/\/www.europesays.com\/pl\/wp-json\/wp\/v2\/categories?post=184373"},{"taxonomy":"post_tag","embeddable":true,"href":"https:\/\/www.europesays.com\/pl\/wp-json\/wp\/v2\/tags?post=184373"}],"curies":[{"name":"wp","href":"https:\/\/api.w.org\/{rel}","templated":true}]}}