{"id":184379,"date":"2026-01-02T23:23:09","date_gmt":"2026-01-02T23:23:09","guid":{"rendered":"https:\/\/www.europesays.com\/pl\/184379\/"},"modified":"2026-01-02T23:23:09","modified_gmt":"2026-01-02T23:23:09","slug":"powialo-optymizmem-nowe-informacje-ws-jakuba-modera","status":"publish","type":"post","link":"https:\/\/www.europesays.com\/pl\/184379\/","title":{"rendered":"Powia\u0142o optymizmem. Nowe informacje ws. Jakuba Modera"},"content":{"rendered":"\n<p class=\"contentpart contentpart--default contentpart--text\" data-position=\"0\"><a href=\"https:\/\/sportowefakty.wp.pl\/pilka-nozna\/feyenoord-rotterdam\" rel=\"nofollow noopener\" target=\"_blank\">Feyenoord Rotterdam<\/a>\u00a0rozpocz\u0105\u0142 pierwszy tydzie\u0144 nowego roku w Hiszpanii. Zesp\u00f3\u0142 zostanie w Marbelli do \u015brody (7 stycznia), a pierwsze zaj\u0119cia odby\u0142y si\u0119 w pi\u0105tek.\u00a0Klub nie zaplanowa\u0142 mecz\u00f3w kontrolnych i poinformowa\u0142, \u017ce treningi b\u0119d\u0105 zamkni\u0119te.<\/p>\n<p class=\"contentpart contentpart--default contentpart--text\" data-position=\"1\">Do dru\u017cyny po urazach do\u0142\u0105czyli <a href=\"https:\/\/sportowefakty.wp.pl\/pilka-nozna\/jakub-moder\" rel=\"nofollow noopener\" target=\"_blank\">Jakub Moder<\/a>, Sem Steijn i Givairo Read. Powr\u00f3t tych zawodnik\u00f3w zwi\u0119ksza opcje trenera w \u015brodku pola i ataku. W kadrze znalaz\u0142o si\u0119 \u0142\u0105cznie 31 pi\u0142karzy.<\/p>\n<p> <img role=\"presentation\" src=\"https:\/\/std.wpcdn.pl\/images\/adv\/placeholder_wp.svg\" loading=\"lazy\" alt=\"\" decoding=\"async\"\/>  <\/p>\n<p class=\"contentpart contentpart--default contentpart--text\" data-position=\"2\">ZOBACZ WIDEO: Otwieraj\u0105 biznes w Polsce. Fabia\u0144ski m\u00f3wi o swojej roli<\/p>\n<p class=\"contentpart contentpart--default contentpart--text\" data-position=\"4\">Kilka tygodni temu Moder podda\u0142 si\u0119 operacji przepukliny i wraca na w\u0142a\u015bciwe tory. \u015arodkowy pomocnik przechodzi\u0142\u00a0planow\u0105 rekonwalescencj\u0119 po zabiegu przeprowadzonym pod Poznaniem. Plan zak\u0142ada\u0142, \u017ce b\u0119dzie gotowy do wznowienia zaj\u0119\u0107 w okolicach stycznia.<\/p>\n<p class=\"contentpart contentpart--default contentpart--text\" data-position=\"5\">Feyenoord w mediach spo\u0142eczno\u015bciowych zamie\u015bci\u0142 kilka zdj\u0119\u0107 Modera z treningu. Reprezentant Polski, kt\u00f3ry nie zagra\u0142 jeszcze ani razu w sezonie 2025\/26, \u0107wiczy\u0142 z pi\u0142k\u0105, co jest dobrym prognostykiem.<\/p>\n<p class=\"contentpart contentpart--default contentpart--text\" data-position=\"6\">Ju\u017c 11 stycznia ekipa Robina van Persiego wr\u00f3ci do zmaga\u0144 w Eredivisie. Feyenoord w 18. kolejce zmierzy si\u0119 z SC Heerenveen.<\/p>\n<p> <img role=\"presentation\" src=\"https:\/\/std.wpcdn.pl\/images\/adv\/placeholder_wp.svg\" loading=\"lazy\" alt=\"\" decoding=\"async\"\/>       <\/p>\n","protected":false},"excerpt":{"rendered":"Feyenoord Rotterdam\u00a0rozpocz\u0105\u0142 pierwszy tydzie\u0144 nowego roku w Hiszpanii. Zesp\u00f3\u0142 zostanie w Marbelli do \u015brody (7 stycznia), a pierwsze&hellip;\n","protected":false},"author":2,"featured_media":184380,"comment_status":"","ping_status":"","sticky":false,"template":"","format":"standard","meta":{"footnotes":""},"categories":[24],"tags":[16784,2653,541,269,42,38,40,39,41,537,539,127,126],"class_list":{"0":"post-184379","1":"post","2":"type-post","3":"status-publish","4":"format-standard","5":"has-post-thumbnail","7":"category-sport","8":"tag-feyenoord-rotterdam","9":"tag-jakub-moder","10":"tag-kadra-polski","11":"tag-pilka-nozna","12":"tag-pl","13":"tag-poland","14":"tag-polish","15":"tag-polska","16":"tag-polski","17":"tag-reprezentacja-polski","18":"tag-reprezentacje","19":"tag-sport","20":"tag-sports"},"share_on_mastodon":{"url":"https:\/\/pubeurope.com\/@pl\/115828084214998083","error":""},"_links":{"self":[{"href":"https:\/\/www.europesays.com\/pl\/wp-json\/wp\/v2\/posts\/184379","targetHints":{"allow":["GET"]}}],"collection":[{"href":"https:\/\/www.europesays.com\/pl\/wp-json\/wp\/v2\/posts"}],"about":[{"href":"https:\/\/www.europesays.com\/pl\/wp-json\/wp\/v2\/types\/post"}],"author":[{"embeddable":true,"href":"https:\/\/www.europesays.com\/pl\/wp-json\/wp\/v2\/users\/2"}],"replies":[{"embeddable":true,"href":"https:\/\/www.europesays.com\/pl\/wp-json\/wp\/v2\/comments?post=184379"}],"version-history":[{"count":0,"href":"https:\/\/www.europesays.com\/pl\/wp-json\/wp\/v2\/posts\/184379\/revisions"}],"wp:featuredmedia":[{"embeddable":true,"href":"https:\/\/www.europesays.com\/pl\/wp-json\/wp\/v2\/media\/184380"}],"wp:attachment":[{"href":"https:\/\/www.europesays.com\/pl\/wp-json\/wp\/v2\/media?parent=184379"}],"wp:term":[{"taxonomy":"category","embeddable":true,"href":"https:\/\/www.europesays.com\/pl\/wp-json\/wp\/v2\/categories?post=184379"},{"taxonomy":"post_tag","embeddable":true,"href":"https:\/\/www.europesays.com\/pl\/wp-json\/wp\/v2\/tags?post=184379"}],"curies":[{"name":"wp","href":"https:\/\/api.w.org\/{rel}","templated":true}]}}