{"id":184383,"date":"2026-01-02T23:27:09","date_gmt":"2026-01-02T23:27:09","guid":{"rendered":"https:\/\/www.europesays.com\/pl\/184383\/"},"modified":"2026-01-02T23:27:09","modified_gmt":"2026-01-02T23:27:09","slug":"tomio-okamura-uderzyl-w-ukraine-czeska-opozycja-chce-jego-odwolania-2","status":"publish","type":"post","link":"https:\/\/www.europesays.com\/pl\/184383\/","title":{"rendered":"Tomio Okamura uderzy\u0142 w Ukrain\u0119. Czeska opozycja chce jego odwo\u0142ania"},"content":{"rendered":"<ul class=\"UnorderedList_container__nmfSl\">\n<li class=\"UnorderedList_listElement__Py7xi\" data-id=\"ai-summary-link\">Du\u017co czytania, a ma\u0142o czasu? Sprawd\u017a\u00a0skr\u00f3t\u00a0artyku\u0142u<\/li>\n<\/ul>\n<p class=\"Paragraph_desktopParagraph__U31Gm\">Czeska opozycja ostro skrytykowa\u0142a ostatnie wypowiedzi Tomia Okamury, kt\u00f3ry stoi na czele prawicowego ruchu Wolno\u015b\u0107 i Demokracja Bezpo\u015brednia (SPD). Politycy zaapelowali do premiera Andreja Babisza, aby zdystansowa\u0142 si\u0119 od s\u0142\u00f3w koalicyjnego partnera. Politycy opozycji chc\u0105 tak\u017ce debaty i przyj\u0119cia krytycznej uchwa\u0142y na temat wypowiedzi lidera SPD.<\/p>\n<p class=\"Paragraph_desktopParagraph__U31Gm\">G\u0142\u00f3wnym punktem zapalnym by\u0142o noworoczne wyst\u0105pienie Tomia Okamury. W or\u0119dziu do narodu stwierdzi\u0142 on, \u017ce Czechy musz\u0105 &#8222;sko\u0144czy\u0107 z pozycj\u0105 kraju podporz\u0105dkowanego i wyzyskiwanego&#8221;. \u2014 Nie mo\u017cna za pieni\u0105dze, kt\u00f3re nale\u017c\u0105 si\u0119 czeskim emerytom, niepe\u0142nosprawnym obywatelom i rodzinom z dzie\u0107mi, kupowa\u0107 broni i wysy\u0142a\u0107 j\u0105 do prowadzenia ca\u0142kowicie bezsensownej wojny \u2014 powiedzia\u0142 polityk.<\/p>\n<p class=\"Paragraph_desktopParagraph__U31Gm\">\u2014 Zachodnie firmy i rz\u0105dy, a tak\u017ce ukrai\u0144scy z\u0142odzieje z otoczenia junty Wo\u0142odymyra Ze\u0142enskiego, kt\u00f3rzy buduj\u0105 sobie toalety ze z\u0142ota, niech kradn\u0105, ale ju\u017c nie z naszych pieni\u0119dzy, niech taki kraj nie b\u0119dzie w Unii Europejskiej \u2014 doda\u0142.<\/p>\n<p class=\"VideoPlayerText_videoPlayerText__iDwyz\">Dalszy ci\u0105g materia\u0142u pod wideo<\/p>\n<ul class=\"OchatFollowUps_wrapper__1ry7X\">\n<li class=\"OchatFollowUps_item__Dhyly OchatFollowUps_itemDesktop__R6aBv\">Jakie by\u0142y powody krytyki Tomia Okamury?<\/li>\n<li class=\"OchatFollowUps_item__Dhyly OchatFollowUps_itemDesktop__R6aBv\">Kto skrytykowa\u0142 wypowiedzi Okamury?<\/li>\n<li class=\"OchatFollowUps_item__Dhyly OchatFollowUps_itemDesktop__R6aBv\">Jak zareagowa\u0142 premier Czech na s\u0142owa Okamury?<\/li>\n<li class=\"OchatFollowUps_item__Dhyly OchatFollowUps_itemDesktop__R6aBv\">Co powiedzia\u0142 ukrai\u0144ski ambasador w Pradze na temat wypowiedzi Okamury?<\/li>\n<\/ul>\n<p>Ostre s\u0142owa czeskiego polityka. Zdecydowana reakcja Ukrainy <\/p>\n<p class=\"Paragraph_desktopParagraph__U31Gm\">Premier Andrej Babisz nie odni\u00f3s\u0142 si\u0119 jak dot\u0105d do noworocznych s\u0142\u00f3w koalicyjnego partnera, ale podobnie jak Tomio Okamura opowiada si\u0119 za zako\u0144czeniem wojskowej pomocy dla Ukrainy i sprzeciwia si\u0119 zaci\u0105ganiu na ten cel po\u017cyczek przez Uni\u0119 Europejsk\u0105.<\/p>\n<p class=\"Paragraph_desktopParagraph__U31Gm\">Wypowied\u017a przewodnicz\u0105cego Izby Poselskiej, kt\u00f3ry piastuje trzecie, po prezydencie i premierze, najwy\u017csze stanowisko w pa\u0144stwie skrytykowali Ukrai\u0144cy. W pi\u0105tek ostro zareagowa\u0142 przewodnicz\u0105cy Rady Najwy\u017cszej Ukrainy Rus\u0142an Stefanczuk, kt\u00f3ry stwierdzi\u0142, \u017ce najsurowiej oceni\u0105 Okamur\u0119 sami Czesi. Ukrai\u0144ski Ambasador w Pradze Wasyl Zwarycz na profilu na Facebooku ju\u017c w czwartek nazwa\u0142 s\u0142owa czeskiego polityka &#8222;niegodnymi, niedopuszczalnymi i obra\u017aliwymi&#8221;. &#8222;Oczekujemy, \u017ce organy w\u0142adzy pa\u0144stwowej oraz spo\u0142ecze\u0144stwo obywatelskie w Czechach odpowiednio oceni\u0105 t\u0119 wypowied\u017a pod k\u0105tem wysokiej funkcji, jak\u0105 pe\u0142ni ten polityk&#8221; \u2014 napisa\u0142 Zwarycz.<\/p>\n<p class=\"Paragraph_desktopParagraph__U31Gm\">W odpowiedzi minister spraw zagranicznych Czech Petr Macinka przekaza\u0142 agencji CTK, \u017ce nie uwa\u017ca za stosowne, aby ambasador obcego pa\u0144stwa publicznie ocenia\u0142 wypowiedzi jednego z najwy\u017cszych przedstawicieli czeskiego pa\u0144stwa. \u2014 Je\u015bli jakakolwiek misja dyplomatyczna ma zastrze\u017cenia lub pytania, istniej\u0105 standardowe kana\u0142y dyplomatyczne. Polityka czeska jest spraw\u0105 obywateli Czech i ich demokratycznie wybranych przedstawicieli&#8221; \u2014 zaznaczy\u0142 Macinka.<\/p>\n<p class=\"Paragraph_desktopParagraph__U31Gm\">Po ostatnich wyborach w pa\u017adzierniku 2025 r. antyunijny i sprzeciwiaj\u0105cy si\u0119 nielegalnej migracji ruch SPD Tomia Okamury wszed\u0142 do tworzonego przez Andrija Babisza koalicyjnego rz\u0105du. Pierwsz\u0105 decyzj\u0105 Okamury na stanowisku przewodnicz\u0105cego Izby Poselskiej by\u0142o osobiste zdj\u0119cie ukrai\u0144skiej flagi z gmachu parlamentu. Wisia\u0142a tam od pocz\u0105tku rosyjskiej agresji na Ukrain\u0119 w 2022 r.<\/p>\n","protected":false},"excerpt":{"rendered":"Du\u017co czytania, a ma\u0142o czasu? Sprawd\u017a\u00a0skr\u00f3t\u00a0artyku\u0142u Czeska opozycja ostro skrytykowa\u0142a ostatnie wypowiedzi Tomia Okamury, kt\u00f3ry stoi na czele&hellip;\n","protected":false},"author":2,"featured_media":184384,"comment_status":"","ping_status":"","sticky":false,"template":"","format":"standard","meta":{"footnotes":""},"categories":[14],"tags":[8599,32,33,771,27,67,34,35,28,31,53,25,52,68,51,55,40,41,47,80,29,30,390,65,50,26,82,83,84],"class_list":{"0":"post-184383","1":"post","2":"type-post","3":"status-publish","4":"format-standard","5":"has-post-thumbnail","7":"category-swiat","8":"tag-andrej_babisz","9":"tag-breaking-news","10":"tag-breakingnews","11":"tag-czechy_czech_czeszka_czesi","12":"tag-headlines","13":"tag-intextvideo_splayer","14":"tag-latest-news","15":"tag-latestnews","16":"tag-naglowki","17":"tag-najwazniejsze-artykuly","18":"tag-new_header","19":"tag-news","20":"tag-onet3","21":"tag-onet3d","22":"tag-onet3d_2i","23":"tag-phx","24":"tag-polish","25":"tag-polski","26":"tag-screening_general","27":"tag-swiat","28":"tag-top-stories","29":"tag-topstories","30":"tag-ukraina_ukrainiec_ukrainka_ukraincy_ukrainki","31":"tag-update_me","32":"tag-v2021","33":"tag-wiadomosci","34":"tag-world","35":"tag-world-news","36":"tag-worldnews"},"share_on_mastodon":{"url":"https:\/\/pubeurope.com\/@pl\/115828099814695818","error":""},"_links":{"self":[{"href":"https:\/\/www.europesays.com\/pl\/wp-json\/wp\/v2\/posts\/184383","targetHints":{"allow":["GET"]}}],"collection":[{"href":"https:\/\/www.europesays.com\/pl\/wp-json\/wp\/v2\/posts"}],"about":[{"href":"https:\/\/www.europesays.com\/pl\/wp-json\/wp\/v2\/types\/post"}],"author":[{"embeddable":true,"href":"https:\/\/www.europesays.com\/pl\/wp-json\/wp\/v2\/users\/2"}],"replies":[{"embeddable":true,"href":"https:\/\/www.europesays.com\/pl\/wp-json\/wp\/v2\/comments?post=184383"}],"version-history":[{"count":0,"href":"https:\/\/www.europesays.com\/pl\/wp-json\/wp\/v2\/posts\/184383\/revisions"}],"wp:featuredmedia":[{"embeddable":true,"href":"https:\/\/www.europesays.com\/pl\/wp-json\/wp\/v2\/media\/184384"}],"wp:attachment":[{"href":"https:\/\/www.europesays.com\/pl\/wp-json\/wp\/v2\/media?parent=184383"}],"wp:term":[{"taxonomy":"category","embeddable":true,"href":"https:\/\/www.europesays.com\/pl\/wp-json\/wp\/v2\/categories?post=184383"},{"taxonomy":"post_tag","embeddable":true,"href":"https:\/\/www.europesays.com\/pl\/wp-json\/wp\/v2\/tags?post=184383"}],"curies":[{"name":"wp","href":"https:\/\/api.w.org\/{rel}","templated":true}]}}