{"id":184457,"date":"2026-01-03T00:37:08","date_gmt":"2026-01-03T00:37:08","guid":{"rendered":"https:\/\/www.europesays.com\/pl\/184457\/"},"modified":"2026-01-03T00:37:08","modified_gmt":"2026-01-03T00:37:08","slug":"roszady-w-administracji-wolodymyra-zelenskiego-bedzie-nowy-minister-obrony","status":"publish","type":"post","link":"https:\/\/www.europesays.com\/pl\/184457\/","title":{"rendered":"Roszady w administracji Wo\u0142odymyra Ze\u0142enskiego. B\u0119dzie nowy minister obrony"},"content":{"rendered":"<p class=\"ods-c-paragraph \">\u2014 Zdecydowa\u0142em r\u00f3wnie\u017c o zmianie zasad pracy ministerstwa obrony Ukrainy. Zaproponowa\u0142em, by nowym ministrem obrony zosta\u0142 Mychaj\u0142o Fedorow \u2014 powiedzia\u0142 Ze\u0142enski w wieczornym przem\u00f3wieniu opublikowanym w mediach spo\u0142eczno\u015bciowych. Doda\u0142, \u017ce obecny minister obrony, Denys Szmyhal, pozostanie w administracji, obejmuj\u0105c zadania tak samo istotne dla obrony pa\u0144stwa.<\/p>\n<p>Dalszy ci\u0105g artyku\u0142u pod materia\u0142em wideo<\/p>\n<p> Kto zosta\u0142 zaproponowany na nowego ministra obrony Ukrainy? <\/p>\n<p> Co ma na celu zmiana na stanowisku ministra obrony? <\/p>\n<p> Kto pozostanie w administracji po zmianach? <\/p>\n<p> Jakie zmiany w administracji zapowiedzia\u0142 Ze\u0142enski? <\/p>\n<p class=\"ods-c-paragraph \">Ze\u0142enski podkre\u015bli\u0142 dotychczasowe zaanga\u017cowanie Fedorowa, m.in. w rozbudow\u0119 ukrai\u0144skich si\u0142 dronowych oraz cyfryzacj\u0119 pa\u0144stwa i wyrazi\u0142 nadziej\u0119, \u017ce w nowej roli przyczyni si\u0119 do unowocze\u015bnienia ukrai\u0144skiej armii. Podzi\u0119kowa\u0142 te\u017c Szmyhalowi za jego dotychczasow\u0105 prac\u0119. Ukrai\u0144ski przyw\u00f3dca og\u0142osi\u0142, \u017ce jest to tylko jeden z element\u00f3w reform w administracji, w tym zmian kadrowych, kt\u00f3re maj\u0105 wzmocni\u0107 Ukrain\u0119 i jej w\u0142adze.<\/p>\n<p class=\"ods-c-paragraph \">W pi\u0105tek by\u0142y szef dow\u00f3dca wywiadu wojskowego HUR gen. Kyry\u0142o Budanow obj\u0105\u0142 funkcj\u0119 szefa administracji Ze\u0142enskiego. Kierownictwo HUR przej\u0105\u0142 dotychczasowy naczelnik wywiadu zagranicznego O\u0142eh Iwaszczenko. Ze\u0142enski zapowiedzia\u0142, \u017ce w sobot\u0119 og\u0142osi decyzje o kolejnych zmianach w administracji.<\/p>\n","protected":false},"excerpt":{"rendered":"\u2014 Zdecydowa\u0142em r\u00f3wnie\u017c o zmianie zasad pracy ministerstwa obrony Ukrainy. Zaproponowa\u0142em, by nowym ministrem obrony zosta\u0142 Mychaj\u0142o Fedorow&hellip;\n","protected":false},"author":2,"featured_media":184458,"comment_status":"","ping_status":"","sticky":false,"template":"","format":"standard","meta":{"footnotes":""},"categories":[14],"tags":[32,33,27,76,1239,34,35,28,31,48,25,46,40,41,47,80,29,30,415,26,309,82,83,84],"class_list":{"0":"post-184457","1":"post","2":"type-post","3":"status-publish","4":"format-standard","5":"has-post-thumbnail","7":"category-swiat","8":"tag-breaking-news","9":"tag-breakingnews","10":"tag-headlines","11":"tag-inwazja_rosji_na_ukraine","12":"tag-kijow","13":"tag-latest-news","14":"tag-latestnews","15":"tag-naglowki","16":"tag-najwazniejsze-artykuly","17":"tag-nat_styl","18":"tag-news","19":"tag-omp","20":"tag-polish","21":"tag-polski","22":"tag-screening_general","23":"tag-swiat","24":"tag-top-stories","25":"tag-topstories","26":"tag-ukraina","27":"tag-wiadomosci","28":"tag-wolodymyr_zelenski","29":"tag-world","30":"tag-world-news","31":"tag-worldnews"},"share_on_mastodon":{"url":"https:\/\/pubeurope.com\/@pl\/115828375094815501","error":""},"_links":{"self":[{"href":"https:\/\/www.europesays.com\/pl\/wp-json\/wp\/v2\/posts\/184457","targetHints":{"allow":["GET"]}}],"collection":[{"href":"https:\/\/www.europesays.com\/pl\/wp-json\/wp\/v2\/posts"}],"about":[{"href":"https:\/\/www.europesays.com\/pl\/wp-json\/wp\/v2\/types\/post"}],"author":[{"embeddable":true,"href":"https:\/\/www.europesays.com\/pl\/wp-json\/wp\/v2\/users\/2"}],"replies":[{"embeddable":true,"href":"https:\/\/www.europesays.com\/pl\/wp-json\/wp\/v2\/comments?post=184457"}],"version-history":[{"count":0,"href":"https:\/\/www.europesays.com\/pl\/wp-json\/wp\/v2\/posts\/184457\/revisions"}],"wp:featuredmedia":[{"embeddable":true,"href":"https:\/\/www.europesays.com\/pl\/wp-json\/wp\/v2\/media\/184458"}],"wp:attachment":[{"href":"https:\/\/www.europesays.com\/pl\/wp-json\/wp\/v2\/media?parent=184457"}],"wp:term":[{"taxonomy":"category","embeddable":true,"href":"https:\/\/www.europesays.com\/pl\/wp-json\/wp\/v2\/categories?post=184457"},{"taxonomy":"post_tag","embeddable":true,"href":"https:\/\/www.europesays.com\/pl\/wp-json\/wp\/v2\/tags?post=184457"}],"curies":[{"name":"wp","href":"https:\/\/api.w.org\/{rel}","templated":true}]}}