{"id":184509,"date":"2026-01-03T01:12:11","date_gmt":"2026-01-03T01:12:11","guid":{"rendered":"https:\/\/www.europesays.com\/pl\/184509\/"},"modified":"2026-01-03T01:12:11","modified_gmt":"2026-01-03T01:12:11","slug":"zelenski-stawia-na-budanowa-analiza","status":"publish","type":"post","link":"https:\/\/www.europesays.com\/pl\/184509\/","title":{"rendered":"Ze\u0142enski stawia na Budanowa [ANALIZA]"},"content":{"rendered":"\n<ul class=\"article-header__labels list-inline\">\n<li>\n            ANALIZA\n          <\/li>\n<li>\n            WIADOMO\u015aCI\n          <\/li>\n<li>\n            KOMENTARZ\n          <\/li>\n<\/ul>\n<p>  <a href=\"https:\/\/defence24.pl\/strona-autora\/adam-jawor\" target=\"_self\" class=\"article-author__wrap\" rel=\"nofollow noopener\"><img decoding=\"async\" src=\"https:\/\/cdn.defence24.pl\/2021\/10\/07\/originals\/fYZSSUOMNjThz8FZwThxXaaieikq18AbYG9gkpax.svg\" alt=\"\" author=\"Pawe\u0142 Korzeniewski\" caption=\"\" fullscreen=\"https:\/\/cdn.defence24.pl\/2021\/10\/07\/originals\/fYZSSUOMNjThz8FZwThxXaaieikq18AbYG9gkpax.svg\" class=\"img article-author__avatar img-avatar\"\/><br \/>\n          Adam Jawor<br \/>\n        <\/a><br \/>\n      2 stycznia 2026, 19:57<\/p>\n<p>\n      6 min.\n    <\/p>\n<p>Decyzja prezydenta Ukrainy Wo\u0142odymyra Ze\u0142enskiego o powierzeniu Kiry\u0142owi Budanowowi funkcji szefa Kancelarii Prezydenta Ukrainy sta\u0142a si\u0119 jednym z najwa\u017cniejszych wydarze\u0144 politycznych pocz\u0105tku 2026 roku.<\/p>\n<p>  <img decoding=\"async\" src=\"https:\/\/www.europesays.com\/pl\/wp-content\/uploads\/2026\/01\/TMH7bN4HMmuOe9ehbCPtxUc3v4KTApmyi4HBk7Iw.qrrb.jpg\" alt=\"Budanow Kyry\u0142o Ukraina Ze\u0142enski\"  width=\"800\" height=\"450\" author=\"Wolodymyr Zelensky\/X\" fetchpriority=\"high\" class=\"img image-with-caption__image\"\/><br \/>\n        Autor. Wolodymyr Zelensky\/X<\/p>\n<p class=\"paragraph-module\">Informacj\u0119 o tej propozycji jako pierwsze szeroko opisuj\u0105 media ukrai\u0144skie, wskazuj\u0105c, \u017ce jest to ruch o du\u017cym znaczeniu zar\u00f3wno wewn\u0119trznym, jak i mi\u0119dzynarodowym. Jak informuje BBC Ukrainian, prezydent Ze\u0142enski og\u0142osi\u0142, \u017ce zaproponowa\u0142 Budanowowi obj\u0119cie stanowiska szefa Kancelarii Prezydenta, argumentuj\u0105c t\u0119 decyzj\u0119 potrzeb\u0105 wzmocnienia pionu bezpiecze\u0144stwa, koordynacji dzia\u0142a\u0144 pa\u0144stwa w czasie wojny oraz usprawnienia wsp\u00f3\u0142pracy z partnerami zagranicznymi.<\/p>\n<p class=\"paragraph-module\">BBC Ukrainian podkre\u015bla, \u017ce Budanow \u2014 jako wieloletni szef G\u0142\u00f3wnego Zarz\u0105du Wywiadu Ministerstwa Obrony \u2014 nale\u017cy do grona najbardziej rozpoznawalnych i wp\u0142ywowych postaci ukrai\u0144skiego aparatu bezpiecze\u0144stwa. T\u0119 sam\u0105 informacj\u0119 potwierdzi\u0142 Ukrinform, zaznaczaj\u0105c, \u017ce propozycja zosta\u0142a z\u0142o\u017cona po osobistym spotkaniu Budanowa z Wo\u0142odymyrem Ze\u0142enskim, w trakcie kt\u00f3rego prezydent wyra\u017anie wskaza\u0142, i\u017c Kancelaria Prezydenta powinna obecnie koncentrowa\u0107 si\u0119 na trzech filarach: bezpiecze\u0144stwie pa\u0144stwa, wsparciu Si\u0142 Obronnych oraz dyplomacji. Media zwracaj\u0105 uwag\u0119, \u017ce jest to odej\u015bcie od bardziej administracyjnego modelu funkcjonowania kancelarii na rzecz modelu silnie zorientowanego na kwestie strategiczne. Portal Detector Media zauwa\u017ca, \u017ce nominacja Budanowa wpisuje si\u0119 w szerszy proces przebudowy zaplecza politycznego prezydenta.<\/p>\n<p class=\"paragraph-module\">Wed\u0142ug tego medium Ze\u0142enski wysy\u0142a czytelny sygna\u0142 do spo\u0142ecze\u0144stwa i elit politycznych, \u017ce w warunkach przed\u0142u\u017caj\u0105cej si\u0119 wojny kluczowe stanowiska b\u0119d\u0105 obejmowa\u0107 osoby bezpo\u015brednio zwi\u0105zane z bezpiecze\u0144stwem i obron\u0105 pa\u0144stwa.<\/p>\n<p>    Pierwsze zadanie nowego szefa Kancelarii Prezydenta  <\/p>\n<p class=\"paragraph-module\">Jak informuj\u0105 media, nominacja Budanowa nie ma wy\u0142\u0105cznie charakteru personalnego, lecz od samego pocz\u0105tku wi\u0105\u017ce si\u0119 z konkretnymi zadaniami. Wed\u0142ug informacji cytowanych przez Ukrinform oraz relacjonowanych przez BBC Ukrainian, jeszcze przed formalnym zako\u0144czeniem procedur kadrowych prezydent Ze\u0142enski zleci\u0142 Budanowowi przygotowanie zaktualizowanych strategicznych podstaw dzia\u0142ania pa\u0144stwa w warunkach wojny. Chodzi przede wszystkim o opracowanie nowych priorytet\u00f3w w obszarze bezpiecze\u0144stwa narodowego, koordynacji dzia\u0142a\u0144 Si\u0142 Obronnych oraz polityki dyplomatycznej Ukrainy.<\/p>\n<p class=\"paragraph-module\">Z kolei Detector Media podkre\u015bla, \u017ce pierwsze zadanie Budanowa ma charakter programowy i d\u0142ugofalowy \u2014 nie dotyczy pojedynczej decyzji operacyjnej, lecz wyznaczenia ram funkcjonowania administracji prezydenckiej na najbli\u017cszy okres. Wed\u0142ug tego portalu Ze\u0142enski oczekuje, \u017ce nowy szef Kancelarii Prezydenta stanie si\u0119 jednym z g\u0142\u00f3wnych architekt\u00f3w strategicznych decyzji pa\u0144stwa, \u0142\u0105cz\u0105c do\u015bwiadczenie wywiadowcze z prac\u0105 administracyjn\u0105 i polityczn\u0105.<\/p>\n<p>    Reakcje spo\u0142eczne i komentarze w sieci  <\/p>\n<p class=\"paragraph-module\">Decyzja o powierzeniu Budanowowi kierownictwa Kancelarii Prezydenta wywo\u0142a\u0142a bardzo szeroki rezonans w mediach spo\u0142eczno\u015bciowych. Jak relacjonuje ukrai\u0144ski Telewizyjny Serwis Informacyjny (TSN), w sieci pojawi\u0142y si\u0119 tysi\u0105ce komentarzy, z kt\u00f3rych znaczna cz\u0119\u015b\u0107 ma charakter pozytywny. U\u017cytkownicy podkre\u015blaj\u0105 do\u015bwiadczenie Budanowa, jego determinacj\u0119 oraz wizerunek osoby konsekwentnej i twardej wobec Rosji. TSN cytuje liczne wpisy, w kt\u00f3rych internauci pisz\u0105, \u017ce \u201eto logiczny krok w czasie wojny\u201d oraz \u017ce \u201epa\u0144stwem powinni zarz\u0105dza\u0107 ludzie, kt\u00f3rzy wiedz\u0105, czym jest bezpiecze\u0144stwo\u201d.<\/p>\n<p class=\"paragraph-module\">Jednocze\u015bnie TSN zwraca uwag\u0119, \u017ce cz\u0119\u015b\u0107 komentarzy ma charakter bardziej ostro\u017cny. Pojawiaj\u0105 si\u0119 g\u0142osy, i\u017c koncentracja tak du\u017cej w\u0142adzy w r\u0119kach osoby wywodz\u0105cej si\u0119 bezpo\u015brednio ze struktur wojskowych mo\u017ce prowadzi\u0107 do dalszej militaryzacji polityki pa\u0144stwowej. Te opinie, cho\u0107 mniej liczne, pokazuj\u0105, \u017ce decyzja Ze\u0142enskiego nie jest jednoznacznie oceniana.<\/p>\n<p>    Stanowiska polityk\u00f3w i komentator\u00f3w  <\/p>\n<p class=\"paragraph-module\"><a href=\"http:\/\/zaxid.net\/\" rel=\"nofollow noopener\" target=\"_blank\">ZAXID.NET<\/a>informuje, \u017ce Kiry\u0142o Budanow by\u0142 od d\u0142u\u017cszego czasu wymieniany jako jeden z potencjalnych kandydat\u00f3w na stanowisko szefa Kancelarii Prezydenta Ukrainy. Portal przypomina r\u00f3wnie\u017c, \u017ce propozycja obj\u0119cia tego stanowiska zosta\u0142a z\u0142o\u017cona przez prezydenta Wo\u0142odymyra Ze\u0142enskiego po osobistym spotkaniu z Budanowem i wpisuje si\u0119 w szerszy kontekst zmian personalnych w otoczeniu prezydenta. Z kolei iPress podaje, \u017ce nominacja Budanowa oznacza istotn\u0105 zmian\u0119 kadrow\u0105 w administracji prezydenckiej w czasie trwaj\u0105cej wojny. Portal zwraca uwag\u0119 na znaczenie stanowiska szefa Kancelarii Prezydenta jako jednego z kluczowych element\u00f3w systemu zarz\u0105dzania pa\u0144stwem.<\/p>\n<p class=\"paragraph-module\">St\u0105d te\u017c ta decyzja mo\u017ce oznacza\u0107 nowy styl zarz\u0105dzania \u2014 bardziej scentralizowany i nastawiony na szybkie decyzje. Budanow wielokrotnie wypowiada\u0142 si\u0119 publicznie na temat konieczno\u015bci twardej postawy wobec Rosji oraz znaczenia wsparcia Zachodu dla Ukrainy.<\/p>\n<p>    Perspektywa mi\u0119dzynarodowa  <\/p>\n<p class=\"paragraph-module\">Znaczenie nominacji Budanowa szeroko analizuj\u0105 tak\u017ce media mi\u0119dzynarodowe. Jak podaje Glavcom, powo\u0142uj\u0105c si\u0119 na analiz\u0119 \u201eThe New York Times\u201d, Budanow jest postrzegany w Stanach Zjednoczonych jako jedna z kluczowych postaci ukrai\u0144skiego establishmentu bezpiecze\u0144stwa, dobrze rozumiej\u0105ca mechanizmy wsp\u00f3\u0142pracy z Waszyngtonem. Glavcom wskazuje, \u017ce jego przej\u015bcie do Kancelarii Prezydenta mo\u017ce mie\u0107 znaczenie dla rozm\u00f3w Ukrainy ze Stanami Zjednoczonymi dotycz\u0105cych pomocy wojskowej i politycznej. Pa\u0144stwowy kana\u0142 UATV podkre\u015bla z kolei, \u017ce dla zagranicznych partner\u00f3w Ukrainy decyzja Ze\u0142enskiego jest sygna\u0142em stabilno\u015bci i ci\u0105g\u0142o\u015bci strategicznej. Wed\u0142ug UATV Budanow, jako szef Kancelarii Prezydenta, ma odgrywa\u0107 istotn\u0105 rol\u0119 w koordynacji dzia\u0142a\u0144 pa\u0144stwa, w tym w obszarze relacji mi\u0119dzynarodowych w czasie wojny.<\/p>\n<p>  Wymiar wizerunkowy i polityczny nominacji  <\/p>\n<p class=\"paragraph-module\">Nominacja Kiry\u0142a Budanowa ma istotny\u00a0wymiar wizerunkowy\u00a0dla samego prezydenta Wo\u0142odymyra Ze\u0142enskiego, decyzja ta zapad\u0142a w momencie, gdy wizerunek administracji prezydenckiej zosta\u0142\u00a0nadszarpni\u0119ty seri\u0105 skandali korupcyjnych, kt\u00f3re w 2024 i 2025 roku dotyczy\u0142y urz\u0119dnik\u00f3w pa\u0144stwowych, struktur odpowiedzialnych za zam\u00f3wienia publiczne oraz otoczenia w\u0142adzy wykonawczej. Pomimo \u017ce Ze\u0142enski osobi\u015bcie nie by\u0142 bezpo\u015brednio oskar\u017cany, to opinia publiczna coraz cz\u0119\u015bciej \u0142\u0105czy\u0142a problemy korupcyjne z funkcjonowaniem Kancelarii Prezydenta jako instytucji.<\/p>\n<p class=\"paragraph-module\">W tym kontek\u015bcie powierzenie kierownictwa kancelarii osobie takiej jak Budanow \u2014 postrzeganej jako politycznie niezale\u017cna, wywodz\u0105ca si\u0119 z wojska i ciesz\u0105ca si\u0119 wysokim zaufaniem spo\u0142ecznym \u2014 ma by\u0107 pr\u00f3b\u0105 odbudowy wiarygodno\u015bci prezydenta i jego zaplecza politycznego. Budanow od lat funkcjonuje w przestrzeni publicznej jako posta\u0107 \u201espoza uk\u0142ad\u00f3w politycznych\u201d, a jego wizerunek nie by\u0142 dot\u0105d \u0142\u0105czony z aferami finansowymi czy konfliktami interes\u00f3w. To w\u0142a\u015bnie ten aspekt m\u00f3g\u0142 przes\u0105dzi\u0107 o jego nominacji \u2014 jako sygna\u0142 dla spo\u0142ecze\u0144stwa i partner\u00f3w zagranicznych, \u017ce Ze\u0142enski jest got\u00f3w radykalnie wzmocni\u0107 standardy zaufania i przejrzysto\u015bci w najbli\u017cszym otoczeniu w\u0142adzy.<\/p>\n<p class=\"paragraph-module\">Z tej racji decyzja ta jest r\u00f3wnie\u017c pr\u00f3b\u0105 politycznego resetu po trudnym okresie krytyki wewn\u0119trznej. Nominacja Budanowa \u2014 genera\u0142a wywiadu, kt\u00f3ry w czasie wojny sta\u0142 si\u0119 jedn\u0105 z najbardziej rozpoznawalnych i cenionych postaci pa\u0144stwa \u2014 ma wzmocni\u0107 pozycj\u0119 Ze\u0142enskiego jako lidera zdolnego do podejmowania zdecydowanych i symbolicznych decyzji personalnych. Z tego powodu m.in.\u00a0Glavcom\u00a0powo\u0142uj\u0105c si\u0119 na zachodnie analizy, opisuje Budanowa jako posta\u0107 dobrze rozpoznawaln\u0105 i akceptowan\u0105 w kr\u0119gach bezpiecze\u0144stwa USA. Cz\u0119\u015b\u0107 komentator\u00f3w interpretuje t\u0119 nominacj\u0119 jako sygna\u0142 stabilno\u015bci i odpowiedzialno\u015bci ukrai\u0144skiego przyw\u00f3dztwa, cho\u0107 samo medium nie formu\u0142uje wprost tezy o odbudowie wizerunku po wcze\u015bniejszych kontrowersjach.<\/p>\n<p class=\"paragraph-module\">R\u00f3wnocze\u015bnie z perspektywy mi\u0119dzynarodowej ruch ten mo\u017ce by\u0107 odczytywany jako pr\u00f3ba\u00a0odci\u0119cia si\u0119 od wcze\u015bniejszych kontrowersji\u00a0i odbudowy zaufania Zachodu do ukrai\u0144skich instytucji pa\u0144stwowych. Budanow \u2014 jako posta\u0107 znana i akceptowana w kr\u0119gach bezpiecze\u0144stwa USA \u2014 wzmacnia narracj\u0119 o stabilno\u015bci i odpowiedzialno\u015bci ukrai\u0144skiego przyw\u00f3dztwa.<\/p>\n<p class=\"paragraph-module\">Z tej racji wida\u0107 wyra\u017anie, \u017ce nominacja Kiry\u0142a Budanowa ma charakter znacznie szerszy ni\u017c zwyk\u0142a zmiana kadrowa. Jest to decyzja symboliczna, pokazuj\u0105ca, \u017ce Ze\u0142enski stawia na ludzi wywodz\u0105cych si\u0119 z sektora bezpiecze\u0144stwa i obrony, uznaj\u0105c je za kluczowe dla przysz\u0142o\u015bci pa\u0144stwa. W opinii wielu komentator\u00f3w cytowanych przez ukrai\u0144skie media, Budanow jako szef Kancelarii Prezydenta mo\u017ce odegra\u0107 istotn\u0105 rol\u0119 w kszta\u0142towaniu zar\u00f3wno polityki wewn\u0119trznej, jak i mi\u0119dzynarodowej Ukrainy. Jego do\u015bwiadczenie wywiadowcze, znajomo\u015b\u0107 reali\u00f3w wojny oraz kontakty z partnerami zagranicznymi sprawiaj\u0105, \u017ce jest postrzegany jako jeden z filar\u00f3w obecnej w\u0142adzy. Jego nominacja stanowi wi\u0119c wa\u017cny element strategii politycznej prezydenta.<\/p>\n<p class=\"paragraph-module\">Nominacja Kiry\u0142a Budanowa na szefa Kancelarii Prezydenta Ukrainy jest decyzj\u0105, kt\u00f3ra ma znaczenie polityczne i strategiczne. Reakcje spo\u0142eczne s\u0105 w wi\u0119kszo\u015bci pozytywne, cho\u0107 niepozbawione obaw, co podkre\u015bla\u00a0TSN. Z kolei komentarze mi\u0119dzynarodowe, przywo\u0142ywane przez Glavcom oraz UATV, a tak\u017ce kontekst przedstawiany przez BBC Ukrainian i Ukrinform, wskazuj\u0105, \u017ce nominacja Kiry\u0142a Budanowa mo\u017ce mie\u0107 znaczenie dla relacji Ukrainy z partnerami zagranicznymi, zw\u0142aszcza w obszarze bezpiecze\u0144stwa i dyplomacji.<\/p>\n","protected":false},"excerpt":{"rendered":"ANALIZA WIADOMO\u015aCI KOMENTARZ Adam Jawor 2 stycznia 2026, 19:57 6 min. Decyzja prezydenta Ukrainy Wo\u0142odymyra Ze\u0142enskiego o powierzeniu&hellip;\n","protected":false},"author":2,"featured_media":184510,"comment_status":"","ping_status":"","sticky":false,"template":"","format":"standard","meta":{"footnotes":""},"categories":[14],"tags":[36153,32,33,27,6817,19455,34,35,28,31,25,40,907,41,80,29,30,415,26,892,2278,6677,82,83,84],"class_list":{"0":"post-184509","1":"post","2":"type-post","3":"status-publish","4":"format-standard","5":"has-post-thumbnail","7":"category-swiat","8":"tag-andrij-jermak","9":"tag-breaking-news","10":"tag-breakingnews","11":"tag-headlines","12":"tag-hur","13":"tag-kyrylo-budanow","14":"tag-latest-news","15":"tag-latestnews","16":"tag-naglowki","17":"tag-najwazniejsze-artykuly","18":"tag-news","19":"tag-polish","20":"tag-polityka","21":"tag-polski","22":"tag-swiat","23":"tag-top-stories","24":"tag-topstories","25":"tag-ukraina","26":"tag-wiadomosci","27":"tag-wojna","28":"tag-wojna-na-ukrainie","29":"tag-wolodymyr-zelenski","30":"tag-world","31":"tag-world-news","32":"tag-worldnews"},"share_on_mastodon":{"url":"https:\/\/pubeurope.com\/@pl\/115828512736960497","error":""},"_links":{"self":[{"href":"https:\/\/www.europesays.com\/pl\/wp-json\/wp\/v2\/posts\/184509","targetHints":{"allow":["GET"]}}],"collection":[{"href":"https:\/\/www.europesays.com\/pl\/wp-json\/wp\/v2\/posts"}],"about":[{"href":"https:\/\/www.europesays.com\/pl\/wp-json\/wp\/v2\/types\/post"}],"author":[{"embeddable":true,"href":"https:\/\/www.europesays.com\/pl\/wp-json\/wp\/v2\/users\/2"}],"replies":[{"embeddable":true,"href":"https:\/\/www.europesays.com\/pl\/wp-json\/wp\/v2\/comments?post=184509"}],"version-history":[{"count":0,"href":"https:\/\/www.europesays.com\/pl\/wp-json\/wp\/v2\/posts\/184509\/revisions"}],"wp:featuredmedia":[{"embeddable":true,"href":"https:\/\/www.europesays.com\/pl\/wp-json\/wp\/v2\/media\/184510"}],"wp:attachment":[{"href":"https:\/\/www.europesays.com\/pl\/wp-json\/wp\/v2\/media?parent=184509"}],"wp:term":[{"taxonomy":"category","embeddable":true,"href":"https:\/\/www.europesays.com\/pl\/wp-json\/wp\/v2\/categories?post=184509"},{"taxonomy":"post_tag","embeddable":true,"href":"https:\/\/www.europesays.com\/pl\/wp-json\/wp\/v2\/tags?post=184509"}],"curies":[{"name":"wp","href":"https:\/\/api.w.org\/{rel}","templated":true}]}}