{"id":184578,"date":"2026-01-03T02:14:12","date_gmt":"2026-01-03T02:14:12","guid":{"rendered":"https:\/\/www.europesays.com\/pl\/184578\/"},"modified":"2026-01-03T02:14:12","modified_gmt":"2026-01-03T02:14:12","slug":"jedna-z-najwiekszych-stacji-energetycznych-w-polsce","status":"publish","type":"post","link":"https:\/\/www.europesays.com\/pl\/184578\/","title":{"rendered":"Jedna z\u00a0najwi\u0119kszych stacji energetycznych w\u00a0Polsce"},"content":{"rendered":"<p class=\"lead\">Polskie Sieci Elektroenergetyczne potwierdzi\u0142y techniczn\u0105 gotowo\u015b\u0107 infrastruktury przesy\u0142owej do przyj\u0119cia mocy z\u00a0morskich farm wiatrowych. Wszystkie niezb\u0119dne stacje i\u00a0linie pomy\u015blnie przesz\u0142y pr\u00f3by napi\u0119ciowe. Stacja energetyczna w\u00a0Choczewie, jedna z\u00a0najwi\u0119kszych w\u00a0Polsce, b\u0119dzie miejscem wprowadzenia mocy z\u00a0farm wiatrowych zlokalizowanych na morzu. To teren o\u00a0wymiarach 800 na 300 m\u00a0i powierzchni ok. 25 ha. Obiekt zabezpiecza ponad 2 km ogrodzenia. Koszt ca\u0142ej inwestycji to ok. 450 mln z\u0142.<\/p>\n<p><a href=\"https:\/\/www.trojmiasto.pl\/biznes\/Stacja-energetyczna-w-Choczewie-Cztery-linie-400-KV-ktorymi-poplynie-prad-n204987.html\" data-tklik=\"186721\" class=\"marker-news component newsMarker\" rel=\"nofollow noopener\" target=\"_blank\"><br \/>\n            <img decoding=\"async\" src=\"https:\/\/www.europesays.com\/pl\/wp-content\/uploads\/2026\/01\/4063505__kr.webp.webp\" alt=\"Wielka energetyka na Pomorzu. Gigantyczna stacja i cztery linie 400 kV\" class=\"lazy newsMarker__img\"\/><br \/>\n        Wielka energetyka na Pomorzu. Gigantyczna stacja i cztery linie 400 kV<br \/>\n<\/a><\/p>\n<p>&#8211; Nowa stacja Choczewo i\u00a0rozbudowana stacja <a href=\"https:\/\/www.trojmiasto.pl\/wiadomosci\/w,Elektrownia-w-Zarnowcu-647.html\" class=\"parse-link\" title=\"Elektrownia w \u017barnowcu\" rel=\"nofollow noopener\" target=\"_blank\">\u017barnowiec<\/a> oraz \u0142\u0105cz\u0105ca je linia 400 kV s\u0105 gotowe do przesy\u0142u energii z\u00a0farm wiatrowych powstaj\u0105cych na Ba\u0142tyku do odbiorc\u00f3w w\u00a0g\u0142\u0119bi kraju &#8211; powiedzia\u0142 wiceprezes PSE W\u0142odzimierz Mucha, odpowiedzialny za obszar realizacji inwestycji. <\/p>\n<p>Prace przygotowuj\u0105ce KSE do przyj\u0119cia mocy z\u00a0morskich farm wiatrowych s\u0105 prowadzone przez PSE na Pomorzu od 2019 r. Jeszcze przed \u015bwi\u0119tami Bo\u017cego Narodzenia wykonawca prac budowlanych na stacji Choczewo, konsorcjum firm SPIE Energy Poland i\u00a0Elfeko, przeprowadzi\u0142 testy aparatury pierwotnej i\u00a0wt\u00f3rnej. Potwierdzi\u0142y one, \u017ce obiekt technicznie jest gotowy do przyj\u0119cia mocy z\u00a0polskich wiatrak\u00f3w na Ba\u0142tyku.<\/p>\n<p><a href=\"https:\/\/www.trojmiasto.pl\/biznes\/Cyberataki-na-infrastrukture-energetyczna-Zagrozenie-jest-bardzo-powazne-n207147.html\" data-tklik=\"480380\" class=\"marker-news component newsMarker\" rel=\"nofollow noopener\" target=\"_blank\"><br \/>\n            <img decoding=\"async\" src=\"https:\/\/www.europesays.com\/pl\/wp-content\/uploads\/2026\/01\/4108453__kr.webp.webp\" alt=\"Cyberataki na infrastruktur\u0119 energetyczn\u0105. Zagro\u017cenie jest bardzo powa\u017cne\" class=\"lazy newsMarker__img\"\/><br \/>\n        Cyberataki na infrastruktur\u0119 energetyczn\u0105. Zagro\u017cenie jest bardzo powa\u017cne<br \/>\n<\/a><\/p>\n<p>Wielka budowa infrastruktury elektroenergetycznej na Pomorzu<\/p>\n<p>Z kolei na budowanej od pa\u017adziernika 2024 r. linii 400 kV relacji Choczewo-\u017barnowiec firma ElbudBis zawiesi\u0142a przewody fazowe i\u00a0odgromowe, a\u00a0w ostatnich dniach grudnia wykona\u0142a specjalistyczne pomiary potwierdzaj\u0105ce gotowo\u015b\u0107 linii do podania napi\u0119cia. Do czasu zako\u0144czenia wszystkich prac budowlanych i\u00a0uzyskania pozwole\u0144 na u\u017cytkowanie infrastruktura przesy\u0142owa i\u00a0stacyjna pozostaj\u0105 w\u00a0ruchu pr\u00f3bnym.<\/p>\n<p>Polskie Sieci Elektroenergetyczne realizuj\u0105 na p\u00f3\u0142nocy kraju jeden z\u00a0najwi\u0119kszych program\u00f3w inwestycyjnych w\u00a0historii sp\u00f3\u0142ki. Na potrzeby wyprowadzenia mocy z\u00a0odnawialnych \u017ar\u00f3de\u0142 energii (OZE). PSE buduj\u0105 dwie stacje elektroenergetyczne oraz ponad 250 km linii najwy\u017cszych napi\u0119\u0107, a\u00a0tak\u017ce modernizuj\u0105 istniej\u0105c\u0105 infrastruktur\u0119. W\u00a0planach jest budowa kolejnych stacji i\u00a0linii na potrzeby powstaj\u0105cej w\u00a0regionie elektrowni j\u0105drowej.\n                <\/p>\n","protected":false},"excerpt":{"rendered":"Polskie Sieci Elektroenergetyczne potwierdzi\u0142y techniczn\u0105 gotowo\u015b\u0107 infrastruktury przesy\u0142owej do przyj\u0119cia mocy z\u00a0morskich farm wiatrowych. Wszystkie niezb\u0119dne stacje i\u00a0linie&hellip;\n","protected":false},"author":2,"featured_media":184579,"comment_status":"","ping_status":"","sticky":false,"template":"","format":"standard","meta":{"footnotes":""},"categories":[16],"tags":[210,36174,36177,113,36176,112,2624,15081,26336,26335,36171,26306,26321,26317,2625,26199,388,4041,1048,26334,31660,1064,26201,4043,5302,2610,36163,4040,36178,20579,36172,36180,20580,36173,36165,36166,4039,1765,36179,36162,21394,42,38,40,39,41,31501,26194,22749,8619,26192,26195,26196,26193,26191,1756,383,36182,36164,36167,1052,36168,8956,36169,1063,36181,4042,4038,26315,36170,36175,36161,26,26330,26198,26197],"class_list":{"0":"post-184578","1":"post","2":"type-post","3":"status-publish","4":"format-standard","5":"has-post-thumbnail","7":"category-biznes","8":"tag-aktualnosci","9":"tag-baltic-hub","10":"tag-baza-instalacyjna","11":"tag-biznes","12":"tag-budowa-t5","13":"tag-business","14":"tag-energetyka","15":"tag-energetyka-wiatrowa","16":"tag-energetyka-wiatrowa-na-baltyku","17":"tag-energetyka-wiatrowa-na-morzu","18":"tag-farma-wiatorwa-na-baltyku","19":"tag-farma-wiatrowa","20":"tag-farma-wiatrowa-na-baltyku","21":"tag-farmy-na-baltyku","22":"tag-farmy-wiatrowe","23":"tag-farmy-wiatrowe-na-baltyku","24":"tag-finanse","25":"tag-firmy","26":"tag-gdansk","27":"tag-gdansk-centrum-offshore-wind","28":"tag-gdanska-rafineria","29":"tag-gdynia","30":"tag-gdynski-port","31":"tag-gospodarka-morska","32":"tag-grupa-energa","33":"tag-inwestycja","34":"tag-inwestycje-pge-w-gdansku","35":"tag-ludzie-sukcesu","36":"tag-morskie-elektrownie-wiatrowe","37":"tag-morskie-farmy-wiatrowe","38":"tag-nowe-farmy-wiatrowe","39":"tag-obsluga-offshore","40":"tag-offshore","41":"tag-offshore-wind","42":"tag-orlen-i-lotos","43":"tag-orlen-przejmuje-lotos","44":"tag-osoby-biznesu","45":"tag-oze","46":"tag-palowanie","47":"tag-pge-w-gdansku","48":"tag-pkn-orlen","49":"tag-pl","50":"tag-poland","51":"tag-polish","52":"tag-polska","53":"tag-polski","54":"tag-polski-fundusz-rozwoju","55":"tag-port-centralny","56":"tag-port-gdansk","57":"tag-port-gdynia","58":"tag-port-instalacyjny","59":"tag-port-instalacyjny-w-gdansku","60":"tag-port-off-shore-w-gdansku","61":"tag-port-tymczasowy","62":"tag-port-zewnetrzny","63":"tag-praca","64":"tag-prawo","65":"tag-projek","66":"tag-prywatyzacja-gdanskiej-energi","67":"tag-przejecie-energi-przez-orlen","68":"tag-przetarg","69":"tag-pse","70":"tag-rozbudowa","71":"tag-sieci-elektroenergetyczne","72":"tag-sopot","73":"tag-spolka-istrana","74":"tag-spolki-gieldowe","75":"tag-sylwetki","76":"tag-terminal-instalacyjny","77":"tag-terminal-instalacyjny-w-gdansku","78":"tag-terminal-t3","79":"tag-w-gdyni-powstanie-port-instalacyjny","80":"tag-wiadomosci","81":"tag-wiatraki-na-morzu","82":"tag-wieze-wiatrowe-na-morzu","83":"tag-zmpg"},"share_on_mastodon":{"url":"","error":"Validation failed: Text character limit of 500 exceeded"},"_links":{"self":[{"href":"https:\/\/www.europesays.com\/pl\/wp-json\/wp\/v2\/posts\/184578","targetHints":{"allow":["GET"]}}],"collection":[{"href":"https:\/\/www.europesays.com\/pl\/wp-json\/wp\/v2\/posts"}],"about":[{"href":"https:\/\/www.europesays.com\/pl\/wp-json\/wp\/v2\/types\/post"}],"author":[{"embeddable":true,"href":"https:\/\/www.europesays.com\/pl\/wp-json\/wp\/v2\/users\/2"}],"replies":[{"embeddable":true,"href":"https:\/\/www.europesays.com\/pl\/wp-json\/wp\/v2\/comments?post=184578"}],"version-history":[{"count":0,"href":"https:\/\/www.europesays.com\/pl\/wp-json\/wp\/v2\/posts\/184578\/revisions"}],"wp:featuredmedia":[{"embeddable":true,"href":"https:\/\/www.europesays.com\/pl\/wp-json\/wp\/v2\/media\/184579"}],"wp:attachment":[{"href":"https:\/\/www.europesays.com\/pl\/wp-json\/wp\/v2\/media?parent=184578"}],"wp:term":[{"taxonomy":"category","embeddable":true,"href":"https:\/\/www.europesays.com\/pl\/wp-json\/wp\/v2\/categories?post=184578"},{"taxonomy":"post_tag","embeddable":true,"href":"https:\/\/www.europesays.com\/pl\/wp-json\/wp\/v2\/tags?post=184578"}],"curies":[{"name":"wp","href":"https:\/\/api.w.org\/{rel}","templated":true}]}}