{"id":184608,"date":"2026-01-03T02:45:07","date_gmt":"2026-01-03T02:45:07","guid":{"rendered":"https:\/\/www.europesays.com\/pl\/184608\/"},"modified":"2026-01-03T02:45:07","modified_gmt":"2026-01-03T02:45:07","slug":"tragedia-na-trasie-bialy-bor-biskupice-smierc-19-latki-i-kierowcy","status":"publish","type":"post","link":"https:\/\/www.europesays.com\/pl\/184608\/","title":{"rendered":"Tragedia na trasie Bia\u0142y B\u00f3r-Biskupice. \u015amier\u0107 19-latki i kierowcy"},"content":{"rendered":"<p>        Data utworzenia:<\/p>\n<p>            2 stycznia 2026, 23:03.<\/p>\n<p class=\"article-p\" data-section=\"detail-body\">Dramatyczne wypadek na trasie z Bia\u0142ego Boru do Biskupic w wojew\u00f3dztwie zachodniopomorskim. 2 stycznia po po\u0142udniu dosz\u0142o tam do powa\u017cnego wypadku, podczas kt\u00f3rego osobowy Peugeot uderzy\u0142 w przydro\u017cne drzewo. Niestety, zdarzenia nie prze\u017cy\u0142y dwie osoby. Na miejscu zgin\u0119\u0142a m\u0142oda, 19-letnia kobieta, 34-letni kierowca zmar\u0142 w szpitalu.<\/p>\n","protected":false},"excerpt":{"rendered":"Data utworzenia: 2 stycznia 2026, 23:03. Dramatyczne wypadek na trasie z Bia\u0142ego Boru do Biskupic w wojew\u00f3dztwie zachodniopomorskim.&hellip;\n","protected":false},"author":2,"featured_media":184609,"comment_status":"","ping_status":"","sticky":false,"template":"","format":"standard","meta":{"footnotes":""},"categories":[5],"tags":[32,33,36,37,27,34,35,28,31,25,42,38,40,39,41,29,30,26],"class_list":{"0":"post-184608","1":"post","2":"type-post","3":"status-publish","4":"format-standard","5":"has-post-thumbnail","7":"category-naglowki","8":"tag-breaking-news","9":"tag-breakingnews","10":"tag-featured-news","11":"tag-featurednews","12":"tag-headlines","13":"tag-latest-news","14":"tag-latestnews","15":"tag-naglowki","16":"tag-najwazniejsze-artykuly","17":"tag-news","18":"tag-pl","19":"tag-poland","20":"tag-polish","21":"tag-polska","22":"tag-polski","23":"tag-top-stories","24":"tag-topstories","25":"tag-wiadomosci"},"share_on_mastodon":{"url":"https:\/\/pubeurope.com\/@pl\/115828878470287481","error":""},"_links":{"self":[{"href":"https:\/\/www.europesays.com\/pl\/wp-json\/wp\/v2\/posts\/184608","targetHints":{"allow":["GET"]}}],"collection":[{"href":"https:\/\/www.europesays.com\/pl\/wp-json\/wp\/v2\/posts"}],"about":[{"href":"https:\/\/www.europesays.com\/pl\/wp-json\/wp\/v2\/types\/post"}],"author":[{"embeddable":true,"href":"https:\/\/www.europesays.com\/pl\/wp-json\/wp\/v2\/users\/2"}],"replies":[{"embeddable":true,"href":"https:\/\/www.europesays.com\/pl\/wp-json\/wp\/v2\/comments?post=184608"}],"version-history":[{"count":0,"href":"https:\/\/www.europesays.com\/pl\/wp-json\/wp\/v2\/posts\/184608\/revisions"}],"wp:featuredmedia":[{"embeddable":true,"href":"https:\/\/www.europesays.com\/pl\/wp-json\/wp\/v2\/media\/184609"}],"wp:attachment":[{"href":"https:\/\/www.europesays.com\/pl\/wp-json\/wp\/v2\/media?parent=184608"}],"wp:term":[{"taxonomy":"category","embeddable":true,"href":"https:\/\/www.europesays.com\/pl\/wp-json\/wp\/v2\/categories?post=184608"},{"taxonomy":"post_tag","embeddable":true,"href":"https:\/\/www.europesays.com\/pl\/wp-json\/wp\/v2\/tags?post=184608"}],"curies":[{"name":"wp","href":"https:\/\/api.w.org\/{rel}","templated":true}]}}