{"id":184688,"date":"2026-01-03T04:49:08","date_gmt":"2026-01-03T04:49:08","guid":{"rendered":"https:\/\/www.europesays.com\/pl\/184688\/"},"modified":"2026-01-03T04:49:08","modified_gmt":"2026-01-03T04:49:08","slug":"kolejna-fala-protestow-w-teheranie-jest-apel-o-milionowa-obecnosc","status":"publish","type":"post","link":"https:\/\/www.europesays.com\/pl\/184688\/","title":{"rendered":"Kolejna fala protest\u00f3w w Teheranie. Jest apel o &#8222;milionow\u0105 obecno\u015b\u0107&#8221;"},"content":{"rendered":"<ul class=\"UnorderedList_container__nmfSl\">\n<li class=\"UnorderedList_listElement__Py7xi\" data-id=\"ai-summary-link\">Du\u017co czytania, a ma\u0142o czasu? Sprawd\u017a\u00a0skr\u00f3t\u00a0artyku\u0142u<\/li>\n<\/ul>\n<p class=\"Paragraph_desktopParagraph__U31Gm\">Na nagraniach wida\u0107 by\u0142o m.in. p\u0142on\u0105ce kontenery na \u015bmieci. Autentyczno\u015bci tych nagra\u0144 \u2014 jak pisze agencja dpa \u2014 nie uda\u0142o si\u0119 jak na razie zweryfikowa\u0107. Do zamieszek mia\u0142o doj\u015b\u0107 w po\u0142udniowej cz\u0119\u015bci Teheranu. Tymczasem Reza Pahlawi, syn obalonego w 1979 r. szacha, wezwa\u0142 do kolejnych protest\u00f3w w stolicy. W po\u015bcie na platformie X zaapelowa\u0142 on o &#8222;milionow\u0105 obecno\u015b\u0107&#8221; ludzi w Teheranie i &#8222;wzniesienie barykad na kluczowych arteriach komunikacyjnych i g\u0142\u00f3wnych drogach&#8221;.<\/p>\n<p class=\"VideoPlayerText_videoPlayerText__iDwyz\">Dalszy ci\u0105g materia\u0142u pod wideo<\/p>\n<ul class=\"OchatFollowUps_wrapper__1ry7X\">\n<li class=\"OchatFollowUps_item__Dhyly OchatFollowUps_itemDesktop__R6aBv\">Gdzie odbywaj\u0105 si\u0119 protesty w Iranie?<\/li>\n<li class=\"OchatFollowUps_item__Dhyly OchatFollowUps_itemDesktop__R6aBv\">Kto wezwa\u0142 do milionowej obecno\u015bci w Teheranie?<\/li>\n<li class=\"OchatFollowUps_item__Dhyly OchatFollowUps_itemDesktop__R6aBv\">Jakie s\u0105 przyczyny protest\u00f3w w Iranie?<\/li>\n<li class=\"OchatFollowUps_item__Dhyly OchatFollowUps_itemDesktop__R6aBv\">Ile os\u00f3b zgin\u0119\u0142o podczas protest\u00f3w w Iranie?<\/li>\n<\/ul>\n<p class=\"Paragraph_desktopParagraph__U31Gm\">Pahlawi \u017cyje na wygnaniu. Nie jest jasne, jak du\u017cy wp\u0142yw ma on na protesty. Ira\u0144ska opozycja za granic\u0105 jest uwa\u017cana za podzielon\u0105 i rozdrobnion\u0105.<\/p>\n<p class=\"Paragraph_desktopParagraph__U31Gm\">Od 28 grudnia w Iranie trwaj\u0105 protesty wywo\u0142ane problemami gospodarczymi. Zdaniem medi\u00f3w w r\u00f3\u017cnych miastach si\u0142y bezpiecze\u0144stwa u\u017cywa\u0142y broni palnej wobec manifestant\u00f3w; zgin\u0119\u0142o co najmniej siedem os\u00f3b.<\/p>\n<p>Donald Trump grozi interwencj\u0105 w Iranie <\/p>\n<p class=\"Paragraph_desktopParagraph__U31Gm\">Na pocz\u0105tku tygodnia prezydent Masud Pezeszkian zapowiedzia\u0142 dialog z liderami protest\u00f3w, rozpocz\u0119tych strajkiem sklepikarzy, w kt\u00f3rych bole\u015bnie uderzy\u0142o za\u0142amanie si\u0119 kursu lokalnej waluty. Pezeszkian przyzna\u0142, \u017ce przyczyn\u0105 kryzysu s\u0105 zaniedbania w\u0142adz. \u2014 To my jeste\u015bmy winni. Nie szukajcie winy w Ameryce ani w nikim innym. Musimy dobrze s\u0142u\u017cy\u0107, \u017ceby ludzie byli z nas zadowoleni (\u2026). To my musimy znale\u017a\u0107 rozwi\u0105zanie tych problem\u00f3w \u2014 powiedzia\u0142.<\/p>\n<p class=\"Paragraph_desktopParagraph__U31Gm\">Rz\u0105d Pezeszkiana pr\u00f3buje wprowadzi\u0107 program liberalizacji gospodarczej, ale deregulacja niekt\u00f3rych kurs\u00f3w walut przyczyni\u0142a si\u0119 do gwa\u0142townego spadku warto\u015bci ira\u0144skiego riala.<\/p>\n<p class=\"Paragraph_desktopParagraph__U31Gm\">W pi\u0105tek rano prezydent USA Donald Trump na swojej platformie spo\u0142eczno\u015bciowej Truth Social zagrozi\u0142, \u017ce USA przyjd\u0105 z odsiecz\u0105 ira\u0144skim demonstrantom, je\u017celi &#8222;w\u0142adze w Teheranie b\u0119d\u0105 strzela\u0107 i brutalnie zabija\u0107 manifestant\u00f3w tak, jak maj\u0105 to w zwyczaju&#8221;. Trump zako\u0144czy\u0142 stwierdzeniem: &#8222;jeste\u015bmy uzbrojeni i gotowi do akcji&#8221;.<\/p>\n","protected":false},"excerpt":{"rendered":"Du\u017co czytania, a ma\u0142o czasu? Sprawd\u017a\u00a0skr\u00f3t\u00a0artyku\u0142u Na nagraniach wida\u0107 by\u0142o m.in. p\u0142on\u0105ce kontenery na \u015bmieci. Autentyczno\u015bci tych nagra\u0144&hellip;\n","protected":false},"author":2,"featured_media":184689,"comment_status":"","ping_status":"","sticky":false,"template":"","format":"standard","meta":{"footnotes":""},"categories":[14],"tags":[32,33,27,67,307,34,35,28,31,53,25,52,68,51,55,40,41,1622,47,80,6627,29,30,65,50,26,82,83,84],"class_list":{"0":"post-184688","1":"post","2":"type-post","3":"status-publish","4":"format-standard","5":"has-post-thumbnail","7":"category-swiat","8":"tag-breaking-news","9":"tag-breakingnews","10":"tag-headlines","11":"tag-intextvideo_splayer","12":"tag-iran_kraj","13":"tag-latest-news","14":"tag-latestnews","15":"tag-naglowki","16":"tag-najwazniejsze-artykuly","17":"tag-new_header","18":"tag-news","19":"tag-onet3","20":"tag-onet3d","21":"tag-onet3d_2i","22":"tag-phx","23":"tag-polish","24":"tag-polski","25":"tag-protesty","26":"tag-screening_general","27":"tag-swiat","28":"tag-teheran","29":"tag-top-stories","30":"tag-topstories","31":"tag-update_me","32":"tag-v2021","33":"tag-wiadomosci","34":"tag-world","35":"tag-world-news","36":"tag-worldnews"},"share_on_mastodon":{"url":"https:\/\/pubeurope.com\/@pl\/115829365953474638","error":""},"_links":{"self":[{"href":"https:\/\/www.europesays.com\/pl\/wp-json\/wp\/v2\/posts\/184688","targetHints":{"allow":["GET"]}}],"collection":[{"href":"https:\/\/www.europesays.com\/pl\/wp-json\/wp\/v2\/posts"}],"about":[{"href":"https:\/\/www.europesays.com\/pl\/wp-json\/wp\/v2\/types\/post"}],"author":[{"embeddable":true,"href":"https:\/\/www.europesays.com\/pl\/wp-json\/wp\/v2\/users\/2"}],"replies":[{"embeddable":true,"href":"https:\/\/www.europesays.com\/pl\/wp-json\/wp\/v2\/comments?post=184688"}],"version-history":[{"count":0,"href":"https:\/\/www.europesays.com\/pl\/wp-json\/wp\/v2\/posts\/184688\/revisions"}],"wp:featuredmedia":[{"embeddable":true,"href":"https:\/\/www.europesays.com\/pl\/wp-json\/wp\/v2\/media\/184689"}],"wp:attachment":[{"href":"https:\/\/www.europesays.com\/pl\/wp-json\/wp\/v2\/media?parent=184688"}],"wp:term":[{"taxonomy":"category","embeddable":true,"href":"https:\/\/www.europesays.com\/pl\/wp-json\/wp\/v2\/categories?post=184688"},{"taxonomy":"post_tag","embeddable":true,"href":"https:\/\/www.europesays.com\/pl\/wp-json\/wp\/v2\/tags?post=184688"}],"curies":[{"name":"wp","href":"https:\/\/api.w.org\/{rel}","templated":true}]}}