{"id":18473,"date":"2025-09-27T07:13:10","date_gmt":"2025-09-27T07:13:10","guid":{"rendered":"https:\/\/www.europesays.com\/pl\/18473\/"},"modified":"2025-09-27T07:13:10","modified_gmt":"2025-09-27T07:13:10","slug":"oneplus-15-z-rewelacyjnym-ekranem-165-hz-premiera-za-rogiem","status":"publish","type":"post","link":"https:\/\/www.europesays.com\/pl\/18473\/","title":{"rendered":"OnePlus 15 z rewelacyjnym ekranem 165 Hz. Premiera za rogiem"},"content":{"rendered":"<p class=\"lead\">OnePlus 15 zadebiutuje ju\u017c w pa\u017adzierniku w Chinach, a nied\u0142ugo p\u00f3\u017aniej pojawi si\u0119 globalnie. Producent zacz\u0105\u0142 ujawnia\u0107 szczeg\u00f3\u0142y nowego flagowca, a pierwsze materia\u0142y pokazuj\u0105 jego wy\u015bwietlacz. Smartfon otrzyma ekran z ultracienkimi ramkami i od\u015bwie\u017caniem a\u017c 165 Hz.<\/p>\n<p><a href=\"https:\/\/www.gsmmaniak.pl\/1602715\/oneplus-15-oficjalnie-zapowiedzian-w-polsce-specyfikacja\/\" rel=\"nofollow noopener\" target=\"_blank\">OnePlus 15 zosta\u0142 ju\u017c oficjalnie potwierdzony<\/a>. Flagowiec postawi na wydajno\u015b\u0107, szybko\u015b\u0107 i responsywno\u015b\u0107. Poza tym zmieni si\u0119 design. Producent zupe\u0142nie odejdzie od dotychczasowej filozofii i porzuci wsp\u00f3\u0142prac\u0119 z firm\u0105 Hasselblad, na rzecz autorskiej technologii. W wielkim skr\u00f3cie, wiele si\u0119 zmieni wzgl\u0119dem <a href=\"https:\/\/www.gsmmaniak.pl\/1529167\/oneplus-13-test-opinia-czy-warto-kupic\/\" rel=\"nofollow noopener\" target=\"_blank\">OnePlus 13<\/a>, czyli jego poprzednika.<\/p>\n<p>OnePlus 15 ze sporymi zmianami<br \/>\n<a href=\"https:\/\/www.gsmmaniak.pl\/wp-content\/uploads\/gsmmaniak\/2025\/09\/oneplus15-e1757937266742.png\" rel=\"nofollow noopener\" target=\"_blank\"><img decoding=\"async\" aria-describedby=\"caption-attachment-1600064\" loading=\"lazy\" class=\"size-medium wp-image-1600064\" src=\"https:\/\/www.europesays.com\/pl\/wp-content\/uploads\/2025\/09\/oneplus15-e1757937266742-500x288.png\" alt=\"OnePlus 15\" width=\"500\" height=\"288\"   itemprop=\"image\" \/><\/a><\/p>\n<p id=\"caption-attachment-1600064\" class=\"wp-caption-text\">OnePlus 15 \/ fot. gsmarena.com<\/p>\n<p>Nowy OnePlus 15 zosta\u0142 wyposa\u017cony w p\u0142aski wy\u015bwietlacz z zaokr\u0105glonymi rogami. Ramki maj\u0105 zaledwie 1,15 mm grubo\u015bci, co zapewni niemal bezramkowy wygl\u0105d. Ekran obs\u0142u\u017cy cz\u0119stotliwo\u015b\u0107 od\u015bwie\u017cania a\u017c 165 Hz. Z kolei rozdzielczo\u015b\u0107 na poziomie 1,5K ma zagwarantowa\u0107 wysok\u0105 ostro\u015b\u0107 obrazu. <a href=\"https:\/\/www.mobimaniak.pl\/\" rel=\"nofollow noopener\" target=\"_blank\">Gamingowy ManiaCy powinni by\u0107 zadowoleni<\/a>.<\/p>\n<p><a href=\"https:\/\/www.europesays.com\/pl\/wp-content\/uploads\/2025\/09\/1-32.png\" rel=\"lightbox-post4\"><img decoding=\"async\" aria-describedby=\"caption-attachment-1603049\" loading=\"lazy\" class=\"size-full wp-image-1603049\" src=\"https:\/\/www.europesays.com\/pl\/wp-content\/uploads\/2025\/09\/1-32.png\" alt=\"OnePlus 15\" width=\"409\" height=\"684\" \/><\/a><\/p>\n<p id=\"caption-attachment-1603049\" class=\"wp-caption-text\">OnePlus 15 \/ fot. producenta<\/p>\n<p>Pod mask\u0105 znajdzie si\u0119 procesor Snapdragon 8 Elite Gen 5. Smartfon b\u0119dzie dost\u0119pny w wersji z 16 GB RAM. Urz\u0105dzenie zadebiutuje z systemem Android 16 i nak\u0142adk\u0105 ColorOS 16 w Chinach. Globalna edycja, oczywi\u015bcie, zostanie wyposa\u017cona w OxygenOS 16. Nie zabraknie te\u017c pojemnej baterii o pojemno\u015bci oko\u0142o 7000 mAh.<\/p>\n<p><a href=\"https:\/\/www.europesays.com\/pl\/wp-content\/uploads\/2025\/09\/2-8.png\" rel=\"lightbox-post4\"><img decoding=\"async\" aria-describedby=\"caption-attachment-1603050\" loading=\"lazy\" class=\"size-full wp-image-1603050\" src=\"https:\/\/www.europesays.com\/pl\/wp-content\/uploads\/2025\/09\/2-8.png\" alt=\"\" width=\"414\" height=\"720\" \/><\/a><\/p>\n<p id=\"caption-attachment-1603050\" class=\"wp-caption-text\">OnePlus 15 \/ fot. producenta<\/p>\n<p>Konfiguracja obs\u0142u\u017cy szybkie \u0142adowanie przewodowe 100 W oraz bezprzewodowe 50 W. Tylny zestaw aparat\u00f3w b\u0119dzie korzysta\u0142 z autorskiej technologii Detail Max Engine. Za zaplecze fotograficzne odpowie g\u0142\u00f3wna jednostka z matryc\u0105 50 MP, teleobiektyw peryskopowy 3x oraz aparat ultraszerokok\u0105tny.<\/p>\n<p>Premiera i inne modele<\/p>\n<p>OnePlus 15 zostanie zaprezentowany w pa\u017adzierniku w Chinach. Nast\u0119pnie wyruszy w globaln\u0105 podr\u00f3\u017c do Europy, w tym do Polski. Premiera w naszym kraju zosta\u0142a ju\u017c oficjalnie potwierdzona przez biuro prasowe OnePlus, wi\u0119c nie pozostaje nic innego, ani\u017celi poczeka\u0107 na ujawnienie konkretnej daty.<\/p>\n<p>Co ciekawe, obok chi\u0144skiej wersji flagowca pojawi si\u0119 te\u017c OnePlus Ace 6. Co jeszcze ciekawsze, ten model trafi w delikatnie zmienionej formie do Indii jako OnePlus 15R, a ten z kolei powinien zasili\u0107 europejskie p\u00f3\u0142ki sklepowe jako OnePlus 15T.<\/p>\n<blockquote class=\"wp-embedded-content\" data-secret=\"c9JbPTGq7p\">\n<p><a href=\"https:\/\/www.gsmmaniak.pl\/1602715\/oneplus-15-oficjalnie-zapowiedzian-w-polsce-specyfikacja\/\" rel=\"nofollow noopener\" target=\"_blank\">OnePlus 15 oficjalnie zapowiedziany! Z t\u0105 specyfikacj\u0105, to b\u0119dzie najmocniejszy flagowiec na rynku<\/a><\/p>\n<\/blockquote>\n<p>\u0179r\u00f3d\u0142o: <a href=\"https:\/\/www.gizmochina.com\/2025\/09\/26\/oneplus-15-165hz-display-ultra-thin-bezels\/\" rel=\"nofollow noopener\" target=\"_blank\">gizmochina<\/a><\/p>\n","protected":false},"excerpt":{"rendered":"OnePlus 15 zadebiutuje ju\u017c w pa\u017adzierniku w Chinach, a nied\u0142ugo p\u00f3\u017aniej pojawi si\u0119 globalnie. Producent zacz\u0105\u0142 ujawnia\u0107 szczeg\u00f3\u0142y&hellip;\n","protected":false},"author":2,"featured_media":18474,"comment_status":"","ping_status":"","sticky":false,"template":"","format":"standard","meta":{"footnotes":""},"categories":[20],"tags":[6294,5740,6295,120,118,119,4523,2749,4521,6293,4520,2751,42,38,40,39,41,116,114,115,121,117],"class_list":{"0":"post-18473","1":"post","2":"type-post","3":"status-publish","4":"format-standard","5":"has-post-thumbnail","7":"category-nauka-i-technika","8":"tag-najlepszy-flagowiec","9":"tag-najmocniejszy-flagowiec","10":"tag-najwydajniejszy-flagowiec","11":"tag-nauka","12":"tag-nauka-i-technika","13":"tag-naukatechnika","14":"tag-nowy-oneplus","15":"tag-oneplus-15","16":"tag-oneplus-15-design","17":"tag-oneplus-15-kiedy-premiera","18":"tag-oneplus-15-premiera","19":"tag-oneplus-15-specyfikacja","20":"tag-pl","21":"tag-poland","22":"tag-polish","23":"tag-polska","24":"tag-polski","25":"tag-science","26":"tag-science-and-technology","27":"tag-sciencetechnology","28":"tag-technika","29":"tag-technology"},"share_on_mastodon":{"url":"","error":""},"_links":{"self":[{"href":"https:\/\/www.europesays.com\/pl\/wp-json\/wp\/v2\/posts\/18473","targetHints":{"allow":["GET"]}}],"collection":[{"href":"https:\/\/www.europesays.com\/pl\/wp-json\/wp\/v2\/posts"}],"about":[{"href":"https:\/\/www.europesays.com\/pl\/wp-json\/wp\/v2\/types\/post"}],"author":[{"embeddable":true,"href":"https:\/\/www.europesays.com\/pl\/wp-json\/wp\/v2\/users\/2"}],"replies":[{"embeddable":true,"href":"https:\/\/www.europesays.com\/pl\/wp-json\/wp\/v2\/comments?post=18473"}],"version-history":[{"count":0,"href":"https:\/\/www.europesays.com\/pl\/wp-json\/wp\/v2\/posts\/18473\/revisions"}],"wp:featuredmedia":[{"embeddable":true,"href":"https:\/\/www.europesays.com\/pl\/wp-json\/wp\/v2\/media\/18474"}],"wp:attachment":[{"href":"https:\/\/www.europesays.com\/pl\/wp-json\/wp\/v2\/media?parent=18473"}],"wp:term":[{"taxonomy":"category","embeddable":true,"href":"https:\/\/www.europesays.com\/pl\/wp-json\/wp\/v2\/categories?post=18473"},{"taxonomy":"post_tag","embeddable":true,"href":"https:\/\/www.europesays.com\/pl\/wp-json\/wp\/v2\/tags?post=18473"}],"curies":[{"name":"wp","href":"https:\/\/api.w.org\/{rel}","templated":true}]}}