{"id":184759,"date":"2026-01-03T06:51:45","date_gmt":"2026-01-03T06:51:45","guid":{"rendered":"https:\/\/www.europesays.com\/pl\/184759\/"},"modified":"2026-01-03T06:51:45","modified_gmt":"2026-01-03T06:51:45","slug":"kia-ev4-test-czy-warto-jeszcze-wziac-hatchbacka-wsrod-tylu-suv-ow-sprawdzilismy","status":"publish","type":"post","link":"https:\/\/www.europesays.com\/pl\/184759\/","title":{"rendered":"Kia EV4 &#8211; test. Czy warto jeszcze wzi\u0105\u0107 hatchbacka w\u015br\u00f3d tylu SUV-\u00f3w? Sprawdzili\u015bmy"},"content":{"rendered":"<ul class=\"ods-m-bullet-list\">\n<li class=\"ods-a-bullet ods-a-bullet--bold\"> Design EV4 wyr\u00f3\u017cnia si\u0119 nowoczesnym i odwa\u017cnym stylem, z charakterystycznymi reflektorami <\/li>\n<li class=\"ods-a-bullet ods-a-bullet--bold\"> Wn\u0119trze EV4 to najmocniejsza strona tego auta. Jest dobrze wykonane, przemy\u015blane, a przede wszystkim przepastne <\/li>\n<li class=\"ods-a-bullet ods-a-bullet--bold\"> Cena modelu zaczyna si\u0119 od 173 tys. 900 z\u0142, a wersja testowa z pe\u0142nym wyposa\u017ceniem kosztuje 230 tys. 900 z\u0142 <\/li>\n<li class=\"ods-a-bullet ods-a-bullet--bold\"> Samoch\u00f3d by\u0142 u\u017cyczony przez importera, a po te\u015bcie zosta\u0142 zwr\u00f3cony <\/li>\n<li class=\"ods-a-bullet ods-a-bullet--bold\"> Zach\u0119camy do oddawania g\u0142os\u00f3w w ankiecie, kt\u00f3ra znajduje si\u0119 na ko\u0144cu artyku\u0142u <\/li>\n<li id=\"ods-a-bullet-czat-ai-summary\" data-section=\"ochat-summary-link\" class=\"ods-a-bullet ods-a-bullet--czatai\"> <a href=\"#\"><br \/>\n    Du\u017co czytania, a ma\u0142o czasu? Sprawd\u017a skr\u00f3t artyku\u0142u<br \/>\n<\/a> <\/li>\n<\/ul>\n<p>SPIS TRE\u015aCI<\/p>\n<ol class=\"ods-a-table-of-content__items\">\n<li class=\"ods-a-table-of-content__item\"><a href=\"#toc-jak-wyglada-kia-ev4\" class=\"ods-a-table-of-content__link\">Jak wygl\u0105da Kia EV4?<\/a><\/li>\n<li class=\"ods-a-table-of-content__item\"><a href=\"#toc-jakie-jest-wnetrze-kii-ev4\" class=\"ods-a-table-of-content__link\">Jakie jest wn\u0119trze Kii EV4?<\/a><\/li>\n<li class=\"ods-a-table-of-content__item\"><a href=\"#toc-jaki-silnik-ma-kia-ev4\" class=\"ods-a-table-of-content__link\">Jaki silnik ma Kia EV4?<\/a><\/li>\n<li class=\"ods-a-table-of-content__item\"><a href=\"#toc-ile-czasu-laduje-sie-kia-ev4\" class=\"ods-a-table-of-content__link\">Ile czasu \u0142aduje si\u0119 Kia EV4?<\/a><\/li>\n<li class=\"ods-a-table-of-content__item\"><a href=\"#toc-jak-sie-jezdzi-kia-ev4\" class=\"ods-a-table-of-content__link\">Jak si\u0119 je\u017adzi Ki\u0105 EV4?<\/a><\/li>\n<li class=\"ods-a-table-of-content__item\"><a href=\"#toc-czy-kia-ev4-ma-denerwujace-systemy\" class=\"ods-a-table-of-content__link\">Czy Kia EV4 ma denerwuj\u0105ce systemy?<\/a><\/li>\n<li class=\"ods-a-table-of-content__item\"><a href=\"#toc-ile-kosztuje-kia-ev4\" class=\"ods-a-table-of-content__link\">Ile kosztuje Kia EV4?<\/a><\/li>\n<li class=\"ods-a-table-of-content__item\"><a href=\"#toc-czy-warto-kupic-kie-ev4\" class=\"ods-a-table-of-content__link\">Czy warto kupi\u0107 Ki\u0119 EV4?<\/a><\/li>\n<li class=\"ods-a-table-of-content__item\"><a href=\"#toc-kia-ev4-dane-techniczne\" class=\"ods-a-table-of-content__link\">Kia EV4 \u2014 dane techniczne<\/a><\/li>\n<\/ol>\n<p class=\"ods-c-paragraph \">Znacie Ki\u0119 Ceed? Przez lata by\u0142 to motor poci\u0105gowy ca\u0142ej marki Kia, kt\u00f3ra zreszt\u0105 dzi\u0119ki temu modelowi na dobre ugruntowa\u0142a si\u0119 na starym kontynencie. By\u0142 to pewnego rodzaju fundament, pozwalaj\u0105cy zapa\u015b\u0107 w pami\u0119\u0107 i przekona\u0107 klient\u00f3w do tej korea\u0144skiej marki. Podobne zadanie stoi przed now\u0105 Ki\u0105 EV4.<\/p>\n<p>Dalszy ci\u0105g artyku\u0142u pod materia\u0142em wideo<\/p>\n<p> Jakie s\u0105 ceny Kii EV4? <\/p>\n<p> Jaki zasi\u0119g ma Kia EV4? <\/p>\n<p> Jakie s\u0105 opinie na temat wn\u0119trza Kii EV4? <\/p>\n<p> Jak d\u0142ugo \u0142aduje si\u0119 Kia EV4? <\/p>\n<p class=\"ods-c-paragraph \">Jasne, nie mo\u017cemy po tym elektryku oczekiwa\u0107, \u017ce b\u0119dzie bestsellerem na miar\u0119 Ceed-a, bo dalej wi\u0119kszo\u015b\u0107 z nas woli auta spalinowe, ale jego historia jest bardzo podobna. To samoch\u00f3d stworzony w Europie i specjalnie dla Europejczyk\u00f3w, model umo\u017cliwiaj\u0105cy bezstresow\u0105 podr\u00f3\u017c po kraju, bez ci\u0105g\u0142ego poszukiwania stacji \u0142adowania, a przy okazji umo\u017cliwiaj\u0105cy komfortow\u0105 podr\u00f3\u017c dla ca\u0142ej rodziny. Je\u015bli wi\u0119c kto\u015b si\u0119 kiedy\u015b zastanawia\u0142, jak b\u0119dzie wygl\u0105da\u0142a Kia Ceed w wersji elektrycznej, to mo\u017ce spojrze\u0107 w\u0142a\u015bnie na EV4. Jednak plany i zamiary to jedno, a rzeczywisto\u015b\u0107 to drugie, dlatego sprawdzi\u0142em, czy jest tak, jak obiecuje producent.<\/p>\n<p>   Jak wygl\u0105da Kia EV4?<\/p>\n<p class=\"ods-c-paragraph \">Kia EV4 zosta\u0142a narysowana ekstrawagancko tak jak inne propozycje producenta z linii aut elektrycznych. Jest tutaj charakterystyczny p\u0142aski &#8222;dzi\u00f3b&#8221; z w\u0105skimi, ale d\u0142ugimi reflektorami, maj\u0105cymi wyko\u0144czenie pixelowe. Z boku mamy czarne nadkola optycznie podnosz\u0105ce samoch\u00f3d i chowane klamki, kt\u00f3re dzia\u0142aj\u0105 bez zarzutu &#8211; nie zdarzy\u0142o mi si\u0119, by nie chcia\u0142y si\u0119 wysun\u0105\u0107, kiedy tego chcia\u0142em. Przechodz\u0105c do ty\u0142u, mamy interesuj\u0105ce lampy, zaginaj\u0105ce si\u0119 pod k\u0105tem prostym w d\u00f3\u0142 samochodu, kt\u00f3rych \u015bwiat\u0142a maj\u0105 charakterystyczny motyw strza\u0142ek. Auto jest sp\u00f3jne, mo\u017ce si\u0119 podoba\u0107 i z pewno\u015bci\u0105 b\u0119dzie si\u0119 wyr\u00f3\u017cnia\u0142o na ulicy.<\/p>\n<p>    Jakie jest wn\u0119trze Kii EV4?<\/p>\n<p class=\"ods-c-paragraph \">We wn\u0119trzu przede wszystkim jest przepastnie. Miejsca dla ka\u017cdego b\u0119dzie mn\u00f3stwo, tak samo, jak schowk\u00f3w, g\u0142\u00f3wnie w tunelu \u015brodkowym, gdzie mamy jedn\u0105 \u0142adowark\u0119 indukcyjn\u0105 i dwa uchwyty na napoje, dodatkowe miejsce np. na klucze powy\u017cej i jeszcze pod\u0142okietnik ze schowkiem. Materia\u0142y wyko\u0144czeniowe tak\u017ce s\u0105 dobrej jako\u015bci \u2014 uginaj\u0105 si\u0119 pod palcem, \u0142adnie wygl\u0105daj\u0105 i nie trzeszcz\u0105.<\/p>\n<p class=\"ods-c-paragraph \">Fotele r\u00f3wnie\u017c s\u0105 wygodne i maj\u0105 wystarczaj\u0105ce mo\u017cliwo\u015bci regulowania, ale mam pewien problem z pozycj\u0105 za kierownic\u0105. Na pocz\u0105tku przeszkadza\u0142o mi, \u017ce kierownica ma troch\u0119 zbyt kr\u00f3tk\u0105 regulacj\u0119 wzd\u0142u\u017cn\u0105. Potem mi to przesta\u0142o przeszkadza\u0107, ale po kt\u00f3rym\u015b powrocie do auta zn\u00f3w mi przeszkadza. Chodzi o to, \u017ce po ustawieniu fotela wygodnie dla n\u00f3g brakuje mi kilku centymetr\u00f3w do wygodnego trzymania kierownicy. Jak z kolei si\u0119 ustawi\u0119 dobrze pod kierownic\u0119, mam lekko podkulone nogi. Nie jest to mo\u017ce bardzo odczuwalne, ale mo\u017ce by\u0107 to uporczywe dla wy\u017cszych kierowc\u00f3w. Powodem jest tutaj prawdopodobnie bateria w pod\u0142odze, przez co fotel jest do\u015b\u0107 nisko wzgl\u0119dem peda\u0142\u00f3w.<\/p>\n<p class=\"ods-c-paragraph \">Centrum sterowania samochodem stanowi\u0105 trzy ekrany pod jedn\u0105 tafl\u0105 szk\u0142a \u2014 dwa maj\u0105 po 12,3 cala, a pomi\u0119dzy nimi jest ma\u0142y 5-calowy wy\u015bwietlacz odpowiadaj\u0105cy za klimatyzacj\u0119. Dodatkowo do obs\u0142ugi klimatyzacji mamy osobne fizyczne przyciski, dzi\u0119ki kt\u00f3rym szybko zmienimy temperatur\u0119 i moc nawiewu. Jest te\u017c kilka przycisk\u00f3w odpowiedzialnych za obs\u0142ug\u0119 ekranu infotainment.<\/p>\n<p class=\"ods-c-paragraph \">Doceniam, \u017ce jest osobny wy\u015bwietlacz od klimatyzacji, szkoda tylko, \u017ce jest on w 3\/4 zas\u0142oni\u0119ty przez wieniec kierownicy. \u017beby wi\u0119c ustawi\u0107 temperatur\u0119, trzeba si\u0119 lekko wychyli\u0107 w prawo. Tak przynajmniej by\u0142o przy wygodnym dla mnie ustawieniu. Mimo to ergonomia wn\u0119trza w EV4 stoi na bardzo wysokim poziomie.<\/p>\n<p class=\"ods-c-paragraph \">Same multimedia tak\u017ce dzia\u0142aj\u0105 sprawnie, nie trzeba tutaj oczekiwa\u0107 na reakcj\u0119 ze strony ekranu, auto szybko i bezprzewodowo \u0142\u0105czy si\u0119 z Apple CarPlay. Niestety, dostanie si\u0119 do menu z systemami bezpiecze\u0144stwa, wymaga kilku klik\u00f3w, co podczas jazdy jest do\u015b\u0107 irytuj\u0105ce. Na szcz\u0119\u015bcie mo\u017cna utworzy\u0107 do niego skr\u00f3t z przycisku na kierownicy.<\/p>\n<p class=\"ods-c-paragraph \">Ogromne wra\u017cenie robi te\u017c przepastna ilo\u015b\u0107 miejsca z ty\u0142u. Por\u00f3wnywa\u0107 j\u0105 mo\u017cna wr\u0119cz z du\u017cymi limuzynami. Pasa\u017cerowie mog\u0105 si\u0119 mocno rozsi\u0105\u015b\u0107, a tunelu \u015brodkowego nie ma. G\u0142ow\u0105 do sufitu tak\u017ce si\u0119 nie dotyka, cho\u0107 pasa\u017cerowie maj\u0105 do\u015b\u0107 wysoko kolana, co na d\u0142u\u017cszych trasach mo\u017ce by\u0107 niewygodne. Baga\u017cnik ma z kolei 435 l i schowki pod pod\u0142og\u0105. Jest ustawny i mo\u017cna w nim sporo pomie\u015bci\u0107. Nie ma za to frunka.<\/p>\n<p> Jaki silnik ma Kia EV4?<\/p>\n<p class=\"ods-c-paragraph \">Pod mask\u0105 Kii EV4 znajduje si\u0119 silnik elektryczny o mocy 204 KM, kt\u00f3ry dysponuje momentem obrotowym 283 Nm. Jest to jedyna wersja silnikowa, ale producent oferuje dwa pakiety baterii, jeden o pojemno\u015bci u\u017cytkowej 58,3 kWh, a drugi &#8211; 81,4 kWh. Testowy egzemplarz mia\u0142 ten wi\u0119kszy akumulator, kt\u00f3ry katalogowo w cyklu \u015brednim powinien teoretycznie przejecha\u0107 584 km, a zu\u017cycie to 15,8 kWh\/100 km. Testowe warunki by\u0142y jednak dalekie od optymalnych, na dworze by\u0142o maksymalnie 10 st. C, a minimalnie 4 st. C. Taka pogoda ujawni\u0142a, \u017ce auto zu\u017cywa \u015brednio od 17,5 (przy 10 st. C) do 19,5 kWh\/100 km (przy 4 st. C). To z kolei sprawia, \u017ce zasi\u0119g to ponad 400 km (od 100 do 20 proc. uda\u0142o si\u0119 przejecha\u0107 330 km).<\/p>\n<p>   Ile czasu \u0142aduje si\u0119 Kia EV4?<\/p>\n<p class=\"ods-c-paragraph \">Maksymalna moc \u0142adowania w EV4 to 127,5 kW, co przek\u0142ada si\u0119 na 31 min postoju na szybkiej \u0142adowarce, by na\u0142adowa\u0107 od 20 do 80 proc. Wynik ten jest d\u0142u\u017cszy od konkurencji o 4-5 min, w\u0142a\u015bnie ze wzgl\u0119du na ni\u017csz\u0105 moc \u0142adowania. Producent jednak podkre\u015bla, \u017ce niska moc \u0142adowania nie jest problemem, ze wzgl\u0119du na d\u0142ugo utrzymuj\u0105c\u0105 si\u0119 maksymaln\u0105 moc \u0142adowania (zoptymalizowana krzywa \u0142adowania).<\/p>\n<p><img decoding=\"async\" src=\"https:\/\/www.europesays.com\/pl\/wp-content\/uploads\/2026\/01\/Irwk9lBaHR0cHM6Ly9vY2RuLmV1L3B1bHNjbXMvTURBXy9jMWEyOTQ0NjMzZjhkM2U0NDAyMTQ0NjE4YmM1NWQyNi5qcGeSlQMAA.jpeg\" height=\"627\" width=\"940\" alt=\"Kia EV4 wyst\u0119puje w wersji hatchback i fastback. Ten drugi jest jednak znacznie dro\u017cszy\" loading=\"lazy\" class=\"ods-c-image__img ods-c-image__img--viewport-width\"\/><\/p>\n<p>Kia EV4 wyst\u0119puje w wersji hatchback i fastback. Ten drugi jest jednak znacznie dro\u017cszy\u017br\u00f3d\u0142o: Auto \u015awiat \/ Mateusz Pokorzy\u0144ski<\/p>\n<p> Jak si\u0119 je\u017adzi Ki\u0105 EV4?<\/p>\n<p class=\"ods-c-paragraph \">Jazda tym samochodem jest mi\u0119kka. Zestrojenie zwieszenia nie nastraja do szybkiej jazdy, a raczej do spokojnego przemieszczania si\u0119. Auto p\u0142ynie po drogach, cho\u0107 kr\u00f3tkie ust\u0119py w drodze da si\u0119 odczu\u0107 w kabinie. Mimo wszystko EV4 si\u0119 nie wychyla i jedzie pewnie, nawet przy szybko pokonywanych zakr\u0119tach. Uk\u0142ad kierowniczy jest do\u015b\u0107 precyzyjny i z optymalnym oporem wspomagania, do tego szybko reaguje na polecenia kierowcy. Ki\u0105 EV4 po prostu je\u017adzi si\u0119 przyjemnie, tym bardziej \u017ce wyciszenie wn\u0119trza jest niez\u0142e.<\/p>\n<p><img decoding=\"async\" src=\"https:\/\/www.europesays.com\/pl\/wp-content\/uploads\/2026\/01\/cNjk9lBaHR0cHM6Ly9vY2RuLmV1L3B1bHNjbXMvTURBXy9mN2E5MWJjOWEyOTYwNmY1M2M3ODc1N2E1NTQ5MDdmYS5qcGeSlQMAA.jpeg\" height=\"627\" width=\"940\" alt=\"Charakterystyczny znak stylistyczny nowych Kii to \u015bwiata z sygnatur\u0105 \u015bwietln\u0105 w kszta\u0142cie strza\u0142ki\" loading=\"lazy\" class=\"ods-c-image__img ods-c-image__img--viewport-width\"\/><\/p>\n<p>Charakterystyczny znak stylistyczny nowych Kii to \u015bwiata z sygnatur\u0105 \u015bwietln\u0105 w kszta\u0142cie strza\u0142ki\u017br\u00f3d\u0142o: Auto \u015awiat \/ Mateusz Pokorzy\u0144ski<\/p>\n<p> Czy Kia EV4 ma denerwuj\u0105ce systemy?<\/p>\n<p class=\"ods-c-paragraph \">Korea\u0144czycy wzi\u0119li sobie do serca uwagi o nieustannie piszcz\u0105ce systemy, kt\u00f3re trudno jest wy\u0142\u0105czy\u0107, dlatego szybko da si\u0119 wy\u0142\u0105czy\u0107 system ostrzegania o przekroczeniu pr\u0119dko\u015bci. Z kolei system obserwowania rozproszenia uwagi kierowcy jest jakby mniej denerwuj\u0105cy, ni\u017c by\u0142. Mi przynajmniej nie przeszkadza\u0142 podczas tygodniowej jazdy. Owszem, zwraca\u0142 uwag\u0119 o rozproszeniu, ale wyst\u0119powa\u0142o to w sytuacjach, gdy kierowca d\u0142ugo nie patrzy\u0142 na drog\u0119.<\/p>\n<p class=\"ods-c-paragraph \">Do\u015b\u0107 czu\u0142y jest za to system obserwowania martwego pola, kt\u00f3ry nie tylko ostrzega przed pojazdem, ale podczas wyje\u017cd\u017cania z r\u00f3wnoleg\u0142ego miejsca parkingowego potrafi tak\u017ce zatrzyma\u0107 auto. I oczywi\u015bcie system ten jest bardzo pomocny, ale i mocno czu\u0142y. Zdarzy\u0142y mi si\u0119 kilka razy, \u017ce podczas wyje\u017cd\u017cania z miejsca, gdzie wiedzia\u0142em, \u017ce si\u0119 zmieszcz\u0119, auto uznawa\u0142o, \u017ce si\u0119 nie zmieszcz\u0119 i po dodaniu gazu, chwil\u0119 p\u00f3\u017aniej zatrzymywa\u0142o mnie. Nie chc\u0119 tu narzeka\u0107 na system, bo dzia\u0142a on og\u00f3lnie prawid\u0142owo, jednak dla mnie by\u0142 zbyt czu\u0142y.<\/p>\n<p>Ile kosztuje Kia EV4?<\/p>\n<p class=\"ods-c-paragraph \">Podstawowa wersja EV4 kosztuje 173 tys. 900 z\u0142 z akumulatorem 58,3 kWh, z kolei wersja z wi\u0119ksz\u0105 bateri\u0105 zaczyna si\u0119 od 193 tys. 900 z\u0142. Testowany egzemplarz by\u0142 w maksymalnej wersji wyposa\u017cenia GT Line, kosztuj\u0105cej 230 tys. 900 z\u0142 i by\u0142 doposa\u017cony o lakier metalizowany za 2900 z\u0142.<\/p>\n<p><img decoding=\"async\" src=\"https:\/\/www.europesays.com\/pl\/wp-content\/uploads\/2026\/01\/cf6k9lBaHR0cHM6Ly9vY2RuLmV1L3B1bHNjbXMvTURBXy8yZDBmNjNkNmMzZjExZGE1MjZlZGZhMTM0OTZjM2U2Yy5qcGeSlQMAA.jpeg\" height=\"627\" width=\"940\" alt=\"Kia EV4 ma fizyczne przyciski i ekran do obs\u0142ugi. Przebywanie w tym wn\u0119trzu to przyjemno\u015b\u0107\" loading=\"lazy\" class=\"ods-c-image__img ods-c-image__img--viewport-width\"\/><\/p>\n<p>Kia EV4 ma fizyczne przyciski i ekran do obs\u0142ugi. Przebywanie w tym wn\u0119trzu to przyjemno\u015b\u0107\u017br\u00f3d\u0142o: Auto \u015awiat \/ Mateusz Pokorzy\u0144ski<\/p>\n<p> Czy warto kupi\u0107 Ki\u0119 EV4?<\/p>\n<p class=\"ods-c-paragraph \">Korea\u0144ska propozycja bardzo dobrze wygl\u0105da, ma bardzo dobrze przemy\u015blane i pojemne wn\u0119trze, du\u017cy zasi\u0119g, umo\u017cliwiaj\u0105cy spokojn\u0105 jazd\u0119 nawet w dalszych trasach oraz dobre osi\u0105gi. Szkoda tylko, \u017ce producent nie pokusi\u0142 si\u0119 o mo\u017cliwo\u015b\u0107 szybszego \u0142adowania, by skr\u00f3ci\u0107 czas oczekiwania na \u0142adowarce. Warto te\u017c przed podj\u0119ciem decyzji zakupowej usi\u0105\u015b\u0107 do tego samochodu i sprawdzi\u0107, czy pozycja za kierownic\u0105 nam odpowiada. Je\u015bli jest ona wygodna, to Kia EV4 sprawdzi si\u0119 zar\u00f3wno w mie\u015bcie, jak i na trasie.<\/p>\n<p>   Kia EV4 \u2014 dane techniczne  <\/p>\n<tr class=\"ods-m-table__row\">\n<td class=\"ods-a-table__cell\">Silnik<\/td>\n<td class=\"ods-a-table__cell\">Elektryczny, synchroniczny<\/td>\n<\/tr>\n<tr class=\"ods-m-table__row\">\n<td class=\"ods-a-table__cell\">Moc<\/td>\n<td class=\"ods-a-table__cell\">204 KM<\/td>\n<\/tr>\n<tr class=\"ods-m-table__row\">\n<td class=\"ods-a-table__cell\">Maks. moment obrotowy<\/td>\n<td class=\"ods-a-table__cell\">283 Nm<\/td>\n<\/tr>\n<tr class=\"ods-m-table__row\">\n<td class=\"ods-a-table__cell\">Skrzynia bieg\u00f3w<\/td>\n<td class=\"ods-a-table__cell\">Automatyczna<\/td>\n<\/tr>\n<tr class=\"ods-m-table__row\">\n<td class=\"ods-a-table__cell\">Nap\u0119d<\/td>\n<td class=\"ods-a-table__cell\">Na przednie ko\u0142a<\/td>\n<\/tr>\n<tr class=\"ods-m-table__row\">\n<td class=\"ods-a-table__cell\">Pojemno\u015b\u0107 baterii (netto)<\/td>\n<td class=\"ods-a-table__cell\">81,4 kWh<\/td>\n<\/tr>\n<tr class=\"ods-m-table__row\">\n<td class=\"ods-a-table__cell\">Architektura<\/td>\n<td class=\"ods-a-table__cell\">400V<\/td>\n<\/tr>\n<tr class=\"ods-m-table__row\">\n<td class=\"ods-a-table__cell\">Zasi\u0119g (WLTP)<\/td>\n<td class=\"ods-a-table__cell\">584 km (testowana wersja GT Line)<\/td>\n<\/tr>\n<tr class=\"ods-m-table__row\">\n<td class=\"ods-a-table__cell\">Maks. moc \u0142adowania DC<\/td>\n<td class=\"ods-a-table__cell\">127,5 kW<\/td>\n<\/tr>\n<tr class=\"ods-m-table__row\">\n<td class=\"ods-a-table__cell\">Czas \u0142adowania 10-80% (DC)<\/td>\n<td class=\"ods-a-table__cell\">31 min<\/td>\n<\/tr>\n<tr class=\"ods-m-table__row\">\n<td class=\"ods-a-table__cell\">Przyspieszenie 0-100 km\/h<\/td>\n<td class=\"ods-a-table__cell\">7,7 s<\/td>\n<\/tr>\n<tr class=\"ods-m-table__row\">\n<td class=\"ods-a-table__cell\">Pr\u0119dko\u015b\u0107 maksymalna<\/td>\n<td class=\"ods-a-table__cell\">170 km\/h<\/td>\n<\/tr>\n<tr class=\"ods-m-table__row\">\n<td class=\"ods-a-table__cell\">\u015ar. zu\u017cycie energii (WLTP)<\/td>\n<td class=\"ods-a-table__cell\">14,6 kWh\/100 km<\/td>\n<\/tr>\n<tr class=\"ods-m-table__row\">\n<td class=\"ods-a-table__cell\">\u015ar. zu\u017cycie energii (test red.)<\/td>\n<td class=\"ods-a-table__cell\">17,5 kWh\/100 km (cykl mieszany, 10 st. C), 19,5 kWh\/100 km (cykl miejski, 4 st. C)<\/td>\n<\/tr>\n<tr class=\"ods-m-table__row\">\n<td class=\"ods-a-table__cell\">D\u0142.\/szer.\/wys. (mm)<\/td>\n<td class=\"ods-a-table__cell\">4450\/1860\/1485<\/td>\n<\/tr>\n<tr class=\"ods-m-table__row\">\n<td class=\"ods-a-table__cell\">Rozstaw osi (mm)<\/td>\n<td class=\"ods-a-table__cell\">2820<\/td>\n<\/tr>\n<tr class=\"ods-m-table__row\">\n<td class=\"ods-a-table__cell\">Pojemno\u015b\u0107 baga\u017cnika (l)<\/td>\n<td class=\"ods-a-table__cell\">435<\/td>\n<\/tr>\n<tr class=\"ods-m-table__row\">\n<td class=\"ods-a-table__cell\">Masa w\u0142asna (kg)<\/td>\n<td class=\"ods-a-table__cell\">1835<\/td>\n<\/tr>\n<tr class=\"ods-m-table__row\">\n<td class=\"ods-a-table__cell\">Cena (PLN)<\/td>\n<td class=\"ods-a-table__cell\">od 193 tys. 900 z\u0142 (akumulator 81,4 kWh)<\/td>\n<\/tr>\n<p>    Galeria zdj\u0119\u0107    2026 Kia EV4 Hatchback    <img src=\"https:\/\/www.europesays.com\/pl\/wp-content\/uploads\/2026\/01\/RLAk9lBaHR0cHM6Ly9vY2RuLmV1L3B1bHNjbXMvTURBXy9lMjJlZDA0ZTk2NTdmODUyNTIyZGEwMjNmZWE1NjViMC5qcGeRlQLNB.jpeg\" height=\"627\" width=\"940\" alt=\"2026 Kia EV4 Hatchback\" loading=\"lazy\" decoding=\"async\" class=\"ods-c-image__img ods-c-image__img--placeholder\"\/>     1\/40   <\/p>\n<p>\u017br\u00f3d\u0142o: Auto \u015awiat \/ Mateusz Pokorzy\u0144ski<\/p>\n<p>        2026 Kia EV4 Hatchback    <img src=\"https:\/\/www.europesays.com\/pl\/wp-content\/uploads\/2026\/01\/2zik9lBaHR0cHM6Ly9vY2RuLmV1L3B1bHNjbXMvTURBXy9kMzMxMjI0NzYyNmYwODRkNzEyOWNiNTE4ZDVkZjYwZS5qcGeRlQLNB.jpeg\" height=\"627\" width=\"940\" alt=\"2026 Kia EV4 Hatchback\" loading=\"lazy\" decoding=\"async\" class=\"ods-c-image__img ods-c-image__img--placeholder\"\/>     2\/40   <\/p>\n<p>\u017br\u00f3d\u0142o: Auto \u015awiat \/ Mateusz Pokorzy\u0144ski<\/p>\n<p>           2026 Kia EV4 Hatchback    <img src=\"https:\/\/www.europesays.com\/pl\/wp-content\/uploads\/2026\/01\/bXwk9lBaHR0cHM6Ly9vY2RuLmV1L3B1bHNjbXMvTURBXy8xODc2OTVhYjgyM2FhODA2MDE1ZGNlZDYxMTIyMmUyMi5qcGeRlQLNB.jpeg\" height=\"627\" width=\"940\" alt=\"2026 Kia EV4 Hatchback\" loading=\"lazy\" decoding=\"async\" class=\"ods-c-image__img ods-c-image__img--placeholder\"\/>     3\/40   <\/p>\n<p>\u017br\u00f3d\u0142o: Auto \u015awiat \/ Mateusz Pokorzy\u0144ski<\/p>\n<p>        2026 Kia EV4 Hatchback    <img src=\"https:\/\/www.europesays.com\/pl\/wp-content\/uploads\/2026\/01\/W8pk9lBaHR0cHM6Ly9vY2RuLmV1L3B1bHNjbXMvTURBXy8xYzUwZmRhOWEyZDc2M2FmMTIxY2JkYzY1MjcxMjRhZi5qcGeRlQLNB.jpeg\" height=\"627\" width=\"940\" alt=\"2026 Kia EV4 Hatchback\" loading=\"lazy\" decoding=\"async\" class=\"ods-c-image__img ods-c-image__img--placeholder\"\/>     4\/40   <\/p>\n<p>\u017br\u00f3d\u0142o: Auto \u015awiat \/ Mateusz Pokorzy\u0144ski<\/p>\n<p>           2026 Kia EV4 Hatchback    <img src=\"https:\/\/www.europesays.com\/pl\/wp-content\/uploads\/2026\/01\/0FJk9lBaHR0cHM6Ly9vY2RuLmV1L3B1bHNjbXMvTURBXy9jMWYwMTQwZmM5ZDU5Nzg1YzY5MzlmMDVkZmQ3ZjUxMy5qcGeRlQLNB.jpeg\" height=\"627\" width=\"940\" alt=\"2026 Kia EV4 Hatchback\" loading=\"lazy\" decoding=\"async\" class=\"ods-c-image__img ods-c-image__img--placeholder\"\/>     5\/40   <\/p>\n<p>\u017br\u00f3d\u0142o: Auto \u015awiat \/ Mateusz Pokorzy\u0144ski<\/p>\n<p>        2026 Kia EV4 Hatchback    <img src=\"https:\/\/www.europesays.com\/pl\/wp-content\/uploads\/2026\/01\/VDRk9lBaHR0cHM6Ly9vY2RuLmV1L3B1bHNjbXMvTURBXy80YWEzZDM4YmM5MzNiMTU2OTJmNDc2ZWJmNmY5YmY2Ny5qcGeRlQLNB.jpeg\" height=\"627\" width=\"940\" alt=\"2026 Kia EV4 Hatchback\" loading=\"lazy\" decoding=\"async\" class=\"ods-c-image__img ods-c-image__img--placeholder\"\/>     6\/40   <\/p>\n<p>\u017br\u00f3d\u0142o: Auto \u015awiat \/ Mateusz Pokorzy\u0144ski<\/p>\n<p>           2026 Kia EV4 Hatchback    <img src=\"https:\/\/www.europesays.com\/pl\/wp-content\/uploads\/2026\/01\/6o4k9lBaHR0cHM6Ly9vY2RuLmV1L3B1bHNjbXMvTURBXy9kOWExNTIzM2Y0NzEyY2Q3NjE0ZTdlZWQ4N2UyN2QwMy5qcGeRlQLNB.jpeg\" height=\"627\" width=\"940\" alt=\"2026 Kia EV4 Hatchback\" loading=\"lazy\" decoding=\"async\" class=\"ods-c-image__img ods-c-image__img--placeholder\"\/>     7\/40   <\/p>\n<p>\u017br\u00f3d\u0142o: Auto \u015awiat \/ Mateusz Pokorzy\u0144ski<\/p>\n<p>        2026 Kia EV4 Hatchback    <img src=\"https:\/\/www.europesays.com\/pl\/wp-content\/uploads\/2026\/01\/Rdok9lBaHR0cHM6Ly9vY2RuLmV1L3B1bHNjbXMvTURBXy9hMmM2YTliOGE0NjI3OTk1YmZiYjk0MTEyNjQ5YjM1Yi5qcGeRlQLNB.jpeg\" height=\"627\" width=\"940\" alt=\"2026 Kia EV4 Hatchback\" loading=\"lazy\" decoding=\"async\" class=\"ods-c-image__img ods-c-image__img--placeholder\"\/>     8\/40   <\/p>\n<p>\u017br\u00f3d\u0142o: Auto \u015awiat \/ Mateusz Pokorzy\u0144ski<\/p>\n<p>           2026 Kia EV4 Hatchback    <img src=\"https:\/\/www.europesays.com\/pl\/wp-content\/uploads\/2026\/01\/DJpk9lBaHR0cHM6Ly9vY2RuLmV1L3B1bHNjbXMvTURBXy84MDZkODUzNDU5NmI3ZmJlNWRmZTZiYmRiZDU1ZjIzZi5qcGeRlQLNB.jpeg\" height=\"627\" width=\"940\" alt=\"2026 Kia EV4 Hatchback\" loading=\"lazy\" decoding=\"async\" class=\"ods-c-image__img ods-c-image__img--placeholder\"\/>     9\/40   <\/p>\n<p>\u017br\u00f3d\u0142o: Auto \u015awiat \/ Mateusz Pokorzy\u0144ski<\/p>\n<p>        2026 Kia EV4 Hatchback    <img src=\"https:\/\/www.europesays.com\/pl\/wp-content\/uploads\/2026\/01\/lU2k9lBaHR0cHM6Ly9vY2RuLmV1L3B1bHNjbXMvTURBXy9kMTkyNGEyZjc0NDFlY2NhOTg1NzdjMmVmM2M3MDU5Zi5qcGeRlQLNB.jpeg\" height=\"627\" width=\"940\" alt=\"2026 Kia EV4 Hatchback\" loading=\"lazy\" decoding=\"async\" class=\"ods-c-image__img ods-c-image__img--placeholder\"\/>     10\/40   <\/p>\n<p>\u017br\u00f3d\u0142o: Auto \u015awiat \/ Mateusz Pokorzy\u0144ski<\/p>\n<p>           2026 Kia EV4 Hatchback    <img src=\"https:\/\/www.europesays.com\/pl\/wp-content\/uploads\/2026\/01\/gzmk9lBaHR0cHM6Ly9vY2RuLmV1L3B1bHNjbXMvTURBXy85MTMzOWU0YjU3ZTg3ODQ2Nzk2MmY1MGRhMjgzNWFiZi5qcGeRlQLNB.jpeg\" height=\"627\" width=\"940\" alt=\"2026 Kia EV4 Hatchback\" loading=\"lazy\" decoding=\"async\" class=\"ods-c-image__img ods-c-image__img--placeholder\"\/>     11\/40   <\/p>\n<p>\u017br\u00f3d\u0142o: Auto \u015awiat \/ Mateusz Pokorzy\u0144ski<\/p>\n<p>        2026 Kia EV4 Hatchback    <img src=\"https:\/\/www.europesays.com\/pl\/wp-content\/uploads\/2026\/01\/opnk9lBaHR0cHM6Ly9vY2RuLmV1L3B1bHNjbXMvTURBXy81ODcxOWJiNWZiY2YzOTc3YjJjOGZkYWI0Y2MyMDM4NC5qcGeRlQLNB.jpeg\" height=\"627\" width=\"940\" alt=\"2026 Kia EV4 Hatchback\" loading=\"lazy\" decoding=\"async\" class=\"ods-c-image__img ods-c-image__img--placeholder\"\/>     12\/40   <\/p>\n<p>\u017br\u00f3d\u0142o: Auto \u015awiat \/ Mateusz Pokorzy\u0144ski<\/p>\n<p>           2026 Kia EV4 Hatchback    <img src=\"https:\/\/www.europesays.com\/pl\/wp-content\/uploads\/2026\/01\/_1Vk9lBaHR0cHM6Ly9vY2RuLmV1L3B1bHNjbXMvTURBXy9kNjVjNmZhZGVjMTMzNTdlMTRkZGI0MzAzMWFlOWUzNC5qcGeRlQLNB.jpeg\" height=\"627\" width=\"940\" alt=\"2026 Kia EV4 Hatchback\" loading=\"lazy\" decoding=\"async\" class=\"ods-c-image__img ods-c-image__img--placeholder\"\/>     13\/40   <\/p>\n<p>\u017br\u00f3d\u0142o: Auto \u015awiat \/ Mateusz Pokorzy\u0144ski<\/p>\n<p>        2026 Kia EV4 Hatchback    <img src=\"https:\/\/www.europesays.com\/pl\/wp-content\/uploads\/2026\/01\/1ANk9lBaHR0cHM6Ly9vY2RuLmV1L3B1bHNjbXMvTURBXy8wMzk1MThiZDYyNTIyMmU0Y2Y0MGQwNGNhNDZlODE3Yi5qcGeRlQLNB.jpeg\" height=\"627\" width=\"940\" alt=\"2026 Kia EV4 Hatchback\" loading=\"lazy\" decoding=\"async\" class=\"ods-c-image__img ods-c-image__img--placeholder\"\/>     14\/40   <\/p>\n<p>\u017br\u00f3d\u0142o: Auto \u015awiat \/ Mateusz Pokorzy\u0144ski<\/p>\n<p>           2026 Kia EV4 Hatchback    <img src=\"https:\/\/www.europesays.com\/pl\/wp-content\/uploads\/2026\/01\/uUHk9lBaHR0cHM6Ly9vY2RuLmV1L3B1bHNjbXMvTURBXy9hYjU1OWNhOWZiMjNkNmNmNTdhMTBkNjMwNDA4M2M1Zi5qcGeRlQLNB.jpeg\" height=\"627\" width=\"940\" alt=\"2026 Kia EV4 Hatchback\" loading=\"lazy\" decoding=\"async\" class=\"ods-c-image__img ods-c-image__img--placeholder\"\/>     15\/40   <\/p>\n<p>\u017br\u00f3d\u0142o: Auto \u015awiat \/ Mateusz Pokorzy\u0144ski<\/p>\n<p>        2026 Kia EV4 Hatchback    <img src=\"https:\/\/www.europesays.com\/pl\/wp-content\/uploads\/2026\/01\/n50k9lBaHR0cHM6Ly9vY2RuLmV1L3B1bHNjbXMvTURBXy8wMDViMDJhMWZlY2ZiZjEzZjFjNmE1MzQ1YmQzOGNlZi5qcGeRlQLNB.jpeg\" height=\"627\" width=\"940\" alt=\"2026 Kia EV4 Hatchback\" loading=\"lazy\" decoding=\"async\" class=\"ods-c-image__img ods-c-image__img--placeholder\"\/>     16\/40   <\/p>\n<p>\u017br\u00f3d\u0142o: Auto \u015awiat \/ Mateusz Pokorzy\u0144ski<\/p>\n<p>           2026 Kia EV4 Hatchback    <img src=\"https:\/\/www.europesays.com\/pl\/wp-content\/uploads\/2026\/01\/TVHk9lBaHR0cHM6Ly9vY2RuLmV1L3B1bHNjbXMvTURBXy9mZGNmMmUwYjY1OGM3NzEwNTc4NWFmOGRiOGIzYTdmOC5qcGeRlQLNB.jpeg\" height=\"627\" width=\"940\" alt=\"2026 Kia EV4 Hatchback\" loading=\"lazy\" decoding=\"async\" class=\"ods-c-image__img ods-c-image__img--placeholder\"\/>     17\/40   <\/p>\n<p>\u017br\u00f3d\u0142o: Auto \u015awiat \/ Mateusz Pokorzy\u0144ski<\/p>\n<p>        2026 Kia EV4 Hatchback    <img src=\"https:\/\/www.europesays.com\/pl\/wp-content\/uploads\/2026\/01\/nPrk9lBaHR0cHM6Ly9vY2RuLmV1L3B1bHNjbXMvTURBXy9mYWU1ZmQ1MGQ2ODJiYzE1YTVjNDY5OTQ1YjRiMTMyNC5qcGeRlQLNB.jpeg\" height=\"627\" width=\"940\" alt=\"2026 Kia EV4 Hatchback\" loading=\"lazy\" decoding=\"async\" class=\"ods-c-image__img ods-c-image__img--placeholder\"\/>     18\/40   <\/p>\n<p>\u017br\u00f3d\u0142o: Auto \u015awiat \/ Mateusz Pokorzy\u0144ski<\/p>\n<p>           2026 Kia EV4 Hatchback    <img src=\"https:\/\/www.europesays.com\/pl\/wp-content\/uploads\/2026\/01\/OVnk9lBaHR0cHM6Ly9vY2RuLmV1L3B1bHNjbXMvTURBXy85MTQ2NzA3ZjMzNGZhYzkyZWY2ZTRmNTFlNTVjZTIxNS5qcGeRlQLNB.jpeg\" height=\"627\" width=\"940\" alt=\"2026 Kia EV4 Hatchback\" loading=\"lazy\" decoding=\"async\" class=\"ods-c-image__img ods-c-image__img--placeholder\"\/>     19\/40   <\/p>\n<p>\u017br\u00f3d\u0142o: Auto \u015awiat \/ Mateusz Pokorzy\u0144ski<\/p>\n<p>        2026 Kia EV4 Hatchback    <img src=\"https:\/\/www.europesays.com\/pl\/wp-content\/uploads\/2026\/01\/EcKk9lBaHR0cHM6Ly9vY2RuLmV1L3B1bHNjbXMvTURBXy9jMTI1Mjg3OGFjYWVhODE2NjNlMmFkYzg2ZGYxZjZkYy5qcGeRlQLNB.jpeg\" height=\"627\" width=\"940\" alt=\"2026 Kia EV4 Hatchback\" loading=\"lazy\" decoding=\"async\" class=\"ods-c-image__img ods-c-image__img--placeholder\"\/>     20\/40   <\/p>\n<p>\u017br\u00f3d\u0142o: Auto \u015awiat \/ Mateusz Pokorzy\u0144ski<\/p>\n<p>           2026 Kia EV4 Hatchback    <img src=\"https:\/\/www.europesays.com\/pl\/wp-content\/uploads\/2026\/01\/ptTk9lBaHR0cHM6Ly9vY2RuLmV1L3B1bHNjbXMvTURBXy9mZDk4MTRlN2U4ZDllYzBmYmQ2MTM1OWVjZTRhMTExYi5qcGeRlQLNB.jpeg\" height=\"627\" width=\"940\" alt=\"2026 Kia EV4 Hatchback\" loading=\"lazy\" decoding=\"async\" class=\"ods-c-image__img ods-c-image__img--placeholder\"\/>     21\/40   <\/p>\n<p>\u017br\u00f3d\u0142o: Auto \u015awiat \/ Mateusz Pokorzy\u0144ski<\/p>\n<p>        2026 Kia EV4 Hatchback    <img src=\"https:\/\/www.europesays.com\/pl\/wp-content\/uploads\/2026\/01\/Tbmk9lBaHR0cHM6Ly9vY2RuLmV1L3B1bHNjbXMvTURBXy8wOTdjOTEwZWMxNjExZDg1NzllZDFjYTVlZDFmODFkOC5qcGeRlQLNB.jpeg\" height=\"627\" width=\"940\" alt=\"2026 Kia EV4 Hatchback\" loading=\"lazy\" decoding=\"async\" class=\"ods-c-image__img ods-c-image__img--placeholder\"\/>     22\/40   <\/p>\n<p>\u017br\u00f3d\u0142o: Auto \u015awiat \/ Mateusz Pokorzy\u0144ski<\/p>\n<p>           2026 Kia EV4 Hatchback    <img src=\"https:\/\/www.europesays.com\/pl\/wp-content\/uploads\/2026\/01\/-Y0k9lBaHR0cHM6Ly9vY2RuLmV1L3B1bHNjbXMvTURBXy9hOTdiMTkxODA2YTgyN2EzOTc2NTg1MDIzODA1ZDAzMC5qcGeRlQLNB.jpeg\" height=\"627\" width=\"940\" alt=\"2026 Kia EV4 Hatchback\" loading=\"lazy\" decoding=\"async\" class=\"ods-c-image__img ods-c-image__img--placeholder\"\/>     23\/40   <\/p>\n<p>\u017br\u00f3d\u0142o: Auto \u015awiat \/ Mateusz Pokorzy\u0144ski<\/p>\n<p>        2026 Kia EV4 Hatchback    <img src=\"https:\/\/www.europesays.com\/pl\/wp-content\/uploads\/2026\/01\/N-ak9lBaHR0cHM6Ly9vY2RuLmV1L3B1bHNjbXMvTURBXy81ZmY0OWFkYTgxMTFkOGQxODQwZGM3NWZjZTk0NmJjZS5qcGeRlQLNB.jpeg\" height=\"627\" width=\"940\" alt=\"2026 Kia EV4 Hatchback\" loading=\"lazy\" decoding=\"async\" class=\"ods-c-image__img ods-c-image__img--placeholder\"\/>     24\/40   <\/p>\n<p>\u017br\u00f3d\u0142o: Auto \u015awiat \/ Mateusz Pokorzy\u0144ski<\/p>\n<p>           2026 Kia EV4 Hatchback    <img src=\"https:\/\/www.europesays.com\/pl\/wp-content\/uploads\/2026\/01\/lVbk9lBaHR0cHM6Ly9vY2RuLmV1L3B1bHNjbXMvTURBXy9jNmJhNjI3NmY5M2Y2YTgyOWUzMTYwNDVjNDZhM2EwNS5qcGeRlQLNB.jpeg\" height=\"627\" width=\"940\" alt=\"2026 Kia EV4 Hatchback\" loading=\"lazy\" decoding=\"async\" class=\"ods-c-image__img ods-c-image__img--placeholder\"\/>     25\/40   <\/p>\n<p>\u017br\u00f3d\u0142o: Auto \u015awiat \/ Mateusz Pokorzy\u0144ski<\/p>\n<p>        2026 Kia EV4 Hatchback    <img src=\"https:\/\/www.europesays.com\/pl\/wp-content\/uploads\/2026\/01\/Ktqk9lBaHR0cHM6Ly9vY2RuLmV1L3B1bHNjbXMvTURBXy9hYTBiYTg0NTNiM2E3ZWRiZGZlMjJiMjRlYmY3YjdlYy5qcGeRlQLNB.jpeg\" height=\"627\" width=\"940\" alt=\"2026 Kia EV4 Hatchback\" loading=\"lazy\" decoding=\"async\" class=\"ods-c-image__img ods-c-image__img--placeholder\"\/>     26\/40   <\/p>\n<p>\u017br\u00f3d\u0142o: Auto \u015awiat \/ Mateusz Pokorzy\u0144ski<\/p>\n<p>           2026 Kia EV4 Hatchback    <img src=\"https:\/\/www.europesays.com\/pl\/wp-content\/uploads\/2026\/01\/eAwk9lBaHR0cHM6Ly9vY2RuLmV1L3B1bHNjbXMvTURBXy85Njg5YTE4YmI3MzVlNDhkMjEzMTljNThhZTlmNWQwOS5qcGeRlQLNB.jpeg\" height=\"627\" width=\"940\" alt=\"2026 Kia EV4 Hatchback\" loading=\"lazy\" decoding=\"async\" class=\"ods-c-image__img ods-c-image__img--placeholder\"\/>     27\/40   <\/p>\n<p>\u017br\u00f3d\u0142o: Auto \u015awiat \/ Mateusz Pokorzy\u0144ski<\/p>\n<p>        2026 Kia EV4 Hatchback    <img src=\"https:\/\/www.europesays.com\/pl\/wp-content\/uploads\/2026\/01\/zW5k9lBaHR0cHM6Ly9vY2RuLmV1L3B1bHNjbXMvTURBXy8wYTM2NGEwYjE1NTk4NjgxYTIzYzZhMDVhOTBhNmZmYS5qcGeRlQLNB.jpeg\" height=\"627\" width=\"940\" alt=\"2026 Kia EV4 Hatchback\" loading=\"lazy\" decoding=\"async\" class=\"ods-c-image__img ods-c-image__img--placeholder\"\/>     28\/40   <\/p>\n<p>\u017br\u00f3d\u0142o: Auto \u015awiat \/ Mateusz Pokorzy\u0144ski<\/p>\n<p>           2026 Kia EV4 Hatchback    <img src=\"https:\/\/www.europesays.com\/pl\/wp-content\/uploads\/2026\/01\/uHDk9lBaHR0cHM6Ly9vY2RuLmV1L3B1bHNjbXMvTURBXy8yYWFmMDIxM2YxNjUxYzc0NzE2ZWZiMWU1MjQ1NzE2MC5qcGeRlQLNB.jpeg\" height=\"627\" width=\"940\" alt=\"2026 Kia EV4 Hatchback\" loading=\"lazy\" decoding=\"async\" class=\"ods-c-image__img ods-c-image__img--placeholder\"\/>     29\/40   <\/p>\n<p>\u017br\u00f3d\u0142o: Auto \u015awiat \/ Mateusz Pokorzy\u0144ski<\/p>\n<p>        2026 Kia EV4 Hatchback    <img src=\"https:\/\/www.europesays.com\/pl\/wp-content\/uploads\/2026\/01\/ZVsk9lBaHR0cHM6Ly9vY2RuLmV1L3B1bHNjbXMvTURBXy9iMWQzYjUyOTc3NjAzODUwZGFhNmEzYWM1YjM3ZjFkZS5qcGeRlQLNB.jpeg\" height=\"627\" width=\"940\" alt=\"2026 Kia EV4 Hatchback\" loading=\"lazy\" decoding=\"async\" class=\"ods-c-image__img ods-c-image__img--placeholder\"\/>     30\/40   <\/p>\n<p>\u017br\u00f3d\u0142o: Auto \u015awiat \/ Mateusz Pokorzy\u0144ski<\/p>\n<p>           2026 Kia EV4 Hatchback    <img src=\"https:\/\/www.europesays.com\/pl\/wp-content\/uploads\/2026\/01\/2m5k9lBaHR0cHM6Ly9vY2RuLmV1L3B1bHNjbXMvTURBXy80YmEwYTJiMWQxZWNkZDU2MzQ2NjgyY2FkMTNkMGVlZS5qcGeRlQLNB.jpeg\" height=\"627\" width=\"940\" alt=\"2026 Kia EV4 Hatchback\" loading=\"lazy\" decoding=\"async\" class=\"ods-c-image__img ods-c-image__img--placeholder\"\/>     31\/40   <\/p>\n<p>\u017br\u00f3d\u0142o: Auto \u015awiat \/ Mateusz Pokorzy\u0144ski<\/p>\n<p>        2026 Kia EV4 Hatchback    <img src=\"https:\/\/www.europesays.com\/pl\/wp-content\/uploads\/2026\/01\/dZok9lBaHR0cHM6Ly9vY2RuLmV1L3B1bHNjbXMvTURBXy82MThlZjE1ZTVkNmU5N2U5OTI3NDYwMTExYzM0NTMzMi5qcGeRlQLNB.jpeg\" height=\"627\" width=\"940\" alt=\"2026 Kia EV4 Hatchback\" loading=\"lazy\" decoding=\"async\" class=\"ods-c-image__img ods-c-image__img--placeholder\"\/>     32\/40   <\/p>\n<p>\u017br\u00f3d\u0142o: Auto \u015awiat \/ Mateusz Pokorzy\u0144ski<\/p>\n<p>           2026 Kia EV4 Hatchback    <img src=\"https:\/\/www.europesays.com\/pl\/wp-content\/uploads\/2026\/01\/Penk9lBaHR0cHM6Ly9vY2RuLmV1L3B1bHNjbXMvTURBXy83NmRiZTIwYWU0ZjM1ZjllNDc3MGIwZWZjYTg2ODdhOS5qcGeRlQLNB.jpeg\" height=\"627\" width=\"940\" alt=\"2026 Kia EV4 Hatchback\" loading=\"lazy\" decoding=\"async\" class=\"ods-c-image__img ods-c-image__img--placeholder\"\/>     33\/40   <\/p>\n<p>\u017br\u00f3d\u0142o: Auto \u015awiat \/ Mateusz Pokorzy\u0144ski<\/p>\n<p>        2026 Kia EV4 Hatchback    <img src=\"https:\/\/www.europesays.com\/pl\/wp-content\/uploads\/2026\/01\/aAlk9lBaHR0cHM6Ly9vY2RuLmV1L3B1bHNjbXMvTURBXy83ODkxMWYxMjIwMTYwOTI3OGExOTQ3MTRhNjgxZDY3NC5qcGeRlQLNB.jpeg\" height=\"627\" width=\"940\" alt=\"2026 Kia EV4 Hatchback\" loading=\"lazy\" decoding=\"async\" class=\"ods-c-image__img ods-c-image__img--placeholder\"\/>     34\/40   <\/p>\n<p>\u017br\u00f3d\u0142o: Auto \u015awiat \/ Mateusz Pokorzy\u0144ski<\/p>\n<p>           2026 Kia EV4 Hatchback    <img src=\"https:\/\/www.europesays.com\/pl\/wp-content\/uploads\/2026\/01\/jJ5k9lBaHR0cHM6Ly9vY2RuLmV1L3B1bHNjbXMvTURBXy81ZjJkMTJjMGYwOTE1ZjU4NjMzNGIwZmQxZjNkZmIzMC5qcGeRlQLNB.jpeg\" height=\"627\" width=\"940\" alt=\"2026 Kia EV4 Hatchback\" loading=\"lazy\" decoding=\"async\" class=\"ods-c-image__img ods-c-image__img--placeholder\"\/>     35\/40   <\/p>\n<p>\u017br\u00f3d\u0142o: Auto \u015awiat \/ Mateusz Pokorzy\u0144ski<\/p>\n<p>        2026 Kia EV4 Hatchback    <img src=\"https:\/\/www.europesays.com\/pl\/wp-content\/uploads\/2026\/01\/Hyuk9lBaHR0cHM6Ly9vY2RuLmV1L3B1bHNjbXMvTURBXy84NjdkYThhNDZhM2RlOGM2OTVjNTRmNDM3NDY1MGY4MC5qcGeRlQLNB.jpeg\" height=\"627\" width=\"940\" alt=\"2026 Kia EV4 Hatchback\" loading=\"lazy\" decoding=\"async\" class=\"ods-c-image__img ods-c-image__img--placeholder\"\/>     36\/40   <\/p>\n<p>\u017br\u00f3d\u0142o: Auto \u015awiat \/ Mateusz Pokorzy\u0144ski<\/p>\n<p>           2026 Kia EV4 Hatchback    <img src=\"https:\/\/www.europesays.com\/pl\/wp-content\/uploads\/2026\/01\/b75k9lBaHR0cHM6Ly9vY2RuLmV1L3B1bHNjbXMvTURBXy9hOWQxOGRmNjRlMmQ0OWFhOTg4YmE4YTU2MTcwZWQ0Mi5qcGeRlQLNB.jpeg\" height=\"627\" width=\"940\" alt=\"2026 Kia EV4 Hatchback\" loading=\"lazy\" decoding=\"async\" class=\"ods-c-image__img ods-c-image__img--placeholder\"\/>     37\/40   <\/p>\n<p>\u017br\u00f3d\u0142o: Auto \u015awiat \/ Mateusz Pokorzy\u0144ski<\/p>\n<p>        2026 Kia EV4 Hatchback    <img src=\"https:\/\/www.europesays.com\/pl\/wp-content\/uploads\/2026\/01\/e_Tk9lBaHR0cHM6Ly9vY2RuLmV1L3B1bHNjbXMvTURBXy9kNWI1MDMzMGNlZWU4MzIxNDZjZTkzMGNjOTU5YWI4Zi5qcGeRlQLNB.jpeg\" height=\"627\" width=\"940\" alt=\"2026 Kia EV4 Hatchback\" loading=\"lazy\" decoding=\"async\" class=\"ods-c-image__img ods-c-image__img--placeholder\"\/>     38\/40   <\/p>\n<p>\u017br\u00f3d\u0142o: Auto \u015awiat \/ Mateusz Pokorzy\u0144ski<\/p>\n<p>           2026 Kia EV4 Hatchback    <img src=\"https:\/\/www.europesays.com\/pl\/wp-content\/uploads\/2026\/01\/Qfvk9lBaHR0cHM6Ly9vY2RuLmV1L3B1bHNjbXMvTURBXy82NjNlZTAxMDk2MDFjZjAxMjY4MDhhMGY1NGRlOTE0My5qcGeRlQLNB.jpeg\" height=\"627\" width=\"940\" alt=\"2026 Kia EV4 Hatchback\" loading=\"lazy\" decoding=\"async\" class=\"ods-c-image__img ods-c-image__img--placeholder\"\/>     39\/40   <\/p>\n<p>\u017br\u00f3d\u0142o: Auto \u015awiat \/ Mateusz Pokorzy\u0144ski<\/p>\n<p>        2026 Kia EV4 Hatchback    <img src=\"https:\/\/www.europesays.com\/pl\/wp-content\/uploads\/2026\/01\/17_k9lBaHR0cHM6Ly9vY2RuLmV1L3B1bHNjbXMvTURBXy8xYmYzZmFhOGZjOTY3MmUwNDRkMzgxYWVjNjUzY2RjOS5qcGeRlQLNB.jpeg\" height=\"627\" width=\"940\" alt=\"2026 Kia EV4 Hatchback\" loading=\"lazy\" decoding=\"async\" class=\"ods-c-image__img ods-c-image__img--placeholder\"\/>     40\/40   <\/p>\n<p>\u017br\u00f3d\u0142o: Auto \u015awiat \/ Mateusz Pokorzy\u0144ski<\/p>\n","protected":false},"excerpt":{"rendered":"Design EV4 wyr\u00f3\u017cnia si\u0119 nowoczesnym i odwa\u017cnym stylem, z charakterystycznymi reflektorami Wn\u0119trze EV4 to najmocniejsza strona tego auta.&hellip;\n","protected":false},"author":2,"featured_media":184760,"comment_status":"","ping_status":"","sticky":false,"template":"","format":"standard","meta":{"footnotes":"","_share_on_mastodon":"0"},"categories":[24],"tags":[2043,5535,2263,5107,1258,8082,48,46,42,38,40,39,41,47,127,126,643,3355],"class_list":["post-184759","post","type-post","status-publish","format-standard","has-post-thumbnail","category-sport","tag-elektromobilnosc","tag-elektryczne","tag-elektryk","tag-ev","tag-kia","tag-kia_ev4","tag-nat_styl","tag-omp","tag-pl","tag-poland","tag-polish","tag-polska","tag-polski","tag-screening_general","tag-sport","tag-sports","tag-test","tag-testy"],"share_on_mastodon":{"url":"https:\/\/pubeurope.com\/@pl\/115829846422868173","error":""},"_links":{"self":[{"href":"https:\/\/www.europesays.com\/pl\/wp-json\/wp\/v2\/posts\/184759","targetHints":{"allow":["GET"]}}],"collection":[{"href":"https:\/\/www.europesays.com\/pl\/wp-json\/wp\/v2\/posts"}],"about":[{"href":"https:\/\/www.europesays.com\/pl\/wp-json\/wp\/v2\/types\/post"}],"author":[{"embeddable":true,"href":"https:\/\/www.europesays.com\/pl\/wp-json\/wp\/v2\/users\/2"}],"replies":[{"embeddable":true,"href":"https:\/\/www.europesays.com\/pl\/wp-json\/wp\/v2\/comments?post=184759"}],"version-history":[{"count":0,"href":"https:\/\/www.europesays.com\/pl\/wp-json\/wp\/v2\/posts\/184759\/revisions"}],"wp:featuredmedia":[{"embeddable":true,"href":"https:\/\/www.europesays.com\/pl\/wp-json\/wp\/v2\/media\/184760"}],"wp:attachment":[{"href":"https:\/\/www.europesays.com\/pl\/wp-json\/wp\/v2\/media?parent=184759"}],"wp:term":[{"taxonomy":"category","embeddable":true,"href":"https:\/\/www.europesays.com\/pl\/wp-json\/wp\/v2\/categories?post=184759"},{"taxonomy":"post_tag","embeddable":true,"href":"https:\/\/www.europesays.com\/pl\/wp-json\/wp\/v2\/tags?post=184759"}],"curies":[{"name":"wp","href":"https:\/\/api.w.org\/{rel}","templated":true}]}}