{"id":184771,"date":"2026-01-03T07:02:08","date_gmt":"2026-01-03T07:02:08","guid":{"rendered":"https:\/\/www.europesays.com\/pl\/184771\/"},"modified":"2026-01-03T07:02:08","modified_gmt":"2026-01-03T07:02:08","slug":"silne-eksplozje-w-stolicy-wenezueli-slupy-dymu-nad-miastem","status":"publish","type":"post","link":"https:\/\/www.europesays.com\/pl\/184771\/","title":{"rendered":"Silne eksplozje w stolicy Wenezueli. S\u0142upy dymu nad miastem"},"content":{"rendered":"<p class=\"ods-c-paragraph \">Wi\u0119cej informacji wkr\u00f3tce.<\/p>\n<p> Co si\u0119 wydarzy\u0142o w Caracas w nocy? <\/p>\n<p> Jakie s\u0105 skutki eksplozji w Wenezueli? <\/p>\n<p> Kto przeprowadza ataki na Wenezuel\u0119? <\/p>\n<p> Czy wiadomo, co spowodowa\u0142o eksplozje? <\/p>\n<p class=\"ods-c-paragraph \">Jak podaje Reuters, powo\u0142uj\u0105c si\u0119 na \u015bwiadk\u00f3w, po\u0142udniowa cz\u0119\u015b\u0107 wenezuelskiej stolicy, gdzie znajduje si\u0119 wa\u017cna baza wojskowa, jest bez pr\u0105du. Z kolei Associated Press poinformowa\u0142a, \u017ce s\u0142ycha\u0107 by\u0142o co najmniej siedem wybuch\u00f3w oraz przelatuj\u0105ce nisko samoloty.<\/p>\n<p class=\"ods-c-paragraph \">Na zdj\u0119ciach i nagraniach wida\u0107 s\u0142upy dymu unosz\u0105ce si\u0119 nad miastem.<\/p>\n<p class=\"ods-c-paragraph \">Na nagraniach wida\u0107 r\u00f3wnie\u017c \u015bmig\u0142owce lataj\u0105ce nad miastem. S\u0142ycha\u0107 r\u00f3wnie\u017c odg\u0142osy wystrza\u0142\u00f3w.<\/p>\n<p class=\"ods-c-paragraph \">Tak obecnie wygl\u0105da przestrze\u0144 powietrzna nad Wenezuel\u0105.<\/p>\n<p><img decoding=\"async\" src=\"https:\/\/www.europesays.com\/pl\/wp-content\/uploads\/2026\/01\/sXMk9lCaHR0cHM6Ly9vY2RuLmV1L3B1bHNjbXMvTURBXy9jNDlhMWVhMjg0MmJkNWJmZDRkYzQzMzIzNzk5YjZkYS5qcGVnkZUCz.jpeg\" height=\"384\" width=\"421\" alt=\"Przestrze\u0144 powietrzna nad Wenezuel\u0105 (godz. 7:53 czasu polskiego)\" loading=\"lazy\" class=\"ods-c-image__img ods-c-image__img--viewport-width\"\/><\/p>\n<p>Przestrze\u0144 powietrzna nad Wenezuel\u0105 (godz. 7:53 czasu polskiego)flightradar24.com<\/p>\n<p> Presja USA na Wenezuel\u0119<\/p>\n<p class=\"ods-c-paragraph \">Od kilku miesi\u0119cy ro\u015bnie presja Stan\u00f3w Zjednoczonych na Wenezuel\u0119, a cz\u0142onkowie administracji Donalda Trumpa nie wykluczali przeprowadzenia atak\u00f3w w samej Wenezueli.<\/p>\n<p class=\"ods-c-paragraph \">Od 2 wrze\u015bnia Amerykanie prowadz\u0105 operacj\u0119 przeciwko &#8222;narkoterrorystom&#8221;, czyli domniemanym przemytnikom, kt\u00f3rych \u0142odzie si\u0142y USA zatapiaj\u0105 na Morzu Karaibskim. \u0141\u0105cznie w wyniku tych atak\u00f3w zgin\u0119\u0142o dot\u0105d co najmniej 107 os\u00f3b.<\/p>\n<p class=\"ods-c-paragraph \">W grudniu Amerykanie wprowadzili r\u00f3wnie\u017c blokad\u0119 na eksport ropy naftowej z Wenezueli.<\/p>\n","protected":false},"excerpt":{"rendered":"Wi\u0119cej informacji wkr\u00f3tce. Co si\u0119 wydarzy\u0142o w Caracas w nocy? Jakie s\u0105 skutki eksplozji w Wenezueli? Kto przeprowadza&hellip;\n","protected":false},"author":2,"featured_media":22677,"comment_status":"","ping_status":"","sticky":false,"template":"","format":"standard","meta":{"footnotes":""},"categories":[14],"tags":[32,33,27,34,35,28,31,48,25,3157,46,40,41,47,80,29,30,71,3008,26,82,83,84],"class_list":{"0":"post-184771","1":"post","2":"type-post","3":"status-publish","4":"format-standard","5":"has-post-thumbnail","7":"category-swiat","8":"tag-breaking-news","9":"tag-breakingnews","10":"tag-headlines","11":"tag-latest-news","12":"tag-latestnews","13":"tag-naglowki","14":"tag-najwazniejsze-artykuly","15":"tag-nat_styl","16":"tag-news","17":"tag-nicolas_maduro","18":"tag-omp","19":"tag-polish","20":"tag-polski","21":"tag-screening_general","22":"tag-swiat","23":"tag-top-stories","24":"tag-topstories","25":"tag-usa","26":"tag-wenezuela","27":"tag-wiadomosci","28":"tag-world","29":"tag-world-news","30":"tag-worldnews"},"share_on_mastodon":{"url":"https:\/\/pubeurope.com\/@pl\/115829889019116377","error":""},"_links":{"self":[{"href":"https:\/\/www.europesays.com\/pl\/wp-json\/wp\/v2\/posts\/184771","targetHints":{"allow":["GET"]}}],"collection":[{"href":"https:\/\/www.europesays.com\/pl\/wp-json\/wp\/v2\/posts"}],"about":[{"href":"https:\/\/www.europesays.com\/pl\/wp-json\/wp\/v2\/types\/post"}],"author":[{"embeddable":true,"href":"https:\/\/www.europesays.com\/pl\/wp-json\/wp\/v2\/users\/2"}],"replies":[{"embeddable":true,"href":"https:\/\/www.europesays.com\/pl\/wp-json\/wp\/v2\/comments?post=184771"}],"version-history":[{"count":0,"href":"https:\/\/www.europesays.com\/pl\/wp-json\/wp\/v2\/posts\/184771\/revisions"}],"wp:featuredmedia":[{"embeddable":true,"href":"https:\/\/www.europesays.com\/pl\/wp-json\/wp\/v2\/media\/22677"}],"wp:attachment":[{"href":"https:\/\/www.europesays.com\/pl\/wp-json\/wp\/v2\/media?parent=184771"}],"wp:term":[{"taxonomy":"category","embeddable":true,"href":"https:\/\/www.europesays.com\/pl\/wp-json\/wp\/v2\/categories?post=184771"},{"taxonomy":"post_tag","embeddable":true,"href":"https:\/\/www.europesays.com\/pl\/wp-json\/wp\/v2\/tags?post=184771"}],"curies":[{"name":"wp","href":"https:\/\/api.w.org\/{rel}","templated":true}]}}