{"id":184821,"date":"2026-01-03T07:47:08","date_gmt":"2026-01-03T07:47:08","guid":{"rendered":"https:\/\/www.europesays.com\/pl\/184821\/"},"modified":"2026-01-03T07:47:08","modified_gmt":"2026-01-03T07:47:08","slug":"fatalne-zachowanie-ronaldo-dopiero-druga-taka-sytuacja-w-tym-sezonie","status":"publish","type":"post","link":"https:\/\/www.europesays.com\/pl\/184821\/","title":{"rendered":"Fatalne zachowanie Ronaldo. Dopiero druga taka sytuacja w tym sezonie"},"content":{"rendered":"\n<p class=\"contentpart contentpart--default contentpart--text\" data-position=\"0\">Cristiano Ronaldo marzy o strzeleniu tysi\u0105ca goli w karierze. Brakuje niewiele, obecnie licznik stoi na liczbie 957. <a href=\"https:\/\/sportowefakty.wp.pl\/pilka-nozna\/1227164\/kuriozum-tak-ronaldo-strzelil-957-gola-w-karierze\" rel=\"nofollow noopener\" target=\"_blank\">Ostatnie trafienie Portugalczyk zanotowa\u0142 tu\u017c przed ko\u0144cem 2025 roku w meczu z\u00a0Al-Ettifaq<\/a>.<\/p>\n<p class=\"contentpart contentpart--default contentpart--text\" data-position=\"1\">W pi\u0105tek (2 stycznia) by\u0142a kolejna okazja, by podreperowa\u0107 dorobek strzelecki, natomiast tym razem si\u0119 nie uda\u0142o.<\/p>\n<p> <img role=\"presentation\" src=\"https:\/\/std.wpcdn.pl\/images\/adv\/placeholder_wp.svg\" loading=\"lazy\" alt=\"\" decoding=\"async\"\/>  <\/p>\n<p class=\"contentpart contentpart--default contentpart--text\" data-position=\"2\">I Ronaldo by\u0142 podw\u00f3jnie z\u0142y po spotkaniu z Al-Ahli. Nie do\u015b\u0107, \u017ce jego zesp\u00f3\u0142 przegra\u0142 2:3, to jeszcze 40-latek nie zdoby\u0142 \u017cadnej bramki.<\/p>\n<p class=\"contentpart contentpart--default contentpart--text\" data-position=\"3\">A sytuacj\u0119 ku temu mia\u0142. Tak naprawd\u0119 jedn\u0105.<\/p>\n<p class=\"contentpart contentpart--default contentpart--text\" data-position=\"4\">By\u0142a 62. minuta, gdy doskona\u0142ym podaniem obs\u0142u\u017cy\u0142 go Joao Felix. Ronaldo nie potrafi\u0142 jednak opanowa\u0107 pi\u0142ki w polu karnym, cho\u0107 sytuacja wydawa\u0142a si\u0119 stosunkowo prosta.<\/p>\n<p class=\"contentpart contentpart--default contentpart--text\" data-position=\"5\">Efekt? Nie by\u0142o nawet strza\u0142u. Futbol\u00f3wka zapl\u0105ta\u0142a mu si\u0119 mi\u0119dzy nogami i wpad\u0142a w r\u0119ce bramkarza.<\/p>\n<p> <img role=\"presentation\" src=\"https:\/\/std.wpcdn.pl\/images\/adv\/placeholder_wp.svg\" loading=\"lazy\" alt=\"\" decoding=\"async\"\/>  <\/p>\n<p class=\"contentpart contentpart--default contentpart--text\" data-position=\"6\">Co ciekawe, to by\u0142 dopiero drugi ligowy mecz Al-Nassr w tym sezonie, gdy Ronaldo nie strzeli\u0142 przynajmniej jednego gola.<\/p>\n<p class=\"contentpart contentpart--default contentpart--text\" data-position=\"7\">Zobacz sytuacj\u0119 Ronaldo:<\/p>\n<p class=\"contentpart contentpart--default contentpart--text\" data-position=\"9\">ZOBACZ WIDEO: Fabia\u0144ski pop\u0142aka\u0142 si\u0119 ze \u015bmiechu. Po tych s\u0142owach Boruca<\/p>\n","protected":false},"excerpt":{"rendered":"Cristiano Ronaldo marzy o strzeleniu tysi\u0105ca goli w karierze. Brakuje niewiele, obecnie licznik stoi na liczbie 957. Ostatnie&hellip;\n","protected":false},"author":2,"featured_media":184822,"comment_status":"","ping_status":"","sticky":false,"template":"","format":"standard","meta":{"footnotes":""},"categories":[24],"tags":[15865,4494,12695,989,269,42,38,40,39,41,21256,127,126],"class_list":{"0":"post-184821","1":"post","2":"type-post","3":"status-publish","4":"format-standard","5":"has-post-thumbnail","7":"category-sport","8":"tag-al-nassr","9":"tag-arabia-saudyjska","10":"tag-cristiano-ronaldo","11":"tag-pilka-na-swiecie","12":"tag-pilka-nozna","13":"tag-pl","14":"tag-poland","15":"tag-polish","16":"tag-polska","17":"tag-polski","18":"tag-saudi-pro-league","19":"tag-sport","20":"tag-sports"},"share_on_mastodon":{"url":"https:\/\/pubeurope.com\/@pl\/115830066038338697","error":""},"_links":{"self":[{"href":"https:\/\/www.europesays.com\/pl\/wp-json\/wp\/v2\/posts\/184821","targetHints":{"allow":["GET"]}}],"collection":[{"href":"https:\/\/www.europesays.com\/pl\/wp-json\/wp\/v2\/posts"}],"about":[{"href":"https:\/\/www.europesays.com\/pl\/wp-json\/wp\/v2\/types\/post"}],"author":[{"embeddable":true,"href":"https:\/\/www.europesays.com\/pl\/wp-json\/wp\/v2\/users\/2"}],"replies":[{"embeddable":true,"href":"https:\/\/www.europesays.com\/pl\/wp-json\/wp\/v2\/comments?post=184821"}],"version-history":[{"count":0,"href":"https:\/\/www.europesays.com\/pl\/wp-json\/wp\/v2\/posts\/184821\/revisions"}],"wp:featuredmedia":[{"embeddable":true,"href":"https:\/\/www.europesays.com\/pl\/wp-json\/wp\/v2\/media\/184822"}],"wp:attachment":[{"href":"https:\/\/www.europesays.com\/pl\/wp-json\/wp\/v2\/media?parent=184821"}],"wp:term":[{"taxonomy":"category","embeddable":true,"href":"https:\/\/www.europesays.com\/pl\/wp-json\/wp\/v2\/categories?post=184821"},{"taxonomy":"post_tag","embeddable":true,"href":"https:\/\/www.europesays.com\/pl\/wp-json\/wp\/v2\/tags?post=184821"}],"curies":[{"name":"wp","href":"https:\/\/api.w.org\/{rel}","templated":true}]}}