{"id":184999,"date":"2026-01-03T09:58:08","date_gmt":"2026-01-03T09:58:08","guid":{"rendered":"https:\/\/www.europesays.com\/pl\/184999\/"},"modified":"2026-01-03T09:58:08","modified_gmt":"2026-01-03T09:58:08","slug":"dochody-rolnikow-w-polsce-pogorszenie-deklaruje-343-proc-rolnikow","status":"publish","type":"post","link":"https:\/\/www.europesays.com\/pl\/184999\/","title":{"rendered":"Dochody rolnik\u00f3w w Polsce. &#8222;Pogorszenie deklaruje 34,3 proc. rolnik\u00f3w&#8221;"},"content":{"rendered":"<p data-section=\"detail-body\">Zgodnie z publikacj\u0105 &#8222;Polska wie\u015b i rolnictwo 2025&#8221; przygotowan\u0105 przez Ministerstwo Rolnictwa i Rozwoju Wsi, Krajowy O\u015brodek Wsparcia Rolnictwa, Agencj\u0119 Restrukturyzacji i Modernizacji Rolnictwa oraz Kas\u0119 Rolniczego Ubezpieczenia Spo\u0142ecznego, dochody wy\u0142\u0105cznie z produkcji rolnej stanowi\u0105 \u015brednio 57,7 proc. ca\u0142ego dochodu gospodarstw domowych rolnik\u00f3w, 34,6 proc. dochodu to r\u00f3\u017cnego rodzaju dop\u0142aty, np. p\u0142atno\u015bci bezpo\u015brednie i ekoschematy. Pozosta\u0142e dochody pochodz\u0105 z innych \u017ar\u00f3de\u0142, m.in. z pracy zarobkowej (na etat i dorywczej) i emerytury.<\/p>\n<p class=\"article_p\" data-section=\"detail-body\">Czytaj te\u017c: <a href=\"https:\/\/businessinsider.com.pl\/wiadomosci\/tyle-dostaje-emeryt-rekordzista-z-krus-musial-spelnic-konkretny-warunek\/8rh51rc\" id=\"5027f10d-f2cd-439c-aca3-da80162dcc84\" rel=\"nofollow noopener\" target=\"_blank\">Tyle dostaje emeryt rekordzista z KRUS. Spe\u0142ni\u0142 dodatkowy warunek<\/a><\/p>\n<p class=\"article_p\" data-section=\"detail-body\">Z badania wynika, \u017ce sytuacj\u0119 finansow\u0105 w\u0142asnego gospodarstwa domowego pozytywnie oceni\u0142o 47,6 proc. rolnik\u00f3w w por\u00f3wnaniu do 52,7 proc. os\u00f3b niezwi\u0105zanych z rolnictwem. Natomiast negatywnie ocenia j\u0105 niewiele ponad 10 proc. respondent\u00f3w z obu tych grup. Wyniki te s\u0105 zbli\u017cone do uzyskanych w 2024 r. i korzystniejsze od wynik\u00f3w z roku 2023.<\/p>\n<p>        Pogorszenie sytuacji finansowej cz\u0119stsze u rolnik\u00f3w<\/p>\n<p class=\"article_p\" data-section=\"detail-body\">Pogorszenie sytuacji finansowej w\u0142asnego gospodarstwa domowego dostrzegaj\u0105 w ostatnich 12 miesi\u0105cach znacznie cz\u0119\u015bciej rolnicy ni\u017c mieszka\u0144cy obszar\u00f3w wiejskich niezwi\u0105zani z rolnictwem. Pogorszenie deklaruje 34,3 proc. rolnik\u00f3w i 14,6 proc. os\u00f3b niezwi\u0105zanych z rolnictwem.<\/p>\n<p>            Czytaj tak\u017ce w BUSINESS INSIDER<\/p>\n<p class=\"article_p\" data-section=\"detail-body\">Czytaj te\u017c: <a href=\"https:\/\/businessinsider.com.pl\/gospodarka\/protesty-rolnikow-w-calej-polsce-sprzeciw-wobec-umowy-ue-z-mercosur\/fg73qs2\" id=\"9eb7952a-ae48-40a9-8bdd-73cb1de2c747\" rel=\"nofollow noopener\" target=\"_blank\">Wyjd\u0105 na ulice w ca\u0142ej Polsce. Strajk rolnik\u00f3w 30 grudnia 2025 [MAPA]<\/a><\/p>\n<p class=\"article_p\" data-section=\"detail-body\">62 proc. os\u00f3b kieruj\u0105cych gospodarstwami rolnymi deklaruje, \u017ce jest w stanie utrzyma\u0107 siebie\/rodzin\u0119 wy\u0142\u0105cznie z gospodarstwa rolnego. Odsetek odpowiedzi twierdz\u0105cych (&#8222;zdecydowanie tak&#8221;) wzr\u00f3s\u0142 znacz\u0105co wzgl\u0119dem dw\u00f3ch poprzednich lat: odpowiednio 28,7 proc. w 2025; 16,5 proc. w 2024 i 16,3 proc. w 2023 roku \u2014 wskazali autorzy raportu.<\/p>\n<p class=\"article_p\" data-section=\"detail-body\">Ponad trzy czwarte rolnik\u00f3w bior\u0105cych udzia\u0142 w badaniu (79,2 proc.) nie rozwa\u017ca obecnie zaprzestania prowadzenia dzia\u0142alno\u015bci rolniczej. W\u015br\u00f3d kluczowych barier rozwoju gospodarstwa rolnego rolnicy wymieniaj\u0105: nisk\u0105 op\u0142acalno\u015b\u0107 produkcji (47,7 proc. wskaza\u0144 og\u00f3\u0142em), zbyt wysokie ceny ziemi (29,8 proc. wskaza\u0144 og\u00f3\u0142em), brak ch\u0119tnych do pracy w rolnictwie (28,8 proc. wskaza\u0144 og\u00f3\u0142em), trudno\u015bci ze sprzeda\u017c\u0105 produkt\u00f3w (28,2 proc. wskaza\u0144 og\u00f3\u0142em) oraz zbyt ma\u0142y area\u0142 gospodarstwa (25,7 proc. wskaza\u0144 og\u00f3\u0142em).<\/p>\n<p class=\"article_p\" data-section=\"detail-body\">Dominuj\u0105cym powodem niepodejmowania dodatkowej pracy przez rolnik\u00f3w jest brak czasu (praca w gospodarstwie nie pozostawia czasu na dodatkowe zaj\u0119cie \u2014 57 proc.), a w drugiej kolejno\u015bci wystarczaj\u0105cy poziom dochod\u00f3w uzyskiwanych z rolnictwa (25,2 proc.).<\/p>\n<p class=\"article_p\" data-section=\"detail-body\">Wed\u0142ug raportu co czwarty rolnik (24,2 proc.) deklaruje gotowo\u015b\u0107 prowadzenia rachunkowo\u015bci rolnej w swoim gospodarstwie, a co drugi (51,1 proc.) popiera wprowadzenie obowi\u0105zkowych ubezpiecze\u0144 upraw rolnych i zwierz\u0105t gospodarskich.<\/p>\n<p>        60 proc. rolnik\u00f3w twierdzi, \u017ce rolnictwo w Polsce jest op\u0142acalne<\/p>\n<p class=\"article_p\" data-section=\"detail-body\">Opinie na temat tego, czy rolnictwo w Polsce jest op\u0142acalne, s\u0105 podzielone zar\u00f3wno w\u015br\u00f3d rolnik\u00f3w, jak i w\u015br\u00f3d os\u00f3b niezwi\u0105zanych z rolnictwem. 60,7 proc. rolnik\u00f3w uwa\u017ca dzia\u0142alno\u015b\u0107 rolnicz\u0105 za op\u0142acaln\u0105, a 16,4 proc. za nieop\u0142acaln\u0105. W por\u00f3wnaniu z latami 2022-2024 wzr\u00f3s\u0142 odsetek opinii, \u017ce dzia\u0142alno\u015b\u0107 rolnicza w Polsce jest op\u0142acalna.<\/p>\n<p class=\"article_p\" data-section=\"detail-body\">Jako najwa\u017cniejsz\u0105 rol\u0119 obszar\u00f3w wiejskich w Polsce mieszka\u0144cy wsi niezmiennie od lat wskazuj\u0105 produkcj\u0119 roln\u0105 (69,6 proc. wskaza\u0144 og\u00f3\u0142em), a nast\u0119pnie ochron\u0119 \u015brodowiska (56,7 proc. og\u00f3\u0142em) i ochron\u0119 dziedzictwa kulturowego (38,7 proc. og\u00f3\u0142em). W por\u00f3wnaniu do roku poprzedniego spad\u0142o o prawie 5 proc. poparcie dla funkcji produkcyjnych wsi, co nie jest korzystn\u0105 zmian\u0105 w kontek\u015bcie potrzeby zapewnienia bezpiecze\u0144stwa \u017cywno\u015bciowego \u2014 oceniaj\u0105 autorzy raportu.<\/p>\n<p>        Zadowoleni z mieszkania na wsi<\/p>\n<p class=\"article_p\" data-section=\"detail-body\">Prawie wszyscy mieszka\u0144cy obszar\u00f3w wiejskich s\u0105 zadowoleni z tego, \u017ce mieszkaj\u0105 na wsi (94,3 proc.). Deklaruj\u0105 tak zar\u00f3wno rolnicy, jak i osoby niezwi\u0105zane z rolnictwem.<\/p>\n<p class=\"article_p\" data-section=\"detail-body\">Zdaniem respondent\u00f3w zach\u0119t\u0105 dla os\u00f3b m\u0142odych do pozostania lub zamieszkania na obszarach wiejskich by\u0142yby przede wszystkim miejsca pracy na terenie gminy (46,3 proc. wskaza\u0144), ni\u017csze ni\u017c w mie\u015bcie koszty uzyskania domu\/mieszkania (45,4 proc. wskaza\u0144) oraz wsparcie dla rodzin z dzie\u0107mi (31 proc. wskaza\u0144). Prawie po\u0142owa mieszka\u0144c\u00f3w obszar\u00f3w wiejskich dostrzega na swoim terenie ograniczenie w dost\u0119pie do komunikacji publicznej (55,3 proc.) oraz ograniczenie w dost\u0119pie do lekarzy i plac\u00f3wek medycznych (48,5 proc.).<\/p>\n<p>        Rolnicy za Uni\u0105<\/p>\n<p class=\"article_p\" data-section=\"detail-body\">Ankieterzy zapytali te\u017c mieszka\u0144c\u00f3w wsi o ocen\u0119 cz\u0142onkostwa Polski w Unii Europejskiej. Trzy czwarte z nich (75,9 proc.) wskaza\u0142o, \u017ce od momentu wej\u015bcia Polski do UE jako\u015b\u0107 \u017cycia na obszarach wiejskich poprawi\u0142a si\u0119. Gdyby referendum w tej sprawie odby\u0142o si\u0119 obecnie, to 63,4 proc. mieszka\u0144c\u00f3w obszar\u00f3w wiejskich zag\u0142osowa\u0142oby za cz\u0142onkostwem, natomiast 14 proc. przeciwko akcesji.<\/p>\n<p class=\"article_p\" data-section=\"detail-body\">Badanie wykona\u0142a firma Market Research World. Zosta\u0142o zrealizowane we wrze\u015bniu br. na zam\u00f3wienie MRiRW, ARiMR, KRUS i KOWR na pr\u00f3bie badawczej 2250 mieszka\u0144c\u00f3w obszar\u00f3w wiejskich metod\u0105 wywiad\u00f3w bezpo\u015brednich. Po\u0142ow\u0119 ankietowanych stanowili rolnicy \u2014 w\u0142a\u015bciciele lub wsp\u00f3\u0142w\u0142a\u015bciciele grunt\u00f3w rolnych kieruj\u0105cy gospodarstwem.<\/p>\n","protected":false},"excerpt":{"rendered":"Zgodnie z publikacj\u0105 &#8222;Polska wie\u015b i rolnictwo 2025&#8221; przygotowan\u0105 przez Ministerstwo Rolnictwa i Rozwoju Wsi, Krajowy O\u015brodek Wsparcia&hellip;\n","protected":false},"author":2,"featured_media":185000,"comment_status":"","ping_status":"","sticky":false,"template":"","format":"standard","meta":{"footnotes":""},"categories":[12],"tags":[32,33,36,37,27,34,35,28,31,25,42,38,40,39,41,29,30,26],"class_list":{"0":"post-184999","1":"post","2":"type-post","3":"status-publish","4":"format-standard","5":"has-post-thumbnail","7":"category-polska","8":"tag-breaking-news","9":"tag-breakingnews","10":"tag-featured-news","11":"tag-featurednews","12":"tag-headlines","13":"tag-latest-news","14":"tag-latestnews","15":"tag-naglowki","16":"tag-najwazniejsze-artykuly","17":"tag-news","18":"tag-pl","19":"tag-poland","20":"tag-polish","21":"tag-polska","22":"tag-polski","23":"tag-top-stories","24":"tag-topstories","25":"tag-wiadomosci"},"share_on_mastodon":{"url":"https:\/\/pubeurope.com\/@pl\/115830581030364350","error":""},"_links":{"self":[{"href":"https:\/\/www.europesays.com\/pl\/wp-json\/wp\/v2\/posts\/184999","targetHints":{"allow":["GET"]}}],"collection":[{"href":"https:\/\/www.europesays.com\/pl\/wp-json\/wp\/v2\/posts"}],"about":[{"href":"https:\/\/www.europesays.com\/pl\/wp-json\/wp\/v2\/types\/post"}],"author":[{"embeddable":true,"href":"https:\/\/www.europesays.com\/pl\/wp-json\/wp\/v2\/users\/2"}],"replies":[{"embeddable":true,"href":"https:\/\/www.europesays.com\/pl\/wp-json\/wp\/v2\/comments?post=184999"}],"version-history":[{"count":0,"href":"https:\/\/www.europesays.com\/pl\/wp-json\/wp\/v2\/posts\/184999\/revisions"}],"wp:featuredmedia":[{"embeddable":true,"href":"https:\/\/www.europesays.com\/pl\/wp-json\/wp\/v2\/media\/185000"}],"wp:attachment":[{"href":"https:\/\/www.europesays.com\/pl\/wp-json\/wp\/v2\/media?parent=184999"}],"wp:term":[{"taxonomy":"category","embeddable":true,"href":"https:\/\/www.europesays.com\/pl\/wp-json\/wp\/v2\/categories?post=184999"},{"taxonomy":"post_tag","embeddable":true,"href":"https:\/\/www.europesays.com\/pl\/wp-json\/wp\/v2\/tags?post=184999"}],"curies":[{"name":"wp","href":"https:\/\/api.w.org\/{rel}","templated":true}]}}