{"id":185270,"date":"2026-01-03T12:47:08","date_gmt":"2026-01-03T12:47:08","guid":{"rendered":"https:\/\/www.europesays.com\/pl\/185270\/"},"modified":"2026-01-03T12:47:08","modified_gmt":"2026-01-03T12:47:08","slug":"donald-tusk-o-sytuacji-pogodowej-w-polsce-mobilizacja-nie-moze-sie-zakonczyc-2","status":"publish","type":"post","link":"https:\/\/www.europesays.com\/pl\/185270\/","title":{"rendered":"Donald Tusk o sytuacji pogodowej w Polsce. &#8222;Mobilizacja nie mo\u017ce si\u0119 zako\u0144czy\u0107&#8221;"},"content":{"rendered":"<p class=\"ods-c-paragraph \">Donald Tusk podzi\u0119kowa\u0142 za prac\u0119 s\u0142u\u017cb drogowych, dzi\u0119ki kt\u00f3rym &#8222;w\u0142a\u015bciwie wszystkie drogi krajowe s\u0105 przejezdne&#8221;. Zaznaczy\u0142, \u017ce w sobot\u0119 rano do\u015bwiadczy\u0142 jazdy po czarnej drodze.<\/p>\n<p class=\"ods-c-paragraph \">\u2014 Oczywi\u015bcie ci\u0105gle pozostaj\u0105 okolice Ostr\u00f3dy. Mieli\u015bmy tam sygna\u0142y, tak\u017ce publiczne, o miejscowo\u015bciach odci\u0119tych od \u015bwiata zewn\u0119trznego przez zaspy \u015bnie\u017cne i bardzo wysokie opady \u2014 m\u00f3wi\u0142 premier.<\/p>\n<p>Dalszy ci\u0105g artyku\u0142u pod materia\u0142em wideo<\/p>\n<p> Jakie s\u0105 aktualne trudno\u015bci w dost\u0119pie do niekt\u00f3rych miejscowo\u015bci? <\/p>\n<p> Jakie dzia\u0142ania s\u0105 podejmowane w zwi\u0105zku z sytuacj\u0105 na liniach kolejowych? <\/p>\n<p> Jakie problemy dotycz\u0105 dostaw artyku\u0142\u00f3w \u017cywno\u015bciowych? <\/p>\n<p> Co powiedzia\u0142 Donald Tusk o dachach w kontek\u015bcie bezpiecze\u0144stwa? <\/p>\n<p class=\"ods-c-paragraph \">Przywo\u0142a\u0142 w tym miejscu przyk\u0142ad wsi pod Ostr\u00f3d\u0105, gdzie jest k\u0142opot z dostawami podstawowych artyku\u0142\u00f3w \u017cywno\u015bciowych.<\/p>\n<p>   Donald Tusk o sytuacji pogodowej w Polsce<\/p>\n<p class=\"ods-c-paragraph \">\u2014 B\u0119d\u0119 chcia\u0142 te\u017c pozna\u0107 ostatnie meldunki dotycz\u0105ce sytuacji na liniach kolejowych, przede wszystkim na tej najbardziej krytycznej. Podj\u0119li\u015bmy decyzj\u0119 o tych niekonwencjonalnych sposobach pomocy, m\u00f3wi\u0119 tu o naszych Black Hawkach, kt\u00f3re rzuca\u0142y \u015bnieg z drzew \u2014 m\u00f3wi\u0142 premier w czasie odprawy. \u2014 Wiem, \u017ce to akcja przydatna, ale nadal s\u0105 k\u0142opoty, je\u015bli dobrze rozumiem, na tej linii kolejowej i o t\u0119 informacj\u0119 te\u017c b\u0119d\u0119 prosi\u0142 \u2014 doda\u0142.<\/p>\n<p class=\"ods-c-paragraph \">Zaznaczy\u0142, \u017ce w czasie odprawy oczekuje m.in. informacji, kt\u00f3re mog\u0105 by\u0107 przydatne dla mieszka\u0144c\u00f3w. \u2014 Takie informacje u\u017cytkowe. Przypominam o obowi\u0105zku dzia\u0142ania bie\u017c\u0105cego, je\u015bli chodzi o dachy. Wiadomo, kto jest zobowi\u0105zany, tak\u017ce w sensie prawnym, aby zadba\u0107 o to, aby te z\u0142ogi \u015bniegu, lodu na dachach nie powodowa\u0142y zagro\u017cenia \u2014 podkre\u015bli\u0142 premier.<\/p>\n","protected":false},"excerpt":{"rendered":"Donald Tusk podzi\u0119kowa\u0142 za prac\u0119 s\u0142u\u017cb drogowych, dzi\u0119ki kt\u00f3rym &#8222;w\u0142a\u015bciwie wszystkie drogi krajowe s\u0105 przejezdne&#8221;. Zaznaczy\u0142, \u017ce w&hellip;\n","protected":false},"author":2,"featured_media":97591,"comment_status":"","ping_status":"","sticky":false,"template":"","format":"standard","meta":{"footnotes":""},"categories":[5],"tags":[32,33,212,36,37,27,49,34,35,28,31,48,25,46,42,78,38,40,39,41,24618,47,7312,29,30,26,7441],"class_list":{"0":"post-185270","1":"post","2":"type-post","3":"status-publish","4":"format-standard","5":"has-post-thumbnail","7":"category-naglowki","8":"tag-breaking-news","9":"tag-breakingnews","10":"tag-donald_tusk","11":"tag-featured-news","12":"tag-featurednews","13":"tag-headlines","14":"tag-kraj","15":"tag-latest-news","16":"tag-latestnews","17":"tag-naglowki","18":"tag-najwazniejsze-artykuly","19":"tag-nat_styl","20":"tag-news","21":"tag-omp","22":"tag-pl","23":"tag-pogoda","24":"tag-poland","25":"tag-polish","26":"tag-polska","27":"tag-polski","28":"tag-premier_rp","29":"tag-screening_general","30":"tag-snieg","31":"tag-top-stories","32":"tag-topstories","33":"tag-wiadomosci","34":"tag-zima"},"share_on_mastodon":{"url":"https:\/\/pubeurope.com\/@pl\/115831245791332370","error":""},"_links":{"self":[{"href":"https:\/\/www.europesays.com\/pl\/wp-json\/wp\/v2\/posts\/185270","targetHints":{"allow":["GET"]}}],"collection":[{"href":"https:\/\/www.europesays.com\/pl\/wp-json\/wp\/v2\/posts"}],"about":[{"href":"https:\/\/www.europesays.com\/pl\/wp-json\/wp\/v2\/types\/post"}],"author":[{"embeddable":true,"href":"https:\/\/www.europesays.com\/pl\/wp-json\/wp\/v2\/users\/2"}],"replies":[{"embeddable":true,"href":"https:\/\/www.europesays.com\/pl\/wp-json\/wp\/v2\/comments?post=185270"}],"version-history":[{"count":0,"href":"https:\/\/www.europesays.com\/pl\/wp-json\/wp\/v2\/posts\/185270\/revisions"}],"wp:featuredmedia":[{"embeddable":true,"href":"https:\/\/www.europesays.com\/pl\/wp-json\/wp\/v2\/media\/97591"}],"wp:attachment":[{"href":"https:\/\/www.europesays.com\/pl\/wp-json\/wp\/v2\/media?parent=185270"}],"wp:term":[{"taxonomy":"category","embeddable":true,"href":"https:\/\/www.europesays.com\/pl\/wp-json\/wp\/v2\/categories?post=185270"},{"taxonomy":"post_tag","embeddable":true,"href":"https:\/\/www.europesays.com\/pl\/wp-json\/wp\/v2\/tags?post=185270"}],"curies":[{"name":"wp","href":"https:\/\/api.w.org\/{rel}","templated":true}]}}