{"id":185311,"date":"2026-01-03T13:19:11","date_gmt":"2026-01-03T13:19:11","guid":{"rendered":"https:\/\/www.europesays.com\/pl\/185311\/"},"modified":"2026-01-03T13:19:11","modified_gmt":"2026-01-03T13:19:11","slug":"elon-musk-pokonany-chinczycy-rozlozyli-go-na-lopatki","status":"publish","type":"post","link":"https:\/\/www.europesays.com\/pl\/185311\/","title":{"rendered":"Elon Musk pokonany. Chi\u0144czycy roz\u0142o\u017cyli go na \u0142opatki"},"content":{"rendered":"<p>Wed\u0142ug informacji podanych przez Tesl\u0119 firma sprzeda\u0142a o 9 proc. mniej aut w 2025 r., a w ostatnim kwartale roku sprzeda\u0142a ich o 16 proc. mniej &#8211; 418 tys. &#8211; ni\u017c w analogicznym okresie poprzedniego roku. To ju\u017c drugi z rz\u0119du rok ze s\u0142abn\u0105c\u0105 sprzeda\u017c\u0105 Tesli. Liczby te oznaczaj\u0105, \u017ce koncern Elona Muska przesta\u0142 by\u0107 \u015bwiatowym liderem rynku aut elektrycznych. T\u0119 pozycj\u0119 zdoby\u0142 chi\u0144ski BYD, kt\u00f3rego wyniki sprzeda\u017cowe wzros\u0142y o 28 proc.<\/p>\n<p><a name=\"eztoc31744776_0_3\" id=\"eztoc31744776_0_3\"\/>Musk traci prze decyzje Trumpa<\/p>\n<p>Jak odnotowuj\u0105 komentatorzy, wyniki Tesli to m.in. wynik wycofania przez administracj\u0119 Donalda Trumpa wprowadzonych za rz\u0105d\u00f3w Joego Bidena ulg na zakup aut elektrycznych wynosz\u0105cych do 7,5 tys. dol. Dop\u0142aty zosta\u0142y wycofane w ramach g\u0142\u00f3wnej ustawy bud\u017cetowej One Big Beautiful Bill, kt\u00f3ra by\u0142a przyczyn\u0105 publicznej k\u0142\u00f3tni mi\u0119dzy Trumpem i Muskiem.<\/p>\n<p>Wed\u0142ug &#8222;New York Timesa&#8221;, s\u0142abn\u0105ca sprzeda\u017c Tesli pokazuje, jak firma oddali\u0142a si\u0119 od swojej wcze\u015bniejszych ambicji, by sta\u0107 si\u0119 najwi\u0119kszym producentem samochod\u00f3w na \u015bwiecie, i wyznaczonego sobie celu sprzedawania 20 mln aut co roku do 2030 r. W ostatnim czasie Musk og\u0142osi\u0142 przeorientowanie priorytet\u00f3w sp\u00f3\u0142ki na rzecz produkcji autonomicznych samochod\u00f3w i humanoidalnych robot\u00f3w.<\/p>\n<p>Tesla wci\u0105\u017c odpowiada za 45 proc. rynku aut elektrycznych w USA, a w wyniku wycofania ulg podatkowych ze swojej polityki stawiania na produkcj\u0119 tych pojazd\u00f3w zrezygnowali te\u017c inni producenci, w tym Ford. Obok wynik\u00f3w w USA sprzeda\u017c Tesli drastycznie spad\u0142a te\u017c w Europie z wyj\u0105tkiem Norwegii.<\/p>\n<p><a name=\"eztoc31744776_0_4\" id=\"eztoc31744776_0_4\"\/>Rzucaj\u0105 im k\u0142ody pod nogi, a ofensywa Chi\u0144czyk\u00f3w nadal trwa\u00a0<\/p>\n<p>BYD, kt\u00f3ry nie sprzedaje samochod\u00f3w w USA &#8211; jeszcze za rz\u0105d\u00f3w Bidena USA wprowadzi\u0142y 100 proc. c\u0142a na chi\u0144skie auta elektryczne &#8211; zanotowa\u0142 tymczasem du\u017c\u0105 cz\u0119\u015b\u0107 wzrost\u00f3w na rynkach zagranicznych, w Europie, Azji i Ameryce \u0141aci\u0144skiej.<\/p>\n<p>Mimo s\u0142abn\u0105cych wynik\u00f3w sp\u00f3\u0142ki akcjonariusze zatwierdzili w listopadzie pakiet wynagrodzenia dla jej dyrektora Elona Muska. Uchwalony plan wynagrodzenia przewiduje wyp\u0142at\u0119 mu akcji w liczbie zale\u017cnej od spe\u0142nianych wynik\u00f3w firmy. Je\u015bli Tesla osi\u0105gnie wszystkie swoje cele i osi\u0105gnie rynkow\u0105 warto\u015b\u0107 8,5 biliona dol. (obecnie to 1,38 bln), Musk otrzyma akcje o warto\u015bci 1 bln dol.<\/p>\n<p>\u0179r\u00f3d\u0142o: PAP\/ Fot. Evan Vucci\/\u00a0AP\/ East News<\/p>\n","protected":false},"excerpt":{"rendered":"Wed\u0142ug informacji podanych przez Tesl\u0119 firma sprzeda\u0142a o 9 proc. mniej aut w 2025 r., a w ostatnim&hellip;\n","protected":false},"author":2,"featured_media":185312,"comment_status":"","ping_status":"","sticky":false,"template":"","format":"standard","meta":{"footnotes":""},"categories":[16],"tags":[7590,113,112,85,4063,1232,42,38,40,39,41],"class_list":{"0":"post-185311","1":"post","2":"type-post","3":"status-publish","4":"format-standard","5":"has-post-thumbnail","7":"category-biznes","8":"tag-auta-elektryczne","9":"tag-biznes","10":"tag-business","11":"tag-chiny","12":"tag-elon-musk","13":"tag-motoryzacja","14":"tag-pl","15":"tag-poland","16":"tag-polish","17":"tag-polska","18":"tag-polski"},"share_on_mastodon":{"url":"https:\/\/pubeurope.com\/@pl\/115831371457361891","error":""},"_links":{"self":[{"href":"https:\/\/www.europesays.com\/pl\/wp-json\/wp\/v2\/posts\/185311","targetHints":{"allow":["GET"]}}],"collection":[{"href":"https:\/\/www.europesays.com\/pl\/wp-json\/wp\/v2\/posts"}],"about":[{"href":"https:\/\/www.europesays.com\/pl\/wp-json\/wp\/v2\/types\/post"}],"author":[{"embeddable":true,"href":"https:\/\/www.europesays.com\/pl\/wp-json\/wp\/v2\/users\/2"}],"replies":[{"embeddable":true,"href":"https:\/\/www.europesays.com\/pl\/wp-json\/wp\/v2\/comments?post=185311"}],"version-history":[{"count":0,"href":"https:\/\/www.europesays.com\/pl\/wp-json\/wp\/v2\/posts\/185311\/revisions"}],"wp:featuredmedia":[{"embeddable":true,"href":"https:\/\/www.europesays.com\/pl\/wp-json\/wp\/v2\/media\/185312"}],"wp:attachment":[{"href":"https:\/\/www.europesays.com\/pl\/wp-json\/wp\/v2\/media?parent=185311"}],"wp:term":[{"taxonomy":"category","embeddable":true,"href":"https:\/\/www.europesays.com\/pl\/wp-json\/wp\/v2\/categories?post=185311"},{"taxonomy":"post_tag","embeddable":true,"href":"https:\/\/www.europesays.com\/pl\/wp-json\/wp\/v2\/tags?post=185311"}],"curies":[{"name":"wp","href":"https:\/\/api.w.org\/{rel}","templated":true}]}}