{"id":185512,"date":"2026-01-03T15:50:07","date_gmt":"2026-01-03T15:50:07","guid":{"rendered":"https:\/\/www.europesays.com\/pl\/185512\/"},"modified":"2026-01-03T15:50:07","modified_gmt":"2026-01-03T15:50:07","slug":"wielki-final-ms-ogladaj-mecz-littler-gian-van-veen-na-zywo-sport-tvp-pl","status":"publish","type":"post","link":"https:\/\/www.europesays.com\/pl\/185512\/","title":{"rendered":"Wielki fina\u0142 M\u015a! Ogl\u0105daj mecz Littler \u2013 Gian van Veen [NA \u017bYWO] &#8211; sport.tvp.pl"},"content":{"rendered":"<ol>\n<li><a href=\"https:\/\/news.google.com\/rss\/articles\/CBMiywFBVV95cUxPZlRYVzJzVEdxQlV3X0Z1U0hHNUFtVFBGR2NXRmFKc2p3dGQ2bnYzOUJLeWZ6Qk1HXzBlY3RSZUt5WGMzMUc2Q01kdnBGVDNhU0hQTXYyVXdoZGdHLXNpLUZwU296SW1OYVJCakZMNU83eHhaNWIxVFFoTVZGMGJ0dlhXQWp3OGhvbEhnNG16bmtlOFVXYkJ5Qm1zdk9OSUlkRFhrU0R3X2ZhWWM1TXVURkpkZTdQOEdMUjF1MmNTNHBFYVUwaXpVN0FKdw?oc=5\" target=\"_blank\" rel=\"nofollow noopener\">Wielki fina\u0142 M\u015a! Ogl\u0105daj mecz Littler \u2013 Gian van Veen [NA \u017bYWO]<\/a>&nbsp;&nbsp;sport.tvp.pl<\/li>\n<li><a href=\"https:\/\/news.google.com\/rss\/articles\/CBMiqAFBVV95cUxOejAxbUJIZlRscUJrMUsweTRkTnNMbVpMVjlndHVVZW44SVJzWElHOGdzcU5VM2VPWVFKY0pFVk1UWVRpcG5vZDRpT2lpX0JvUm9aTzN2aV9VWFFNMnZQUnd5QURoNmdRdnVRVUVDTUItZF9hbmQzaTZEamNaQ1VlV0Q0WE5WUTZqbS1KN3pUaWlnbmhGVFJFWlFYRV9GM1pTeTFWWVdPdjfSAa4BQVVfeXFMTTNuVjROYU9RcTdKUEstLVNvOHdUM2dwNWJVVGl0dVBGcTFYSGFoOGQyWHRxTFU5UjJiSHZVanhSbXZrbkphWU9OY2x1MkFXR0VFelZxQkpDaHRlYnRuanl1LUtDUDZDdFFqa0g3WDllTHE0dU1DQV9XVDBoQnlZRjRYMmlNaVIyNlh3cFRnLTRxY0oyZnZpaHlKV05qMmJtdEpueVFfN09TUVNYM1JR?oc=5\" target=\"_blank\" rel=\"nofollow noopener\">Gian van Veen pokona\u0142 Gary&#8217;ego Andersona. 23-latek zagra w finale M\u015a w darcie<\/a>&nbsp;&nbsp;sport.tvp.pl<\/li>\n<li><a href=\"https:\/\/news.google.com\/rss\/articles\/CBMipwJBVV95cUxNS09yZjB4NnM1U3Q4WWZ4R1N6M0dXZG5qNVpDbTFralBXVkdVUkZvV0tmMWZhM3p6WXJZUU9YN0VfMDg5Tko4UEljQzZreGNfNFNTeHJLWml0TW5vejdVZmo5VUlBMXJkSDgwYXlVM1NFV25vdFd3TlgtYWlQbE5udWcxb2ZPbjcyOXdZc01DWWFDVUQ2dVhyQVFoS3VDTktkMmRfRUR5Wi1Fd0dmQmlCQW5ydlR4TURwZUdUYnVnVEp5UGk2dUNCSk1NRUZOR0JLdGtTMWNnNS1OWWxmUjR0VjN6cTY4Wk1HaHViUGFyekZHcXpkaFdHR0xCcjFEbGg5Rm1uVjBjT0ctZVdPYzc2R0NJZnR0Rlk5bGpvOEZMNjI2OFJ6NWV3?oc=5\" target=\"_blank\" rel=\"nofollow noopener\">Kolejna demolka. Pogromca Ratajskiego krok od obrony tytu\u0142u<\/a>&nbsp;&nbsp;Eurosport Polska<\/li>\n<li><a href=\"https:\/\/news.google.com\/rss\/articles\/CBMirgFBVV95cUxQQ2F3cmNQZXl5YUVlQ25ITTVJUFZrWU5sQnJIMHFhUHAxYTRUdFMwc0Y0MXgzTXcyT0lKZG9yVVNtek1yQU5JaVJMbFl0a0hpRTVJLUE0U3JIeVRmNTVSTGhoS3lJRmlwVHJ2T2pzZWZ3eFM4Wi1iQWNQMTZ3VFJpemIzTUd0Nzk2enVfdTZocWR6QUtvMmJRT2Y1ckh3YnF2UFNNbkR6RkxoVHIwa1E?oc=5\" target=\"_blank\" rel=\"nofollow noopener\">Oto finali\u015bci M\u015a w darcie! &#8222;Jedna z najlepszych gier w historii&#8221;<\/a>&nbsp;&nbsp;Sport.pl<\/li>\n<li><a href=\"https:\/\/news.google.com\/rss\/articles\/CBMitgFBVV95cUxPYkF1cm9tSTlySEFUTEg0SF9WblRTX2RmaHduc1lBeW90S1pTamtlMDExWVRNTXZLbmxpcFVmY1JUUXl1VXVqRzllOFhYR3NBLTRKTExiYUcxNTNOaG44TEVWbGhrX25ZVWo5eE1CRTFMQ1I1Xzk3NWd3cks5T1M4UWl1a21DUUhySVpVQlJYakVlSmJqN0VzTTBBbGNlTEZVUl9iMlVjQWhLd1NBYnRaemM1TmNtdw?oc=5\" target=\"_blank\" rel=\"nofollow noopener\">Deklasacja w meczu Polaka. To nie koniec. Wrze w Londynie. Znamy finalist\u00f3w mistrzostw \u015bwiata<\/a>&nbsp;&nbsp;Sport w INTERIA.PL<\/li>\n<\/ol>\n","protected":false},"excerpt":{"rendered":"Wielki fina\u0142 M\u015a! Ogl\u0105daj mecz Littler \u2013 Gian van Veen [NA \u017bYWO]&nbsp;&nbsp;sport.tvp.pl Gian van Veen pokona\u0142 Gary&#8217;ego Andersona.&hellip;\n","protected":false},"author":2,"featured_media":185513,"comment_status":"","ping_status":"","sticky":false,"template":"","format":"standard","meta":{"footnotes":""},"categories":[24],"tags":[25321,35495,30051,35150,30049,42,38,40,39,41,127,334,126,545],"class_list":{"0":"post-185512","1":"post","2":"type-post","3":"status-publish","4":"format-standard","5":"has-post-thumbnail","7":"category-sport","8":"tag-dart","9":"tag-gian-van-veen","10":"tag-luke-littler","11":"tag-ms-pdc","12":"tag-ms-w-darcie","13":"tag-pl","14":"tag-poland","15":"tag-polish","16":"tag-polska","17":"tag-polski","18":"tag-sport","19":"tag-sport-tvp-pl","20":"tag-sports","21":"tag-transmisja"},"share_on_mastodon":{"url":"https:\/\/pubeurope.com\/@pl\/115831965145328585","error":""},"_links":{"self":[{"href":"https:\/\/www.europesays.com\/pl\/wp-json\/wp\/v2\/posts\/185512","targetHints":{"allow":["GET"]}}],"collection":[{"href":"https:\/\/www.europesays.com\/pl\/wp-json\/wp\/v2\/posts"}],"about":[{"href":"https:\/\/www.europesays.com\/pl\/wp-json\/wp\/v2\/types\/post"}],"author":[{"embeddable":true,"href":"https:\/\/www.europesays.com\/pl\/wp-json\/wp\/v2\/users\/2"}],"replies":[{"embeddable":true,"href":"https:\/\/www.europesays.com\/pl\/wp-json\/wp\/v2\/comments?post=185512"}],"version-history":[{"count":0,"href":"https:\/\/www.europesays.com\/pl\/wp-json\/wp\/v2\/posts\/185512\/revisions"}],"wp:featuredmedia":[{"embeddable":true,"href":"https:\/\/www.europesays.com\/pl\/wp-json\/wp\/v2\/media\/185513"}],"wp:attachment":[{"href":"https:\/\/www.europesays.com\/pl\/wp-json\/wp\/v2\/media?parent=185512"}],"wp:term":[{"taxonomy":"category","embeddable":true,"href":"https:\/\/www.europesays.com\/pl\/wp-json\/wp\/v2\/categories?post=185512"},{"taxonomy":"post_tag","embeddable":true,"href":"https:\/\/www.europesays.com\/pl\/wp-json\/wp\/v2\/tags?post=185512"}],"curies":[{"name":"wp","href":"https:\/\/api.w.org\/{rel}","templated":true}]}}