{"id":185638,"date":"2026-01-03T17:37:11","date_gmt":"2026-01-03T17:37:11","guid":{"rendered":"https:\/\/www.europesays.com\/pl\/185638\/"},"modified":"2026-01-03T17:37:11","modified_gmt":"2026-01-03T17:37:11","slug":"assassins-creed-black-flag-resynced-to-kwestia-dni-ubisoft-zrobil-cos-co-wykonuje-przy-kazdej-grze","status":"publish","type":"post","link":"https:\/\/www.europesays.com\/pl\/185638\/","title":{"rendered":"Assassin&#8217;s Creed Black Flag Resynced to kwestia dni. Ubisoft zrobi\u0142 co\u015b, co wykonuje przy ka\u017cdej grze"},"content":{"rendered":"<p>Wygl\u0105da na to, \u017ce fani przyg\u00f3d Edwarda Kenwaya mog\u0105 powoli szykowa\u0107 si\u0119 do powrotu na Karaiby.<\/p>\n<p>W sieci pojawi\u0142y si\u0119 konkretne dowody sugeruj\u0105ce, \u017ce od\u015bwie\u017cona wersja kultowej czw\u00f3rki jest bli\u017cej, ni\u017c przypuszczali\u015bmy. Zauwa\u017cono bowiem rejestracj\u0119 nowej domeny internetowej o nazwie Assassin\u2019s Creed Black Flag Resynced (<a href=\"http:\/\/assassinscreedblackflagresynced.com\/\" target=\"_blank\" rel=\"noopener nofollow\">link do niej<\/a>), co zdaje si\u0119 potwierdza\u0107 kr\u0105\u017c\u0105ce od miesi\u0119cy plotki o nadchodz\u0105cym remake\u2019u lub remasterze tej niezwykle popularnej ods\u0142ony serii.<\/p>\n<p>    Dalsza cz\u0119\u015b\u0107 tekstu pod wideo<\/p>\n<p>Szczeg\u00f3\u0142y techniczne tego odkrycia dodaj\u0105 sprawie ogromnej wiarygodno\u015bci. Domena zosta\u0142a zarejestrowana oko\u0142o 25 dni temu za po\u015brednictwem francuskiej firmy GANDI SAS. Jest to kluczowa informacja, poniewa\u017c Ubisoft od lat traktuje tego rejestratora jako swojego domy\u015blnego partnera przy niemal wszystkich oficjalnych projektach. Wykorzystanie tego konkretnego po\u015brednika jest traktowane przez bran\u017cowych obserwator\u00f3w jako niemal pewny dow\u00f3d na to, \u017ce za rejestracj\u0105 stoi w\u0142a\u015bnie francuski gigant, a nie \u017cartowni\u015b pr\u00f3buj\u0105cy wywo\u0142a\u0107 fa\u0142szywe poruszenie.<\/p>\n<p>        <img loading=\"lazy\" decoding=\"async\" src=\"https:\/\/www.europesays.com\/pl\/wp-content\/uploads\/2026\/01\/B32963402.414688363;dc_trk_aid=607216972;dc_trk_cid=228291445;ord=[timestamp];dc_lat=;dc_rdid=;tag_f.gif\" attributionsrc=\"\" border=\"0\" height=\"1\" width=\"1\" alt=\"Advertisement\"\/><\/p>\n<p>Wed\u0142ug informatora o pseudonimie Zephryss, kt\u00f3ry nag\u0142o\u015bni\u0142 znalezisko, oficjalne og\u0142oszenie projektu mo\u017ce nast\u0105pi\u0107 w bardzo bliskiej przysz\u0142o\u015bci. Autor przecieku sugeruje, \u017ce najbli\u017csze dwa tygodnie b\u0119d\u0105 kluczowe, a Ubisoft prawdopodobnie ko\u0144czy ju\u017c przygotowania do zaprezentowania gry \u015bwiatu.<\/p>\n<blockquote class=\"twitter-tweet\">\n<p lang=\"en\" dir=\"ltr\">Looks like the announcement is coming very soon. They\u2019ve already started preparing. The next two weeks are very important. \ud83c\udff4\u200d\u2620\ufe0f <a href=\"https:\/\/t.co\/7JdnTkg1If\" rel=\"nofollow\">pic.twitter.com\/7JdnTkg1If<\/a><\/p>\n<p>\u2014 Zephryss\u26e9\ufe0f (@TheRealZephryss) <a href=\"https:\/\/twitter.com\/TheRealZephryss\/status\/2007458102279352421?ref_src=twsrc%5Etfw\" rel=\"nofollow noopener\" target=\"_blank\">January 3, 2026<\/a><\/p><\/blockquote>\n<p>                <script async src=\"https:\/\/platform.twitter.com\/widgets.js\" charset=\"utf-8\"><\/script><\/p>\n","protected":false},"excerpt":{"rendered":"Wygl\u0105da na to, \u017ce fani przyg\u00f3d Edwarda Kenwaya mog\u0105 powoli szykowa\u0107 si\u0119 do powrotu na Karaiby. W sieci&hellip;\n","protected":false},"author":2,"featured_media":159687,"comment_status":"","ping_status":"","sticky":false,"template":"","format":"standard","meta":{"footnotes":""},"categories":[20],"tags":[120,118,119,42,38,40,39,41,116,114,115,121,117],"class_list":{"0":"post-185638","1":"post","2":"type-post","3":"status-publish","4":"format-standard","5":"has-post-thumbnail","7":"category-nauka-i-technika","8":"tag-nauka","9":"tag-nauka-i-technika","10":"tag-naukatechnika","11":"tag-pl","12":"tag-poland","13":"tag-polish","14":"tag-polska","15":"tag-polski","16":"tag-science","17":"tag-science-and-technology","18":"tag-sciencetechnology","19":"tag-technika","20":"tag-technology"},"share_on_mastodon":{"url":"https:\/\/pubeurope.com\/@pl\/115832385923070866","error":""},"_links":{"self":[{"href":"https:\/\/www.europesays.com\/pl\/wp-json\/wp\/v2\/posts\/185638","targetHints":{"allow":["GET"]}}],"collection":[{"href":"https:\/\/www.europesays.com\/pl\/wp-json\/wp\/v2\/posts"}],"about":[{"href":"https:\/\/www.europesays.com\/pl\/wp-json\/wp\/v2\/types\/post"}],"author":[{"embeddable":true,"href":"https:\/\/www.europesays.com\/pl\/wp-json\/wp\/v2\/users\/2"}],"replies":[{"embeddable":true,"href":"https:\/\/www.europesays.com\/pl\/wp-json\/wp\/v2\/comments?post=185638"}],"version-history":[{"count":0,"href":"https:\/\/www.europesays.com\/pl\/wp-json\/wp\/v2\/posts\/185638\/revisions"}],"wp:featuredmedia":[{"embeddable":true,"href":"https:\/\/www.europesays.com\/pl\/wp-json\/wp\/v2\/media\/159687"}],"wp:attachment":[{"href":"https:\/\/www.europesays.com\/pl\/wp-json\/wp\/v2\/media?parent=185638"}],"wp:term":[{"taxonomy":"category","embeddable":true,"href":"https:\/\/www.europesays.com\/pl\/wp-json\/wp\/v2\/categories?post=185638"},{"taxonomy":"post_tag","embeddable":true,"href":"https:\/\/www.europesays.com\/pl\/wp-json\/wp\/v2\/tags?post=185638"}],"curies":[{"name":"wp","href":"https:\/\/api.w.org\/{rel}","templated":true}]}}