{"id":185678,"date":"2026-01-03T18:07:14","date_gmt":"2026-01-03T18:07:14","guid":{"rendered":"https:\/\/www.europesays.com\/pl\/185678\/"},"modified":"2026-01-03T18:07:14","modified_gmt":"2026-01-03T18:07:14","slug":"melania-trump-stawia-granice-prywatnosc-barrona-nie-podlega-negocjacjom-2","status":"publish","type":"post","link":"https:\/\/www.europesays.com\/pl\/185678\/","title":{"rendered":"Melania Trump stawia granice. &#8222;Prywatno\u015b\u0107 Barrona nie podlega negocjacjom&#8221;"},"content":{"rendered":"<p class=\"ods-c-paragraph \">\u015awi\u0105teczna impreza rodziny <a href=\"https:\/\/plejada.pl\/temat\/donald-trump-prezydent-usa\/tfyb98s\" id=\"c17301df-6a48-4cce-af87-b594e419e4ca\" rel=\"nofollow noopener\" target=\"_blank\">Donalda Trumpa<\/a> w Mar-a-Lago mia\u0142a przebiega\u0107 w atmosferze prywatno\u015bci, jednak nieoczekiwanie sta\u0142a si\u0119 \u017ar\u00f3d\u0142em kontrowersji. Pow\u00f3d? Dwa zdj\u0119cia <a href=\"https:\/\/plejada.pl\/temat\/barron-trump-syn-donalda\/51pg4rl\" id=\"72a9fff7-d06a-4837-913f-be7f6d0f7756\" rel=\"nofollow noopener\" target=\"_blank\">Barrona Trumpa<\/a> zrobione podczas &#8222;rodzinnego \u015bwi\u0119towania w ekskluzywnym klubie na Florydzie&#8221;. Najpierw portal Daily Mail poinformowa\u0142, \u017ce najm\u0142odszego syna prezydenta USA potajemnie sfotografowa\u0142y modelki Valeria Soko\u0142owa i Abla Sofy.<\/p>\n<p><img decoding=\"async\" src=\"https:\/\/www.europesays.com\/pl\/wp-content\/uploads\/2026\/01\/mtSk9lBaHR0cHM6Ly9vY2RuLmV1L3B1bHNjbXMvTURBXy9jNTgwODBkNjU4Y2VmNzI4ODY4NGJiYjI4OTc0MzJhYi5qcGeRlQLNB.jpeg\" height=\"641\" width=\"891\" alt=\"Barron Trump\" loading=\"lazy\" class=\"ods-c-image__img ods-c-image__img--viewport-width\"\/><\/p>\n<p>Barron Trumpvaleriasokolovaofficial\/ \/ Instagram<\/p>\n<p class=\"ods-c-paragraph \">Teraz Rob Shuter ujawni\u0142, \u017ce &#8222;cz\u0142onkowie klubu Mar-a-Lago mieli zosta\u0107 ostrze\u017ceni przed mo\u017cliwo\u015bci\u0105 zakazu wst\u0119pu do luksusowej florydzkiej posiad\u0142o\u015bci prezydenta Trumpa&#8221;. Jak przekazali jego informatorzy, go\u015bciom gro\u017cono cofni\u0119ciem cz\u0142onkostwa w klubie, je\u015bli zostan\u0105 przy\u0142apani na robieniu zdj\u0119\u0107 19-letniemu Barronowi.<\/p>\n<blockquote class=\"ods-o-quota\">\n<p class=\"ods-o-quota__paragraph\"><a href=\"https:\/\/plejada.pl\/temat\/melania-trump-pierwsza-dama\/pzfjq7m\" id=\"8d9be887-d402-46a4-a3e8-bdd69ab7f74d\" rel=\"nofollow noopener\" target=\"_blank\">Melania<\/a> bardzo jasno da\u0142a do zrozumienia, \u017ce prywatno\u015b\u0107 Barrona nie podlega negocjacjom<\/p>\n<\/blockquote>\n<p class=\"ods-c-paragraph \">\u2014 powiedzia\u0142o jedno ze \u017ar\u00f3de\u0142 Shutera.<\/p>\n<p class=\"ods-c-paragraph \">&#8222;Ka\u017cdy przy\u0142apany na filmowaniu lub robieniu zdj\u0119\u0107 musia\u0142by liczy\u0107 si\u0119 z natychmiastowymi konsekwencjami, w\u0142\u0105cznie z mo\u017cliwym zakazem wst\u0119pu do klubu. Przekaz by\u0142 jasny: \u017cadnych kamer, \u017cadnych przeciek\u00f3w. Prywatne chwile rodziny pozostaj\u0105 prywatne&#8221; \u2014 doda\u0142 inny informator.<\/p>\n<p class=\"ods-c-paragraph \">Osoby obecne na \u015bwi\u0105tecznej kolacji relacjonowa\u0142y, \u017ce Barron niemal przez ca\u0142y wiecz\u00f3r trzyma\u0142 si\u0119 blisko ojca i niewiele m\u00f3wi\u0142. &#8222;By\u0142 cichy, bardzo pow\u015bci\u0105gliwy, ubrany w sw\u00f3j charakterystyczny niebieski garnitur, niemal na\u015bladuj\u0105c Donalda&#8221; \u2014 przekaza\u0142 jeden z go\u015bci.<\/p>\n<p> Barron Trump chroni swoj\u0105 prywatno\u015b\u0107<\/p>\n<p class=\"ods-c-paragraph \">Barron Trump prowadzi bardzo dyskretne \u017cycie i rzadko pojawia si\u0119 publicznie. Ostatni raz by\u0142 widziany u boku ojca w styczniu 2025 r., <a href=\"https:\/\/plejada.pl\/newsy\/na-inauguracji-barron-trump-zrobil-siostrom-psikusa-wszystko-sie-nagralo\/yk2v79e\" id=\"dcbecaeb-9eaa-4f34-9115-1efc9305ac37\" rel=\"nofollow noopener\" target=\"_blank\">podczas ceremonii zaprzysi\u0119\u017cenia<\/a>. W\u00f3wczas Donald Trump chwali\u0142 swojego najm\u0142odszego syna za pomoc w dotarciu do m\u0142odszych wyborc\u00f3w podczas kampanii prezydenckiej 2024 r. &#8222;Zna\u0142 m\u0142odych wyborc\u00f3w. Wygrali\u015bmy g\u0142os m\u0142odzie\u017cy przewag\u0105 36 punkt\u00f3w. M\u00f3wi\u0142: \u00bbTato, musisz p\u00f3j\u015b\u0107 do tego podcastu albo tamtego\u00ab. Nagrali\u015bmy ich wiele. On szanuje ich wszystkich, bardzo dobrze ich rozumie&#8221; \u2014 powiedzia\u0142 w Capital One Arena. Gdy t\u0142um wiwatowa\u0142, Barron uni\u00f3s\u0142 r\u0119ce w ge\u015bcie triumfu, znacz\u0105co odbiegaj\u0105c od znanego dot\u0105d, bardziej wycofanego wizerunku.<\/p>\n<p class=\"ods-c-paragraph \">W kwietniu 2025 r. Barron \u2014 student pierwszego roku Stern School of Business na Nowojorskim Uniwersytecie \u2014 <a href=\"https:\/\/plejada.pl\/newsy\/barron-trump-to-wykapany-ojciec-nowe-zdjecia-pokazuja-spore-podobienstwo\/t49w2nq\" id=\"610f2161-6747-4139-9bca-d9b1da70c96c\" rel=\"nofollow noopener\" target=\"_blank\">zosta\u0142 sfotografowany na Manhattanie<\/a>. Wed\u0142ug doniesie\u0144 doje\u017cd\u017ca\u0142 na uczelni\u0119 z Trump Tower. We wrze\u015bniu ameryka\u0144skie media donios\u0142y, \u017ce najm\u0142odszy syn Donalda Trumpa <a href=\"https:\/\/plejada.pl\/newsy\/barron-trump-porzucil-nowy-jork-dla-bialego-domu-media-donosza-o-przeprowadzce\/zv5e18n\" id=\"bea86800-943f-4b28-8a4b-1c6481f3fa1d\" rel=\"nofollow noopener\" target=\"_blank\">przeni\u00f3s\u0142 si\u0119 do Bia\u0142ego Domu<\/a> i rozpocz\u0105\u0142 drugi rok studi\u00f3w na kampusie uniwersytetu w Waszyngtonie.<\/p>\n<p>Dalszy ci\u0105g artyku\u0142u pod materia\u0142em wideo<\/p>\n<p> Jakie zdj\u0119cia zosta\u0142y zrobione Barronowi Trumpowi? <\/p>\n<p> Co zrobi\u0142a Melania Trump po incydencie ze zdj\u0119ciami? <\/p>\n<p> Jakie ostrze\u017cenie otrzymali cz\u0142onkowie klubu Mar-a-Lago? <\/p>\n<p> Czym zajmuje si\u0119 Barron Trump podczas studi\u00f3w? <\/p>\n<p class=\"ods-c-paragraph \">Zmiana miejsca nauki mia\u0142a zwi\u0105zek z ch\u0119ci\u0105 skupienia si\u0119 na w\u0142asnych projektach biznesowych. Wed\u0142ug informator\u00f3w Barron prowadzi spotkania z partnerami biznesowymi, rozwija projekty technologiczne i pracuje nad nowymi umowami. &#8222;Barron aktywnie zajmuje si\u0119 w\u0142asnymi interesami finansowymi i wsp\u00f3\u0142pracuje z osobami zaanga\u017cowanymi w te projekty. Jednocze\u015bnie nadal sp\u0119dza du\u017co czasu z rodzin&#8221; \u2014 powiedzia\u0142o \u017ar\u00f3d\u0142o tygodnika &#8222;People&#8221;.<\/p>\n<p>Religijna przemiana Barrona Trumpa<\/p>\n<p class=\"ods-c-paragraph \">W ostatnich miesi\u0105cach Barron Trump mia\u0142 tak\u017ce sta\u0107 si\u0119 bardziej religijny. Na pocz\u0105tku grudnia 2025 r. Stuart Knechtle, pastor \u015brodowiska MAGA, ujawni\u0142, \u017ce syn Melanii i Donalda Trump\u00f3w jest &#8222;bardzo bliski&#8221; pe\u0142nego przyj\u0119cia wiary chrze\u015bcija\u0144skiej.<\/p>\n<p class=\"ods-c-paragraph \">&#8222;Rozmawia\u0142em przez telefon z Barronem Trumpem ok. 12.30 w nocy i my\u015bla\u0142em, \u017ce zaatakuj\u0119 go wszystkim, poza zlewem kuchennym, je\u015bli chodzi o wszystkie dowody na istnienie Boga i na rzecz chrze\u015bcija\u0144stwa&#8221; \u2014 opowiada\u0142 w podca\u015bcie &#8222;The George Janko&#8221;. Dopiero ostatni argument w postaci sn\u00f3w i objawie\u0144 mia\u0142 &#8222;poruszy\u0107&#8221; 19-letniego syna prezydenta USA. &#8222;Powiedzia\u0142em: \u00bbHej, Barronie, zazwyczaj nie traktuj\u0119 tego jako dowodu, ale mam przyjaciela w Afryce, kt\u00f3ry jest \u015bwiadkiem nawr\u00f3cenia tysi\u0119cy muzu\u0142man\u00f3w do Chrystusa poprzez sny i objawienia. Jak to wyt\u0142umaczy\u0107?\u00ab. A Barron: \u00bbOch, to bardzo, bardzo interesuj\u0105cy punkt. I masz \u015bwiadectwo naocznego \u015bwiadka\u00ab&#8221; \u2014 wspomina\u0142 pastor.<\/p>\n<p class=\"ods-c-paragraph \">Najm\u0142odszy syn Donalda Trumpa ma by\u0107 &#8222;bardzo bliski&#8221; podj\u0119cia decyzji o przyj\u0119ciu wiary. &#8222;Barron jest bardzo bliski zawierzenia Chrystusowi. Bardzo bliski. I modl\u0119 si\u0119, \u017ceby to si\u0119 uda\u0142o&#8221; \u2014 stwierdzi\u0142 Stuart Knechtle.<\/p>\n<p class=\"ods-c-paragraph \">Pewne jest, \u017ce cho\u0107 19-letni Barron pozostaje w cieniu polityki, jego obecno\u015b\u0107 wci\u0105\u017c wzbudza ogromne zainteresowanie. Komentator &#8222;New York Post&#8221; podkre\u015bli\u0142: &#8222;Melania, kt\u00f3ra chroni syna, zrobi wszystko, by prywatne chwile rodziny Trump\u00f3w pozosta\u0142y absolutnie prywatne&#8221;.<\/p>\n<p><img decoding=\"async\" src=\"https:\/\/www.europesays.com\/pl\/wp-content\/uploads\/2025\/10\/uPVk9lBaHR0cHM6Ly9vY2RuLmV1L3B1bHNjbXMvTURBXy8zNmMwMTNhNjI1YTAwNTJiN2Y0ZTQxMmE2ODg4NTQzYi5qcGeRlQLNB.jpeg\" height=\"627\" width=\"940\" alt=\"Donald Trump, Melania Trump i Barron Trump\" loading=\"lazy\" class=\"ods-c-image__img ods-c-image__img--viewport-width\"\/><\/p>\n<p>Donald Trump, Melania Trump i Barron TrumpLev Radin \/ Shutterstock<\/p>\n<p class=\"ods-c-paragraph \">Dzi\u0119kujemy, \u017ce przeczyta\u0142a\u015b\/e\u015b nasz artyku\u0142 do ko\u0144ca. W serwisie Plejada.pl ka\u017cdego dnia piszemy o najwa\u017cniejszych wydarzeniach show-biznesowych. B\u0105d\u017a na bie\u017c\u0105co! <a rel=\"nofollow noopener\" href=\"https:\/\/profile.google.com\/cp\/Cg0vZy8xMWJ6X19wdHBx\" id=\"63db999e-aee1-4116-a428-074029061440\" target=\"_blank\">Obserwuj<\/a> Plejad\u0119 w Google. Odwied\u017a nas tak\u017ce na <a rel=\"nofollow noopener\" href=\"https:\/\/www.facebook.com\/plejadapl\" id=\"b5b1bfdf-24b1-43c7-8e20-b93f2a49dd30\" target=\"_blank\">Facebooku<\/a>, <a rel=\"nofollow noopener\" href=\"https:\/\/www.instagram.com\/plejadapl\/\" id=\"48c292d2-0c56-4906-8273-ff63062b276d\" target=\"_blank\">Instagramie<\/a>, <a rel=\"nofollow noopener\" href=\"https:\/\/www.youtube.com\/c\/plejada\" id=\"ac264fbb-87a0-4aa9-988a-9c0a72fb9e63\" target=\"_blank\">YouTubie<\/a> oraz <a rel=\"nofollow noopener\" href=\"https:\/\/www.tiktok.com\/@plejada_pl\" id=\"361ed2ca-b5ff-497f-8be4-2c523eb51bb2\" target=\"_blank\">TikToku<\/a>.<\/p>\n<p class=\"ods-c-paragraph \">Chcesz podzieli\u0107 si\u0119 ciekawym newsem lub zaproponowa\u0107 temat? Skontaktuj si\u0119 z nami, pisz\u0105c maila na adres: <a rel=\"nofollow noopener\" href=\"https:\/\/plejada.pl\/newsy\/melania-trump-stawia-granice-prywatnosc-barrona-nie-podlega-negocjacjom\/mailto:plejada@redakcjaonet.pl\" id=\"ad189f1a-78ba-40de-a18a-8b86a1670b96\" target=\"_blank\">plejada@redakcjaon<\/a><a href=\"https:\/\/et.pl\" id=\"f30839ce-5f53-4ff9-81cd-bdff29b452b9\" rel=\"nofollow noopener\" target=\"_blank\">et.pl<\/a>.<\/p>\n<p><script async src=\"\/\/www.instagram.com\/embed.js\"><\/script><script async src=\"\/\/www.tiktok.com\/embed.js\"><\/script><\/p>\n","protected":false},"excerpt":{"rendered":"\u015awi\u0105teczna impreza rodziny Donalda Trumpa w Mar-a-Lago mia\u0142a przebiega\u0107 w atmosferze prywatno\u015bci, jednak nieoczekiwanie sta\u0142a si\u0119 \u017ar\u00f3d\u0142em kontrowersji.&hellip;\n","protected":false},"author":2,"featured_media":185679,"comment_status":"","ping_status":"","sticky":false,"template":"","format":"standard","meta":{"footnotes":""},"categories":[14],"tags":[22347,32,33,44,27,34,35,687,28,31,48,25,125,46,40,41,47,80,29,30,26,82,83,84],"class_list":{"0":"post-185678","1":"post","2":"type-post","3":"status-publish","4":"format-standard","5":"has-post-thumbnail","7":"category-swiat","8":"tag-barron_trump","9":"tag-breaking-news","10":"tag-breakingnews","11":"tag-donald_trump","12":"tag-headlines","13":"tag-latest-news","14":"tag-latestnews","15":"tag-melania_trump","16":"tag-naglowki","17":"tag-najwazniejsze-artykuly","18":"tag-nat_styl","19":"tag-news","20":"tag-newsy","21":"tag-omp","22":"tag-polish","23":"tag-polski","24":"tag-screening_general","25":"tag-swiat","26":"tag-top-stories","27":"tag-topstories","28":"tag-wiadomosci","29":"tag-world","30":"tag-world-news","31":"tag-worldnews"},"share_on_mastodon":{"url":"https:\/\/pubeurope.com\/@pl\/115832503937190423","error":""},"_links":{"self":[{"href":"https:\/\/www.europesays.com\/pl\/wp-json\/wp\/v2\/posts\/185678","targetHints":{"allow":["GET"]}}],"collection":[{"href":"https:\/\/www.europesays.com\/pl\/wp-json\/wp\/v2\/posts"}],"about":[{"href":"https:\/\/www.europesays.com\/pl\/wp-json\/wp\/v2\/types\/post"}],"author":[{"embeddable":true,"href":"https:\/\/www.europesays.com\/pl\/wp-json\/wp\/v2\/users\/2"}],"replies":[{"embeddable":true,"href":"https:\/\/www.europesays.com\/pl\/wp-json\/wp\/v2\/comments?post=185678"}],"version-history":[{"count":0,"href":"https:\/\/www.europesays.com\/pl\/wp-json\/wp\/v2\/posts\/185678\/revisions"}],"wp:featuredmedia":[{"embeddable":true,"href":"https:\/\/www.europesays.com\/pl\/wp-json\/wp\/v2\/media\/185679"}],"wp:attachment":[{"href":"https:\/\/www.europesays.com\/pl\/wp-json\/wp\/v2\/media?parent=185678"}],"wp:term":[{"taxonomy":"category","embeddable":true,"href":"https:\/\/www.europesays.com\/pl\/wp-json\/wp\/v2\/categories?post=185678"},{"taxonomy":"post_tag","embeddable":true,"href":"https:\/\/www.europesays.com\/pl\/wp-json\/wp\/v2\/tags?post=185678"}],"curies":[{"name":"wp","href":"https:\/\/api.w.org\/{rel}","templated":true}]}}