{"id":185718,"date":"2026-01-03T18:39:09","date_gmt":"2026-01-03T18:39:09","guid":{"rendered":"https:\/\/www.europesays.com\/pl\/185718\/"},"modified":"2026-01-03T18:39:09","modified_gmt":"2026-01-03T18:39:09","slug":"maryla-rodowicz-o-krok-od-wpadki-podczas-wystepu-nie-mialam-na-nic-wplywu","status":"publish","type":"post","link":"https:\/\/www.europesays.com\/pl\/185718\/","title":{"rendered":"Maryla Rodowicz o krok od wpadki podczas wyst\u0119pu. &#8222;Nie mia\u0142am na nic wp\u0142ywu&#8221;"},"content":{"rendered":"<p class=\"Paragraph_desktopParagraph__U31Gm\">Kr\u00f3lowa polskiej estrady w trakcie <a href=\"https:\/\/plejada.pl\/temat\/sylwester-z-dwojka\/r6m4kj8\" id=\"1e34cd01-4075-4e92-8a52-ed8f68295aea\" rel=\"nofollow noopener\" target=\"_blank\">&#8222;Sylwestra z Dw\u00f3jk\u0105&#8221;<\/a> zachwyci\u0142a publiczno\u015b\u0107 nie tylko repertuarem, ale i widowiskow\u0105 opraw\u0105.<a href=\"https:\/\/plejada.pl\/zdjecia-gwiazd\/maryla-rodowicz-w-zlotej-zbroi-na-sylwestrze-z-dwojka-obok-polnadzy-panowie\/1l36gxh\" id=\"907b0b24-8eb5-452a-81f8-3440eeb64c2a\" rel=\"nofollow noopener\" target=\"_blank\"> W z\u0142otej zbroi, na hu\u015btawce,<\/a> otoczona przez rozebranych do pasa m\u0119\u017cczyzn, wykona\u0142a &#8222;Remedium&#8221; \u2014 jeden ze swoich najwi\u0119kszych hit\u00f3w. To w\u0142a\u015bnie wtedy, jak ujawni\u0142a <a href=\"https:\/\/plejada.pl\/temat\/maryla-rodowicz-artystka\/wmdf87s\" id=\"e8235d5e-a8de-4df8-96fc-8b2e78479ce1\" rel=\"nofollow noopener\" target=\"_blank\">Maryla Rodowicz<\/a> p\u00f3\u017aniej na Instagramie, dosz\u0142o do technicznej wpadki, kt\u00f3ra mog\u0142a zagrozi\u0107 wyst\u0119powi.<\/p>\n<ul class=\"OchatFollowUps_wrapper__1ry7X\">\n<li class=\"OchatFollowUps_item__Dhyly OchatFollowUps_itemDesktop__R6aBv\">Co si\u0119 sta\u0142o podczas wyst\u0119pu Maryli Rodowicz?<\/li>\n<li class=\"OchatFollowUps_item__Dhyly OchatFollowUps_itemDesktop__R6aBv\">Jakie przeszkody napotka\u0142a Maryla Rodowicz?<\/li>\n<li class=\"OchatFollowUps_item__Dhyly OchatFollowUps_itemDesktop__R6aBv\">Co mia\u0142a na sobie Maryla Rodowicz podczas wyst\u0119pu?<\/li>\n<li class=\"OchatFollowUps_item__Dhyly OchatFollowUps_itemDesktop__R6aBv\">Kto pom\u00f3g\u0142 Maryli Rodowicz na scenie?<\/li>\n<\/ul>\n<p>Maryla Rodowicz o usterce technicznej w trakcie wyst\u0119pu <\/p>\n<p class=\"Paragraph_desktopParagraph__U31Gm\">Jak opowiedzia\u0142a artystka na swoim Instagramie, w trakcie jej wyst\u0119pu dosz\u0142o do nieprzewidzianej sytuacji.<\/p>\n<blockquote>\n<p class=\"Paragraph_desktopParagraph__U31Gm\">Przed wyj\u015bciem na scen\u0119<\/p>\n<\/blockquote>\n<p class=\"Paragraph_desktopParagraph__U31Gm\">\u2014 opisa\u0142a wstawione zdj\u0119cie na Instagrama artystka, kt\u00f3re zosta\u0142o wykonane przed wyst\u0119pem. &#8222;A na scenie, na hu\u015btawce wiatr tak wia\u0142, \u017ce w\u0142osy, grzywka, misternie u\u0142o\u017cona fryzura total, ju\u017c nie mia\u0142am na nic wp\u0142ywu, wszystko posz\u0142o hen sobie&#8221; \u2014 doda\u0142a. Jednak rozwiane w\u0142osy nie nale\u017ca\u0142y do jedynego utrudnienia. Sytuacj\u0119 skomplikowa\u0142 dodatkowo fakt, \u017ce podczas wyst\u0119pu od prawej s\u0142uchawki oderwa\u0142 si\u0119 kabelek.<\/p>\n<blockquote>\n<p class=\"Paragraph_desktopParagraph__U31Gm\">Przez d\u0142u\u017csz\u0105 chwil\u0119 dociska\u0142am s\u0142uchawk\u0119, mia\u0142am nadzieje, \u017ce zadzia\u0142a. Ale to by\u0142a tylko nadzieja. Za kulisami, po zej\u015bciu ze sceny s\u0142uchawka zosta\u0142a mi w r\u0119ku<\/p>\n<\/blockquote>\n<p class=\"Paragraph_desktopParagraph__U31Gm\">\u2014 wyzna\u0142a Maryla Rodowicz.<\/p>\n<p class=\"Paragraph_desktopParagraph__U31Gm\">Na szcz\u0119\u015bcie, jak podkre\u015bli\u0142a wokalistka, mog\u0142a liczy\u0107 na wsparcie &#8222;bujaczy&#8221; \u2014 m\u0119\u017cczyzn towarzysz\u0105cych jej na scenie.<\/p>\n<blockquote>\n<p class=\"Paragraph_desktopParagraph__U31Gm\">Na szcz\u0119\u015bcie panowie \u00bbbujacze\u00ab wytrwali, rozebrani do pasa. Dzi\u0119kuj\u0119 panowie. Uratowali\u015bcie sytuacj\u0119<\/p>\n<\/blockquote>\n<p class=\"Paragraph_desktopParagraph__U31Gm\">\u2014 podsumowa\u0142a artystka.<\/p>\n<p class=\"Paragraph_desktopParagraph__U31Gm\">Dzi\u0119kujemy, \u017ce przeczyta\u0142a\u015b\/e\u015b nasz artyku\u0142 do ko\u0144ca. W serwisie Plejada.pl ka\u017cdego dnia piszemy o najwa\u017cniejszych wydarzeniach show-biznesowych. B\u0105d\u017a na bie\u017c\u0105co! <a rel=\"nofollow noopener\" href=\"https:\/\/news.google.com\/publications\/CAAiEF0PeAlb7W1llpV_mwV2rL4qFAgKIhBdD3gJW-1tZZaVf5sFdqy-?hl=pl&amp;gl=PL&amp;ceid=PL%3Apl\" id=\"2078da71-da58-44ad-af59-2ff2c0658dc2\" target=\"_blank\">Obserwuj<\/a> Plejad\u0119 w Wiadomo\u015bciach Google. Odwied\u017a nas tak\u017ce na <a rel=\"nofollow noopener\" href=\"https:\/\/www.facebook.com\/plejadapl\" id=\"31f5e25f-d125-487f-842f-fed6452983b5\" target=\"_blank\">Facebooku<\/a>, <a rel=\"nofollow noopener\" href=\"https:\/\/www.instagram.com\/plejadapl\/\" id=\"83d42e17-0d01-4442-b437-9545dc1b3349\" target=\"_blank\">Instagramie<\/a>, <a rel=\"nofollow noopener\" href=\"https:\/\/www.youtube.com\/c\/plejada\" id=\"ea271c7c-de51-49f8-bc0e-940ec79f3aff\" target=\"_blank\">YouTubie<\/a> oraz <a rel=\"nofollow noopener\" href=\"https:\/\/www.tiktok.com\/@plejada_pl\" id=\"55faa18c-8a9b-4f52-ae3f-d271dccdc0fd\" target=\"_blank\">TikToku<\/a>.<\/p>\n<p class=\"Paragraph_desktopParagraph__U31Gm\">Chcesz podzieli\u0107 si\u0119 ciekawym newsem lub zaproponowa\u0107 temat? Skontaktuj si\u0119 z nami, pisz\u0105c maila na adres: plejada@redakcjaonet.pl.<\/p>\n<p><script async src=\"\/\/www.instagram.com\/embed.js\"><\/script><script async src=\"\/\/www.tiktok.com\/embed.js\"><\/script><\/p>\n","protected":false},"excerpt":{"rendered":"Kr\u00f3lowa polskiej estrady w trakcie &#8222;Sylwestra z Dw\u00f3jk\u0105&#8221; zachwyci\u0142a publiczno\u015b\u0107 nie tylko repertuarem, ale i widowiskow\u0105 opraw\u0105. W&hellip;\n","protected":false},"author":2,"featured_media":185719,"comment_status":"","ping_status":"","sticky":false,"template":"","format":"standard","meta":{"footnotes":""},"categories":[22],"tags":[122,67,261,22792,1503,53,52,68,51,55,42,38,40,39,41,123,47,22478,1607,65,50],"class_list":{"0":"post-185718","1":"post","2":"type-post","3":"status-publish","4":"format-standard","5":"has-post-thumbnail","7":"category-rozrywka","8":"tag-entertainment","9":"tag-intextvideo_splayer","10":"tag-kultura","11":"tag-maryla_rodowicz_artystka","12":"tag-muzyka_i_muzycy_muzyka_rozrywkowa_spiew","13":"tag-new_header","14":"tag-onet3","15":"tag-onet3d","16":"tag-onet3d_2i","17":"tag-phx","18":"tag-pl","19":"tag-poland","20":"tag-polish","21":"tag-polska","22":"tag-polski","23":"tag-rozrywka","24":"tag-screening_general","25":"tag-sylwester_z_dwojka","26":"tag-time_limited","27":"tag-update_me","28":"tag-v2021"},"share_on_mastodon":{"url":"https:\/\/pubeurope.com\/@pl\/115832629672871578","error":""},"_links":{"self":[{"href":"https:\/\/www.europesays.com\/pl\/wp-json\/wp\/v2\/posts\/185718","targetHints":{"allow":["GET"]}}],"collection":[{"href":"https:\/\/www.europesays.com\/pl\/wp-json\/wp\/v2\/posts"}],"about":[{"href":"https:\/\/www.europesays.com\/pl\/wp-json\/wp\/v2\/types\/post"}],"author":[{"embeddable":true,"href":"https:\/\/www.europesays.com\/pl\/wp-json\/wp\/v2\/users\/2"}],"replies":[{"embeddable":true,"href":"https:\/\/www.europesays.com\/pl\/wp-json\/wp\/v2\/comments?post=185718"}],"version-history":[{"count":0,"href":"https:\/\/www.europesays.com\/pl\/wp-json\/wp\/v2\/posts\/185718\/revisions"}],"wp:featuredmedia":[{"embeddable":true,"href":"https:\/\/www.europesays.com\/pl\/wp-json\/wp\/v2\/media\/185719"}],"wp:attachment":[{"href":"https:\/\/www.europesays.com\/pl\/wp-json\/wp\/v2\/media?parent=185718"}],"wp:term":[{"taxonomy":"category","embeddable":true,"href":"https:\/\/www.europesays.com\/pl\/wp-json\/wp\/v2\/categories?post=185718"},{"taxonomy":"post_tag","embeddable":true,"href":"https:\/\/www.europesays.com\/pl\/wp-json\/wp\/v2\/tags?post=185718"}],"curies":[{"name":"wp","href":"https:\/\/api.w.org\/{rel}","templated":true}]}}