{"id":185766,"date":"2026-01-03T19:14:08","date_gmt":"2026-01-03T19:14:08","guid":{"rendered":"https:\/\/www.europesays.com\/pl\/185766\/"},"modified":"2026-01-03T19:14:08","modified_gmt":"2026-01-03T19:14:08","slug":"maryla-rodowicz-ujawnila-kulisy-sylwestra-przezyla-koszmar-po-wejsciu-na-scene","status":"publish","type":"post","link":"https:\/\/www.europesays.com\/pl\/185766\/","title":{"rendered":"Maryla Rodowicz ujawni\u0142a kulisy sylwestra. Prze\u017cy\u0142a koszmar po wej\u015bciu na scen\u0119"},"content":{"rendered":"<p class=\"article-p\" data-section=\"detail-body\">Wyst\u0119p Maryli Rodowicz podczas &#8222;Sylwestra z Dw\u00f3jk\u0105&#8221; wzbudzi\u0142 ogromne emocje i wywo\u0142a\u0142 lawin\u0119 komentarzy w mediach spo\u0142eczno\u015bciowych. Artystka, znana z odwa\u017cnych i ekstrawaganckich stylizacji, tym razem pojawi\u0142a si\u0119 w bia\u0142ej, kowbojskiej kreacji z fr\u0119dzlami, wysokimi kozakami i kabaretkami. Jej str\u00f3j sta\u0142 si\u0119 tematem szerokiej dyskusji na temat granic scenicznej swobody oraz oczekiwa\u0144 wobec kobiet w show-biznesie, zw\u0142aszcza w kontek\u015bcie wieku.<\/p>\n<p class=\"article-p\" data-section=\"detail-body\">To jednak nie jedyna stylizacja, jak\u0105 Maryla Rodowicz zaprezentowa\u0142a tego wieczoru. Podczas wykonywania swojego przeboju &#8222;Wsi\u0105\u015b\u0107 do poci\u0105gu&#8221; artystka pojawi\u0142a si\u0119 na scenie w sukni ze z\u0142otym gorsetem i czerwonym, tiulowym do\u0142em, siedz\u0105c na hu\u015btawce ozdobionej kwiatami. Wyst\u0119p u boku dw\u00f3ch m\u0119\u017cczyzn bez koszulek dodatkowo przyci\u0105gn\u0105\u0142 uwag\u0119 widz\u00f3w. Jak si\u0119 jednak okazuje, kulisy tego wyst\u0119pu by\u0142y dalekie od idea\u0142u.<\/p>\n<p>        Maryla Rodowicz ujawni\u0142a kulisy sylwestrowego wyst\u0119pu. Prze\u017cy\u0142a koszmar<\/p>\n<p class=\"article-p\" data-section=\"detail-body\">Maryla Rodowicz zdecydowa\u0142a si\u0119 przerwa\u0107 milczenie i opowiedzie\u0107 o trudno\u015bciach, z jakimi musia\u0142a si\u0119 zmierzy\u0107 na scenie. &#8222;Na scenie, na hu\u015btawce wiatr tak wia\u0142, \u017ce w\u0142osy, grzywka, misternie u\u0142o\u017cona fryzura total, ju\u017c nie mia\u0142am na nic wp\u0142ywu, wszystko posz\u0142o hen sobie. W dodatku ju\u017c na hu\u015btawce okaza\u0142o si\u0119, \u017ce oderwa\u0142 si\u0119 kabelek od prawej s\u0142uchawki. Przez d\u0142u\u017csz\u0105 chwil\u0119 dociska\u0142am s\u0142uchawk\u0119, mia\u0142am nadziej\u0119, \u017ce zadzia\u0142a. Ale to by\u0142a tylko nadzieja. Za kulisami, po zej\u015bciu ze sceny s\u0142uchawka zosta\u0142a mi w r\u0119ku&#8221; \u2014 napisa\u0142a artystka na swoim Instagramie.<\/p>\n<p class=\"article-p\" data-section=\"detail-body\">Maryla Rodowicz podkre\u015bli\u0142a, \u017ce mimo trudno\u015bci technicznych i niesprzyjaj\u0105cych warunk\u00f3w atmosferycznych, mog\u0142a liczy\u0107 na wsparcie os\u00f3b towarzysz\u0105cych jej na scenie. &#8222;Na szcz\u0119\u015bcie panowie \u00bbbujacze\u00ab wytrwali, rozebrani do pasa. Dzi\u0119kuj\u0119 panowie. Uratowali\u015bcie sytuacj\u0119&#8221; \u2014 doda\u0142a, publikuj\u0105c zdj\u0119cie z m\u0119\u017cczyznami, kt\u00f3rzy pomogli jej podczas wyst\u0119pu.<\/p>\n<p class=\"article-p\" data-section=\"detail-body\">Wpis artystki spotka\u0142 si\u0119 z du\u017cym odzewem fan\u00f3w, kt\u00f3rzy docenili jej profesjonalizm i dystans do siebie. Sylwestrowy wyst\u0119p Maryli Rodowicz po raz kolejny pokaza\u0142, \u017ce nawet najwi\u0119ksze gwiazdy musz\u0105 mierzy\u0107 si\u0119 z nieprzewidywalnymi sytuacjami na scenie.<\/p>\n<p class=\"article-p\" data-section=\"detail-body\"><a href=\"https:\/\/ludzie.fakt.pl\/maryla-rodowicz-w-odwaznej-kreacji-na-sylwestrze-dla-wielu-nie-do-zniesienia\/8ldc6hq\" id=\"66709432-004a-4b36-a759-ed7c09b70190\" rel=\"nofollow noopener\" target=\"_blank\">Maryla Rodowicz w odwa\u017cnej kreacji. &#8222;To okazuje si\u0119 dla wielu nie do zniesienia&#8221;<\/a><\/p>\n<p class=\"article-p\" data-section=\"detail-body\"><a href=\"https:\/\/ludzie.fakt.pl\/burza-w-sieci-po-wystepie-maryli-rodowicz-internauci-nie-maja-litosci\/0hzf0lt\" id=\"1b813688-b6dc-4fb7-b063-bbb912d42d19\" rel=\"nofollow noopener\" target=\"_blank\">Awantura w sieci po wyst\u0119pie Rodowicz. Internauci s\u0105 bezlito\u015bni<\/a><\/p>\n<p class=\"article-p\" data-section=\"detail-body\"><a href=\"https:\/\/ludzie.fakt.pl\/maryla-rodowicz-w-kabaretkach-i-kozakach-po-sama-udo-doda-mowi-wprost\/p6lgw3r\" id=\"ea186704-a6e9-4b19-b5ed-a5b18873f5ef\" rel=\"nofollow noopener\" target=\"_blank\">Maryla Rodowicz w odwa\u017cnej kreacji. O komentarz pokusi\u0142a si\u0119 Doda<\/a><\/p>\n","protected":false},"excerpt":{"rendered":"Wyst\u0119p Maryli Rodowicz podczas &#8222;Sylwestra z Dw\u00f3jk\u0105&#8221; wzbudzi\u0142 ogromne emocje i wywo\u0142a\u0142 lawin\u0119 komentarzy w mediach spo\u0142eczno\u015bciowych. Artystka,&hellip;\n","protected":false},"author":2,"featured_media":185767,"comment_status":"","ping_status":"","sticky":false,"template":"","format":"standard","meta":{"footnotes":""},"categories":[22],"tags":[122,42,38,40,39,41,123],"class_list":{"0":"post-185766","1":"post","2":"type-post","3":"status-publish","4":"format-standard","5":"has-post-thumbnail","7":"category-rozrywka","8":"tag-entertainment","9":"tag-pl","10":"tag-poland","11":"tag-polish","12":"tag-polska","13":"tag-polski","14":"tag-rozrywka"},"share_on_mastodon":{"url":"https:\/\/pubeurope.com\/@pl\/115832767312970503","error":""},"_links":{"self":[{"href":"https:\/\/www.europesays.com\/pl\/wp-json\/wp\/v2\/posts\/185766","targetHints":{"allow":["GET"]}}],"collection":[{"href":"https:\/\/www.europesays.com\/pl\/wp-json\/wp\/v2\/posts"}],"about":[{"href":"https:\/\/www.europesays.com\/pl\/wp-json\/wp\/v2\/types\/post"}],"author":[{"embeddable":true,"href":"https:\/\/www.europesays.com\/pl\/wp-json\/wp\/v2\/users\/2"}],"replies":[{"embeddable":true,"href":"https:\/\/www.europesays.com\/pl\/wp-json\/wp\/v2\/comments?post=185766"}],"version-history":[{"count":0,"href":"https:\/\/www.europesays.com\/pl\/wp-json\/wp\/v2\/posts\/185766\/revisions"}],"wp:featuredmedia":[{"embeddable":true,"href":"https:\/\/www.europesays.com\/pl\/wp-json\/wp\/v2\/media\/185767"}],"wp:attachment":[{"href":"https:\/\/www.europesays.com\/pl\/wp-json\/wp\/v2\/media?parent=185766"}],"wp:term":[{"taxonomy":"category","embeddable":true,"href":"https:\/\/www.europesays.com\/pl\/wp-json\/wp\/v2\/categories?post=185766"},{"taxonomy":"post_tag","embeddable":true,"href":"https:\/\/www.europesays.com\/pl\/wp-json\/wp\/v2\/tags?post=185766"}],"curies":[{"name":"wp","href":"https:\/\/api.w.org\/{rel}","templated":true}]}}