{"id":185770,"date":"2026-01-03T19:18:14","date_gmt":"2026-01-03T19:18:14","guid":{"rendered":"https:\/\/www.europesays.com\/pl\/185770\/"},"modified":"2026-01-03T19:18:14","modified_gmt":"2026-01-03T19:18:14","slug":"matka-roza-czacka-opiekunka-wszystkich-niewidomych","status":"publish","type":"post","link":"https:\/\/www.europesays.com\/pl\/185770\/","title":{"rendered":"Matka R\u00f3\u017ca Czacka. Opiekunka wszystkich niewidomych"},"content":{"rendered":"\n<p>&#13;<br \/>\nR\u00f3\u017ca Czacka by\u0142a \u015bwietnym organizatorem, cz\u0142owiekiem bardzo pracowitym. Nigdy nie\u00a0ustawa\u0142a w\u00a0pomocy innym. Swoje \u017cycie po\u015bwi\u0119ci\u0142a niewidomym. By\u0142a pierwsz\u0105 osob\u0105 w\u00a0Polsce, kt\u00f3ra zwr\u00f3ci\u0142a uwag\u0119 na\u00a0problemy os\u00f3b niewidz\u0105cych oraz\u00a0s\u0142abo widz\u0105cych. &#13;\n<\/p>\n<p>Tragedia przekuta w\u00a0nadziej\u0119<\/p>\n<p>&#13;<br \/>\nR\u00f3\u017ca Czacka urodzi\u0142a si\u0119 22 pa\u017adziernika 1876 roku w\u00a0pa\u0142acu Branickich w\u00a0Bia\u0142ej Cerkwi na\u00a0Kresach. By\u0142a c\u00f3rk\u0105 Feliksa Czackiego herbu \u015awinka i\u00a0Zofii z\u00a0domu Led\u00f3chowskiej. Gdy R\u00f3\u017ca mia\u0142a sze\u015b\u0107 lat jej rodzina przenios\u0142a si\u0119 do\u00a0Warszawy i\u00a0zamieszka\u0142a w\u00a0Pa\u0142acu Krasi\u0144skich przy Krakowskim Przedmie\u015bciu, a\u00a0p\u00f3\u017aniej w\u00a0pa\u0142acu Janasz\u00f3w przy ulicy Zielnej. W\u00a0jej \u017cyciu od\u00a0dziecka bardzo wa\u017cn\u0105 rol\u0119 odgrywa\u0142a babcia, ksi\u0119\u017cna Pelagia Czacka z\u00a0domu Sapieha, kt\u00f3ra dba\u0142a o\u00a0rozw\u00f3j duchowy swojej wnuczki i\u00a0zach\u0119ca\u0142a j\u0105 do\u00a0modlitwy oraz\u00a0kultu Eucharystii. &#13;\n<\/p>\n<p>&#13;<br \/>\nW 1894 roku R\u00f3\u017ca Czacka spad\u0142a z\u00a0konia podczas przeja\u017cd\u017cki. Ju\u017c wcze\u015bniej mia\u0142a k\u0142opoty ze\u00a0wzrokiem, co\u00a0by\u0142a przypad\u0142o\u015bci\u0105 dziedziczn\u0105 w\u00a0jej rodzinie, jednak wypadek spowodowa\u0142 ca\u0142kowit\u0105 utrat\u0119 widzenia. Od\u00a01898 roku R\u00f3\u017ca by\u0142a zupe\u0142nie niewidoma. Rodzina pr\u00f3bowa\u0142a jej pom\u00f3c, lecz medycyna by\u0142a bezsilna i\u00a0\u017cadne operacje oraz\u00a0konsultacje medyczne nie\u00a0przynosi\u0142y efektu. R\u00f3\u017ca musia\u0142a pogodzi\u0107 si\u0119 ze\u00a0swoim kalectwem. Prze\u0142omow\u0105 chwil\u0105 mia\u0142a by\u0107 dla\u00a0niej rozmowa z\u00a0lekarzem, Boles\u0142awem Gepnerem, kt\u00f3ry \u2013\u00a0cho\u0107 pozbawi\u0142 R\u00f3\u017c\u0119 wszelkich z\u0142udze\u0144, co\u00a0do\u00a0mo\u017cliwo\u015bci wyleczenia, to\u00a0jednocze\u015bnie wla\u0142 w\u00a0jej serce otuch\u0119. Poradzi\u0142, aby\u00a0niewidoma m\u0142oda dziewczyna zaj\u0119\u0142a si\u0119 innymi osobami cierpi\u0105cymi na\u00a0t\u0119 sam\u0105 przypad\u0142o\u015b\u0107, gdy\u017c nikt jak dot\u0105d si\u0119 nimi w\u00a0Polsce nie\u00a0zajmowa\u0142. &#13;\n<\/p>\n<p>&#13;<br \/>\n<img decoding=\"async\" src=\"https:\/\/www.europesays.com\/pl\/wp-content\/uploads\/2026\/01\/fb41997bfba95fbd61dfc95f988d.jpeg\" alt=\"Hrabianka R\u00f3\u017ca Czacka\" width=\"680\" height=\"396\" data-width=\"1200\" data-height=\"699\" data-schema=\"DORZECZY\" loading=\"lazy\"\/>&#13;\n<\/p>\n<p>&#13;<br \/>\nR\u00f3\u017ca Czacka wzi\u0119\u0142a do\u00a0serca s\u0142owa lekarza, cho\u0107 na\u00a0pocz\u0105tku sama musia\u0142a przystosowa\u0107 si\u0119 do\u00a0nowej sytuacji i\u00a0nauczy\u0107 si\u0119 \u017cy\u0107 ze\u00a0swoj\u0105 niepe\u0142nosprawno\u015bci\u0105. Opanowa\u0142a alfabet Braille\u2019a, a\u00a0tak\u017ce zainteresowa\u0142a si\u0119 dotychczasowymi osi\u0105gni\u0119ciami z\u00a0zakresu tyflologii (nauka zajmuj\u0105ca si\u0119 utrat\u0105 wzroku). &#13;\n<\/p>\n<p>Opiekunka i\u00a0administratorka<\/p>\n<p>&#13;<br \/>\n19 listopada 1908 roku, z\u00a0inicjatywy R\u00f3\u017cy Czackiej, powsta\u0142o Towarzystwo Opieki nad Ociemnia\u0142ymi. Dwa lata p\u00f3\u017aniej za\u0142o\u017cy\u0142a ona schronisko dla\u00a0niewidomych w\u00a0Warszawie, kt\u00f3re finansowa\u0142a z\u00a0w\u0142asnych funduszy. Od\u00a01911 roku zacz\u0119\u0142y powstawa\u0107 kolejne instytucje, gdzie niewidomi mogli otrzyma\u0107 opiek\u0119. By\u0142y to\u00a0m.in. ochronka dla\u00a0najmniejszych dzieci, szko\u0142a powszechna, biblioteka brajlowska oraz\u00a0warsztaty, w\u00a0trakcie kt\u00f3rych niewidomi uczyli si\u0119 praktycznych umiej\u0119tno\u015bci. Towarzystwo rozrasta\u0142o si\u0119 i\u00a0z\u00a0czasem przeniesiono je\u00a0do\u00a0nowej, wi\u0119kszej siedziby przy ulicy Z\u0142otej w\u00a0Warszawie. &#13;\n<\/p>\n<p>&#13;<br \/>\n<img decoding=\"async\" src=\"https:\/\/www.europesays.com\/pl\/wp-content\/uploads\/2026\/01\/3bacae84884c64eb826470827542.jpeg\" alt=\". Msza \u015bwi\u0119ta i\u00a0modlitwie o\u00a0owoce beatyfikacji Prymasa Tysi\u0105clecia i\u00a0Matki El\u017cbiety R\u00f3\u017cy Czackiej w\u00a0warszawskiej archikatedrze \u015bw. Jana Chrzciciela\" width=\"680\" height=\"510\" data-width=\"1848\" data-height=\"1386\" data-schema=\"DORZECZY\" loading=\"lazy\"\/>&#13;\n<\/p>\n<p>&#13;<br \/>\nR\u00f3\u017ca Czacka decyzj\u0119 o\u00a0rozpocz\u0119ciu \u017cycia zakonnego podj\u0119\u0142a w\u00a0okresie pierwszej wojny \u015bwiatowej. 15 sierpnia 1917 roku z\u0142o\u017cy\u0142a \u015bluby wieczyste i\u00a0przywdzia\u0142a habit franciszka\u0144ski, przyjmuj\u0105c imi\u0119 El\u017cbieta od\u00a0Ukrzy\u017cowania Pana Jezusa. Od\u00a0lipca 1918 roku mieszka\u0142a w\u00a0zak\u0142adzie Towarzystwa Opieki nad Ociemnia\u0142ymi przy ul. Polnej w\u00a0Warszawie. Zgromadzenie, kt\u00f3re Ro\u017ca El\u017cbieta Czacka za\u0142o\u017cy\u0142a, przyj\u0119\u0142o nazw\u0119 Zgromadzenia Si\u00f3str Franciszkanek S\u0142u\u017cebnic Krzy\u017ca. Jego charyzmatem by\u0142a s\u0142u\u017cba osobom niewidomym. Od\u00a01 grudnia 1918 roku, po\u00a0otrzymaniu koniecznych pozwole\u0144, do\u00a0Zgromadzenia zacz\u0119\u0142y wst\u0119powa\u0107 nowe kandydatki. R\u00f3\u017ca Czacka zosta\u0142a oficjalnie mianowana prze\u0142o\u017con\u0105 generaln\u0105 Zgromadzenia w\u00a0lutym 1923 roku. &#13;\n<\/p>\n<p>&#13;<br \/>\nOd 25 maja 1918 roku w\u00a0Warszawie przebywa\u0142 nuncjusz apostolski Achille Ratti, p\u00f3\u017aniejszy papie\u017c Pius XI. By\u0142 on jednym z\u00a0doradc\u00f3w i\u00a0przewodnik\u00f3w duchowych R\u00f3\u017cy Czackiej. &#13;\n<\/p>\n<p>&#13;<br \/>\n<img decoding=\"async\" src=\"https:\/\/www.europesays.com\/pl\/wp-content\/uploads\/2026\/01\/8c721d944f298ec6309b26a241f2.jpeg\" alt=\"O\u015brodek Szkolno-Wychowawczy dla\u00a0Dzieci Niewidomych im.\u00a0R\u00f3\u017cy Czackiej w\u00a0Laskach\" width=\"680\" height=\"510\" data-width=\"800\" data-height=\"600\" data-schema=\"DORZECZY\" loading=\"lazy\"\/>&#13;\n<\/p>\n<p>&#13;<br \/>\nOd maja 1921 roku trwa\u0142a budowa wi\u0119kszego o\u015brodka dla\u00a0niewidomych. Opiekunem ca\u0142ego przedsi\u0119wzi\u0119cia, zwanego powszechnie, \u201eDzie\u0142em Lasek\u201d by\u0142 ksi\u0105dz W\u0142adys\u0142aw Karni\u0142owicz. Do\u00a0Lasek zacz\u0119to przenosi\u0107 rozlokowane w\u00a0r\u00f3\u017cnych miejscach plac\u00f3wki. Trafia\u0142y tam dzieci niewidome z\u00a0ubogich rodzin, kt\u00f3re mog\u0142y w\u00a0Laskach ucz\u0119szcza\u0107 do\u00a0szko\u0142y, a\u00a0tak\u017ce nauczy\u0107 si\u0119 r\u00f3\u017cnych praktycznych zaj\u0119\u0107, dzi\u0119ki kt\u00f3rym mog\u0142y p\u00f3\u017aniej znale\u017a\u0107 prac\u0119. W\u00a0Laskach powsta\u0142 tak\u017ce dom Zgromadzenia Si\u00f3str Franciszkanek S\u0142u\u017cebnic Krzy\u017ca. &#13;\n<\/p>\n<p>&#13;<br \/>\nPodwarszawskie Laski t\u0119tni\u0142y \u017cyciem. Opr\u00f3cz szko\u0142y i\u00a0warsztat\u00f3w, funkcjonowa\u0142y tam ksi\u0119garnia, wydawnictwo, biblioteka i\u00a0dom rekolekcyjny. We\u00a0wszystkie dzia\u0142ania niezmiennie zaanga\u017cowana by\u0142a R\u00f3\u017ca El\u017cbieta Czacka. Laski powsta\u0142y dzi\u0119ki jej pracy i\u00a0determinacji, cho\u0107 oczywi\u015bcie przy pomocy licznych \u017cyczliwych ludzi. &#13;\n<\/p>\n<p>&#13;<br \/>\nW roku 1922 matka R\u00f3\u017ca zachorowa\u0142a na\u00a0nowotw\u00f3r piersi i\u00a0przesz\u0142a dwie operacje. Cho\u0107 os\u0142abiona, nie\u00a0porzuci\u0142a swojej pracy. Wci\u0105\u017c pracowa\u0142a nad polepszeniem losu niepe\u0142nosprawnych. R\u00f3\u017ca Czacka bezpo\u015brednio przyczyni\u0142a si\u0119 do\u00a0powstania systemu brajlowskiego, kt\u00f3ry zosta\u0142 przyj\u0119ty jako obowi\u0105zuj\u0105cy Polsce. &#13;\n<\/p>\n<p>&#13;<br \/>\n<img decoding=\"async\" src=\"https:\/\/www.europesays.com\/pl\/wp-content\/uploads\/2026\/01\/146b3a7559191ef76f343c6f08d7.jpeg\" alt=\"Relikwiarz Matki El\u017cbiety Czackiej. Rze\u017ab\u0119 wykona\u0142 Marek Szala\" width=\"680\" height=\"907\" data-width=\"800\" data-height=\"1067\" data-schema=\"DORZECZY\" loading=\"lazy\"\/>&#13;\n<\/p>\n<p>&#13;<br \/>\nW czasie drugiej wojny \u015bwiatowej, kiedy Niemcy bombardowali Warszaw\u0119, R\u00f3\u017ca Czacka zosta\u0142a ranna w\u00a0g\u0142ow\u0119 i\u00a0straci\u0142a oko. W\u00a0tym czasie (w latach 1942-1945) w\u00a0Laskach pracowa\u0142 p\u00f3\u017aniejszy kardyna\u0142, a\u00a0w\u00f3wczas ksi\u0105dz Stefan Wyszy\u0144ski. &#13;\n<\/p>\n<p>&#13;<br \/>\nStan zdrowia R\u00f3\u017cy Czackiej systematycznie si\u0119 pogarsza\u0142. D\u0142ugo stara\u0142a si\u0119 nie\u00a0rezygnowa\u0107 z\u00a0pracy, lecz po\u00a0udarze m\u00f3zgu, jaki przesz\u0142a w\u00a01948 roku, musia\u0142a odej\u015b\u0107 z\u00a0funkcji prze\u0142o\u017conej generalnej Zgromadzenia. Jej nast\u0119pczyni\u0105 zosta\u0142a siostra Wies\u0142awa Benedykta Walicka-Woyczy\u0144ska. W\u00a0ostatnich latach \u017cycia R\u00f3\u017ca El\u017cbieta Czacka by\u0142a ju\u017c bardzo chora. Zmar\u0142a 15 maja 1961 roku w\u00a0Laskach. Cztery dni p\u00f3\u017aniej odby\u0142 si\u0119 jej pogrzeb, kt\u00f3remu przewodniczy\u0142 kardyna\u0142 Stefan Wyszy\u0144ski. &#13;\n<\/p>\n<p>&#13;<br \/>\nDzie\u0142o Lasek, kt\u00f3re Matka El\u017cbieta nazywa\u0142a \u201eDzie\u0142em z\u00a0Boga i\u00a0dla Boga\u201d, istnieje nadal. O\u015brodek jest pr\u0119\u017cnie dzia\u0142aj\u0105c\u0105 plac\u00f3wk\u0105 i\u00a0od lat pomaga niewidomym i\u00a0s\u0142abo widz\u0105cym dzieciom i\u00a0doros\u0142ym oraz\u00a0ich rodzinom. &#13;\n<\/p>\n<p>&#13;<br \/>\nJu\u017c w\u00a0chwili \u015bmierci, najbli\u017csi wsp\u00f3\u0142pracownicy R\u00f3\u017cy Czackiej byli przekonani o\u00a0jej \u015bwi\u0119to\u015bci. Proces wyniesienia jej na\u00a0o\u0142tarze trwa\u0142 od\u00a0lat 80. W\u00a01988 roku uznano j\u0105 za\u00a0S\u0142u\u017cebnic\u0119 Bo\u017c\u0105. 9\u00a0pa\u017adziernika 2017 za\u00a0zgod\u0105 papie\u017ca Franciszka promulgowano dekret o\u00a0heroiczno\u015bci jej \u017cycia i\u00a0cn\u00f3t \u2013\u00a0przys\u0142ugiwa\u0142 jej zatem tytu\u0142 Czcigodnej S\u0142u\u017cebnicy Bo\u017cej. 12 wrze\u015bnia 2021 roku w\u00a0Warszawie odby\u0142a si\u0119 beatyfikacja R\u00f3\u017cy Czackiej, Matki El\u017cbiety. &#13;\n<\/p>\n<p>&#13;<br \/>\nCzytaj te\u017c:<br \/><a href=\"https:\/\/historia.dorzeczy.pl\/historia-wspolczesna\/798408\/stefan-wyszynski-niezlomny-prymas-i-walka-komunistow-z-kosciolem.html\" rel=\"follow nofollow noopener\" data-schema=\"DORZECZY\" data-image=\"https:\/\/img.dorzeczy.pl\/_thumb\/ac\/fc\/e23d8dd0433c6470e1c824df38c8.jpeg\" target=\"_blank\">Niez\u0142omny Prymas. Komuni\u015bci walczyli z\u00a0nim przez ponad trzy dekady<\/a>Czytaj te\u017c:<br \/><a href=\"https:\/\/historia.dorzeczy.pl\/dwudziestolecie-miedzywojenne\/782319\/szczepanska-wilno-miasto-bozego-milosierdzia.html\" rel=\"follow nofollow noopener\" data-schema=\"DORZECZY\" data-image=\"https:\/\/img.dorzeczy.pl\/_thumb\/98\/ec\/d53a3f7d73d5e05a107134021761.jpeg\" target=\"_blank\">Miasto mi\u0142osierdzia<\/a>Czytaj te\u017c:<br \/><a href=\"https:\/\/historia.dorzeczy.pl\/prl\/794331\/jerzy-popieluszko-odwazny-kaplan-zabity-za-mowienie-prawdy.html\" rel=\"follow nofollow noopener\" data-schema=\"DORZECZY\" data-image=\"https:\/\/img.dorzeczy.pl\/_thumb\/a5\/f7\/262d5266b756f8ac9639ef915519.jpeg\" target=\"_blank\">Zabity za\u00a0m\u00f3wienie prawdy. By\u0142 sol\u0105 w\u00a0oku komunistycznego re\u017cimu<\/a>&#13;<\/p>\n","protected":false},"excerpt":{"rendered":"&#13; R\u00f3\u017ca Czacka by\u0142a \u015bwietnym organizatorem, cz\u0142owiekiem bardzo pracowitym. Nigdy nie\u00a0ustawa\u0142a w\u00a0pomocy innym. Swoje \u017cycie po\u015bwi\u0119ci\u0142a niewidomym. By\u0142a&hellip;\n","protected":false},"author":2,"featured_media":185771,"comment_status":"","ping_status":"","sticky":false,"template":"","format":"standard","meta":{"footnotes":""},"categories":[12],"tags":[4624,36382,20533,32,33,36379,98,10669,36381,36378,36,37,27,291,4626,3375,36380,34,35,10670,10530,28,31,25,42,38,40,39,41,33505,29,30,26,10666],"class_list":{"0":"post-185770","1":"post","2":"type-post","3":"status-publish","4":"format-standard","5":"has-post-thumbnail","7":"category-polska","8":"tag-anna-szczepanska","9":"tag-beatyfikacja","10":"tag-biografia","11":"tag-breaking-news","12":"tag-breakingnews","13":"tag-czacka","14":"tag-dorzeczy","15":"tag-dwudziestolecie-miedzywojenne","16":"tag-dzielo-lasek","17":"tag-elzbieta","18":"tag-featured-news","19":"tag-featurednews","20":"tag-headlines","21":"tag-historia","22":"tag-historia-wspolczesna","23":"tag-ii-wojna-swiatowa","24":"tag-laski","25":"tag-latest-news","26":"tag-latestnews","27":"tag-ludzie","28":"tag-matka","29":"tag-naglowki","30":"tag-najwazniejsze-artykuly","31":"tag-news","32":"tag-pl","33":"tag-poland","34":"tag-polish","35":"tag-polska","36":"tag-polski","37":"tag-roza","38":"tag-top-stories","39":"tag-topstories","40":"tag-wiadomosci","41":"tag-zycie"},"share_on_mastodon":{"url":"https:\/\/pubeurope.com\/@pl\/115832783048607568","error":""},"_links":{"self":[{"href":"https:\/\/www.europesays.com\/pl\/wp-json\/wp\/v2\/posts\/185770","targetHints":{"allow":["GET"]}}],"collection":[{"href":"https:\/\/www.europesays.com\/pl\/wp-json\/wp\/v2\/posts"}],"about":[{"href":"https:\/\/www.europesays.com\/pl\/wp-json\/wp\/v2\/types\/post"}],"author":[{"embeddable":true,"href":"https:\/\/www.europesays.com\/pl\/wp-json\/wp\/v2\/users\/2"}],"replies":[{"embeddable":true,"href":"https:\/\/www.europesays.com\/pl\/wp-json\/wp\/v2\/comments?post=185770"}],"version-history":[{"count":0,"href":"https:\/\/www.europesays.com\/pl\/wp-json\/wp\/v2\/posts\/185770\/revisions"}],"wp:featuredmedia":[{"embeddable":true,"href":"https:\/\/www.europesays.com\/pl\/wp-json\/wp\/v2\/media\/185771"}],"wp:attachment":[{"href":"https:\/\/www.europesays.com\/pl\/wp-json\/wp\/v2\/media?parent=185770"}],"wp:term":[{"taxonomy":"category","embeddable":true,"href":"https:\/\/www.europesays.com\/pl\/wp-json\/wp\/v2\/categories?post=185770"},{"taxonomy":"post_tag","embeddable":true,"href":"https:\/\/www.europesays.com\/pl\/wp-json\/wp\/v2\/tags?post=185770"}],"curies":[{"name":"wp","href":"https:\/\/api.w.org\/{rel}","templated":true}]}}