{"id":185788,"date":"2026-01-03T19:35:21","date_gmt":"2026-01-03T19:35:21","guid":{"rendered":"https:\/\/www.europesays.com\/pl\/185788\/"},"modified":"2026-01-03T19:35:21","modified_gmt":"2026-01-03T19:35:21","slug":"matylda-damiecka-dodala-grafike-tuz-po-sylwestrze-jak-zwykle-w-punkt","status":"publish","type":"post","link":"https:\/\/www.europesays.com\/pl\/185788\/","title":{"rendered":"Matylda Dami\u0119cka doda\u0142a grafik\u0119 tu\u017c po sylwestrze. &#8222;Jak zwykle w punkt&#8221;"},"content":{"rendered":"<p class=\"ods-c-paragraph \">Matylda Dami\u0119cka na co dzie\u0144 tworzy duet Matylda\/\u0141ukasiewicz, jednak to jej grafiki publikowane w mediach spo\u0142eczno\u015bciowych b\u0142yskawicznie podbijaj\u0105 internet. 40-latka tworzy ilustracje odnosz\u0105ce si\u0119 zar\u00f3wno do aktualnych wydarze\u0144 politycznych, jak i kulturalnych. Cz\u0119sto podejmuje r\u00f3wnie\u017c tematy spo\u0142eczne m.in. nied\u0142ugo przed sylwestrem <a href=\"https:\/\/plejada.pl\/newsy\/matylda-damiecka-z-mocnymi-grafikami-przed-sylwestrem-zaapelowala-do-internautow\/kngp8g5\" id=\"75ce6bb4-99b2-46fc-840c-aa6898c025fb\" rel=\"nofollow noopener\" target=\"_blank\">apelowa\u0142a o rezygnacj\u0119 ze strzelania fajerwerkami.<\/a><\/p>\n<p>Dalszy ci\u0105g artyku\u0142u pod materia\u0142em wideo<\/p>\n<p> Jakie \u017cyczenia noworoczne przekaza\u0142a Matylda Dami\u0119cka? <\/p>\n<p> Co s\u0105dz\u0105 internauci o grafice Matyldy Dami\u0119ckiej? <\/p>\n<p> Jakie tematy podejmuje Matylda Dami\u0119cka w swoich ilustracjach? <\/p>\n<p> Czym zajmuje si\u0119 Matylda Dami\u0119cka na co dzie\u0144? <\/p>\n<p>  Matylda Dami\u0119cka doda\u0142a grafik\u0119 tu\u017c po sylwestrze. &#8222;Jak zwykle w punkt&#8221;<\/p>\n<p class=\"ods-c-paragraph \">W Nowy Rok Matylda Dami\u0119cka postanowi\u0142a wymownie przekaza\u0107 kr\u00f3tkie \u017cyczenia internautom.<\/p>\n<blockquote class=\"ods-o-quota\"><\/blockquote>\n<p class=\"ods-c-paragraph \">\u2014 czytamy na grafice, kt\u00f3ra jest jednocze\u015bnie nawi\u0105zaniem do tytu\u0142u piosenki duetu Matylda\/\u0141ukasiewicz. Ilustracj\u0119 opatrzy\u0142a hasztagiem: &#8222;W nieciekawych czasach po\u017cy\u0107 przez moment&#8221;. Pod wpisem pojawi\u0142a si\u0119 lawina komentarzy.<\/p>\n<blockquote class=\"ods-o-quota\">\n<p class=\"ods-o-quota__paragraph\">Chcia\u0142abym, ale nie jestem optymistk\u0105<\/p>\n<\/blockquote>\n<blockquote class=\"ods-o-quota\">\n<p class=\"ods-o-quota__paragraph\">To s\u0105 bardzo dobre \u017cyczenia<\/p>\n<\/blockquote>\n<blockquote class=\"ods-o-quota\">\n<p class=\"ods-o-quota__paragraph\">Bardzo trafne, oby by\u0142 nudny. Ze wzajemno\u015bci\u0105<\/p>\n<\/blockquote>\n<p class=\"ods-c-paragraph \">&#8222;Dok\u0142adnie! I wzajemnie&#8221;, &#8222;Matylda, jak zwykle w punkt&#8221;, &#8222;Przyjmuj\u0119 pierwsze takie, ale jak\u017ce trafne \u017cyczenia. Wzajemnie pani Matyldo&#8221;, &#8222;Oj tak&#8221; \u2014 napisali u\u017cytkownicy.<\/p>\n<p><img decoding=\"async\" src=\"https:\/\/www.europesays.com\/pl\/wp-content\/uploads\/2026\/01\/foPk9lBaHR0cHM6Ly9vY2RuLmV1L3B1bHNjbXMvTURBXy8wZDU3Y2VjODZlMjcyZGM5Y2Q2MWE5NzRiYzdkYTZjNy5qcGeRlQLNA.jpeg\" height=\"529\" width=\"940\" alt=\"Matylda Dami\u0119cka\" loading=\"lazy\" class=\"ods-c-image__img ods-c-image__img--vertical\"\/><\/p>\n<p>Matylda Dami\u0119ckaAndras Szylagyi \/ MW Media<\/p>\n<p class=\"ods-c-paragraph \">Dzi\u0119kujemy, \u017ce przeczyta\u0142a\u015b\/e\u015b nasz artyku\u0142 do ko\u0144ca.\u202fW serwisie Plejada.pl ka\u017cdego dnia piszemy o najwa\u017cniejszych wydarzeniach show-biznesowych.\u202fB\u0105d\u017a na bie\u017c\u0105co!\u202f<a rel=\"nofollow noopener\" href=\"https:\/\/news.google.com\/publications\/CAAiEF0PeAlb7W1llpV_mwV2rL4qFAgKIhBdD3gJW-1tZZaVf5sFdqy-?hl=pl&amp;gl=PL&amp;ceid=PL%3Apl\" id=\"ff3116e7-cbaa-4086-898e-fce33f2a3567\" target=\"_blank\">Obserwuj<\/a>\u202fPlejad\u0119 w Google. Odwied\u017a nas tak\u017ce na\u202f<a rel=\"nofollow noopener\" href=\"https:\/\/www.facebook.com\/plejadapl\" id=\"b3f1f0a6-62a4-40c6-9a00-003f0535c55c\" target=\"_blank\">Facebooku<\/a>,\u202f<a rel=\"nofollow noopener\" href=\"https:\/\/www.instagram.com\/plejadapl\/\" id=\"dbd409d4-5fc0-44e3-a5ba-339cfb94e4f1\" target=\"_blank\">Instagramie<\/a>,\u202f<a rel=\"nofollow noopener\" href=\"https:\/\/www.youtube.com\/c\/plejada\" id=\"0eb98b76-83fb-4ce9-9d35-1077de2569a1\" target=\"_blank\">YouTubie<\/a>\u202foraz\u202f<a rel=\"nofollow noopener\" href=\"https:\/\/www.tiktok.com\/@plejada_pl\" id=\"382d3f3b-3a00-47c2-82be-a10205aa89d8\" target=\"_blank\">TikToku<\/a>.<\/p>\n<p class=\"ods-c-paragraph \">Chcesz podzieli\u0107 si\u0119 ciekawym newsem lub zaproponowa\u0107 temat? Skontaktuj si\u0119 z nami, pisz\u0105c maila na adres:\u202f<a rel=\"nofollow noopener\" href=\"https:\/\/plejada.pl\/newsy\/matylda-damiecka-dodala-grafike-tuz-po-sylwestrze-jak-zwykle-w-punkt\/mailto:plejada@redakcjaonet.pl\" id=\"3fafc5aa-8337-4755-9878-923bfc07daf8\" target=\"_blank\">plejada@redakcjaonet.pl<\/a>.<\/p>\n<p><script async src=\"\/\/www.instagram.com\/embed.js\"><\/script><script async src=\"\/\/www.tiktok.com\/embed.js\"><\/script><\/p>\n","protected":false},"excerpt":{"rendered":"Matylda Dami\u0119cka na co dzie\u0144 tworzy duet Matylda\/\u0141ukasiewicz, jednak to jej grafiki publikowane w mediach spo\u0142eczno\u015bciowych b\u0142yskawicznie podbijaj\u0105&hellip;\n","protected":false},"author":2,"featured_media":185789,"comment_status":"","ping_status":"","sticky":false,"template":"","format":"standard","meta":{"footnotes":""},"categories":[22],"tags":[122,28194,48,125,46,42,38,40,39,41,123,47],"class_list":{"0":"post-185788","1":"post","2":"type-post","3":"status-publish","4":"format-standard","5":"has-post-thumbnail","7":"category-rozrywka","8":"tag-entertainment","9":"tag-matylda_damiecka","10":"tag-nat_styl","11":"tag-newsy","12":"tag-omp","13":"tag-pl","14":"tag-poland","15":"tag-polish","16":"tag-polska","17":"tag-polski","18":"tag-rozrywka","19":"tag-screening_general"},"share_on_mastodon":{"url":"https:\/\/pubeurope.com\/@pl\/115832849883118900","error":""},"_links":{"self":[{"href":"https:\/\/www.europesays.com\/pl\/wp-json\/wp\/v2\/posts\/185788","targetHints":{"allow":["GET"]}}],"collection":[{"href":"https:\/\/www.europesays.com\/pl\/wp-json\/wp\/v2\/posts"}],"about":[{"href":"https:\/\/www.europesays.com\/pl\/wp-json\/wp\/v2\/types\/post"}],"author":[{"embeddable":true,"href":"https:\/\/www.europesays.com\/pl\/wp-json\/wp\/v2\/users\/2"}],"replies":[{"embeddable":true,"href":"https:\/\/www.europesays.com\/pl\/wp-json\/wp\/v2\/comments?post=185788"}],"version-history":[{"count":0,"href":"https:\/\/www.europesays.com\/pl\/wp-json\/wp\/v2\/posts\/185788\/revisions"}],"wp:featuredmedia":[{"embeddable":true,"href":"https:\/\/www.europesays.com\/pl\/wp-json\/wp\/v2\/media\/185789"}],"wp:attachment":[{"href":"https:\/\/www.europesays.com\/pl\/wp-json\/wp\/v2\/media?parent=185788"}],"wp:term":[{"taxonomy":"category","embeddable":true,"href":"https:\/\/www.europesays.com\/pl\/wp-json\/wp\/v2\/categories?post=185788"},{"taxonomy":"post_tag","embeddable":true,"href":"https:\/\/www.europesays.com\/pl\/wp-json\/wp\/v2\/tags?post=185788"}],"curies":[{"name":"wp","href":"https:\/\/api.w.org\/{rel}","templated":true}]}}