{"id":185813,"date":"2026-01-03T20:01:13","date_gmt":"2026-01-03T20:01:13","guid":{"rendered":"https:\/\/www.europesays.com\/pl\/185813\/"},"modified":"2026-01-03T20:01:13","modified_gmt":"2026-01-03T20:01:13","slug":"rak-pluca-to-najczestszy-i-najbardziej-zabojczy-nowotwor-w-polsce-choruja-coraz-mlodsi-i-zdrowsi","status":"publish","type":"post","link":"https:\/\/www.europesays.com\/pl\/185813\/","title":{"rendered":"Rak p\u0142uca to najcz\u0119stszy i najbardziej zab\u00f3jczy nowotw\u00f3r w Polsce. Choruj\u0105 coraz m\u0142odsi i zdrowsi"},"content":{"rendered":"<ul class=\"ods-m-bullet-list\">\n<li class=\"ods-a-bullet ods-a-bullet--bold\"> Rak p\u0142uca odpowiada za 20 proc. zgon\u00f3w nowotworowych w Polsce, z wysokim wska\u017anikiem umieralno\u015bci w por\u00f3wnaniu do \u015bredniej unijnej <\/li>\n<li class=\"ods-a-bullet ods-a-bullet--bold\"> Nowoczesne terapie, takie jak immunoterapia i leczenie ukierunkowane molekularnie, s\u0105 dost\u0119pne, ale ich wykorzystanie w Polsce jest ograniczone <\/li>\n<li class=\"ods-a-bullet ods-a-bullet--bold\"> Wzrost zachorowa\u0144 u m\u0142odych, niepal\u0105cych os\u00f3b podkre\u015bla potrzeb\u0119 rozszerzenia diagnostyki molekularnej i zwi\u0119kszenia czujno\u015bci onkologicznej <\/li>\n<li class=\"ods-a-bullet ods-a-bullet--bold\"> Planowane jest wdro\u017cenie programu bada\u0144 przesiewowych z wykorzystaniem niskodawkowej tomografii komputerowej oraz rozw\u00f3j wyspecjalizowanych o\u015brodk\u00f3w Lung Cancer Units <\/li>\n<li class=\"ods-a-bullet ods-a-bullet--bold\"> <a href=\"https:\/\/www.onet.pl\/#utm_source=detal&amp;utm_medium=referral&amp;utm_campaign=back_to_onet_bullet\" rel=\"nofollow noopener\" target=\"_blank\">Wi\u0119cej aktualnych wiadomo\u015bci znajdziesz na stronie g\u0142\u00f3wnej Onetu<\/a> <\/li>\n<li id=\"ods-a-bullet-czat-ai-summary\" data-section=\"ochat-summary-link\" class=\"ods-a-bullet ods-a-bullet--czatai\"> <a href=\"#\"><br \/>\n    Du\u017co czytania, a ma\u0142o czasu? Sprawd\u017a skr\u00f3t artyku\u0142u<br \/>\n<\/a> <\/li>\n<\/ul>\n<p>SPIS TRE\u015aCI<\/p>\n<ol class=\"ods-a-table-of-content__items\">\n<li class=\"ods-a-table-of-content__item\"><a href=\"#toc-co-piaty-nowotwor-to-rak-pluca\" class=\"ods-a-table-of-content__link\">Co pi\u0105ty nowotw\u00f3r to rak p\u0142uca<\/a><\/li>\n<li class=\"ods-a-table-of-content__item\"><a href=\"#toc-diagnoze-opoznia-czas-oczekiwania-na-badania\" class=\"ods-a-table-of-content__link\">Diagnoz\u0119 op\u00f3\u017ania czas oczekiwania na badania<\/a><\/li>\n<li class=\"ods-a-table-of-content__item\"><a href=\"#toc-nowoczesne-leczenie-jest-ale-w-polsce-nie-dosc-wykorzystywane\" class=\"ods-a-table-of-content__link\">Nowoczesne leczenie jest, ale w Polsce nie do\u015b\u0107 wykorzystywane<\/a><\/li>\n<li class=\"ods-a-table-of-content__item\"><a href=\"#toc-mlodzi-z-rakiem-pluca-wymagaja-innego-podejscia\" class=\"ods-a-table-of-content__link\">M\u0142odzi z rakiem p\u0142uca wymagaj\u0105 innego podej\u015bcia<\/a><\/li>\n<\/ol>\n<p>Co pi\u0105ty nowotw\u00f3r to rak p\u0142uca<\/p>\n<p class=\"ods-c-paragraph \"><a href=\"https:\/\/www.medonet.pl\/t\/rak-pluca\/10865\" id=\"04f9932c-d055-4592-b081-405c09b6dd19\" rel=\"nofollow noopener\" target=\"_blank\">Rak p\u0142uca<\/a> pozostaje jednym z najwi\u0119kszych wyzwa\u0144 zdrowotnych, odpowiadaj\u0105c za blisko 20 proc. wszystkich zgon\u00f3w nowotworowych i b\u0119d\u0105c g\u0142\u00f3wn\u0105 przyczyn\u0105 \u015bmiertelno\u015bci zar\u00f3wno w\u015br\u00f3d m\u0119\u017cczyzn, jak i kobiet. Ka\u017cdego roku diagnoz\u0119 s\u0142yszy ponad 21 tys. os\u00f3b, a podobna liczba pacjent\u00f3w umiera, co plasuje Polsk\u0119 w niechlubnej czo\u0142\u00f3wce pa\u0144stw Unii Europejskiej z najwy\u017cszymi wska\u017anikami umieralno\u015bci (70,5 na 100 tys. os\u00f3b przy \u015bredniej unijnej wynosz\u0105cej 52). Prognozy s\u0105 jeszcze bardziej alarmuj\u0105ce: do 2040 r. liczba zachorowa\u0144 mo\u017ce wzrosn\u0105\u0107 do blisko 37 tys. rocznie.<\/p>\n<p class=\"ods-c-paragraph \">Nadrz\u0119dnym celem strategii Polskiej Grupy Raka P\u0142uc jest odwr\u00f3cenie tych trend\u00f3w poprzez obni\u017cenie odsetka zgon\u00f3w z 24 proc. do ok. 15 proc. oraz podniesienie wska\u017anika 5-letnich prze\u017cy\u0107 z obecnych 14 proc. do co najmniej 20 proc. do roku 2034. Osi\u0105gni\u0119cie tych za\u0142o\u017ce\u0144 opiera si\u0119 na trzech strategicznych filarach: radykalnym zwi\u0119kszeniu odsetka wczesnych rozpozna\u0144, usprawnieniu i pe\u0142nym finansowaniu kompleksowej diagnostyki predykcyjnej oraz wdro\u017ceniu modelu wyspecjalizowanych o\u015brodk\u00f3w kompetencji typu Lung Cancer Units (LCU).<\/p>\n<p class=\"ods-c-paragraph \">Podstawowym czynnikiem ryzyka nowotworu p\u0142uca pozostaje palenie tytoniu, odpowiedzialne za ok. 90 proc. przypadk\u00f3w. Dlatego te\u017c strategia bazuje na stworzeniu og\u00f3lnopolskiej sieci co najmniej 16 poradni pomocy pal\u0105cym (po jednej w ka\u017cdym wojew\u00f3dztwie) oraz wdro\u017ceniu intensywnej edukacji zdrowotnej w szko\u0142ach od 2025 r.<\/p>\n<p>Dalszy ci\u0105g artyku\u0142u pod materia\u0142em wideo<\/p>\n<p> Ile nowych diagnoz raka p\u0142uca rocznie wyst\u0119puje w Polsce? <\/p>\n<p> Jakie terapie mog\u0105 poprawi\u0107 rokowania u chorych na raka p\u0142uca? <\/p>\n<p> Co ma na celu program bada\u0144 przesiewowych z niskodawkow\u0105 tomografi\u0105 komputerow\u0105? <\/p>\n<p> Jakie zmiany s\u0105 planowane w zakresie diagnostyki molekularnej? <\/p>\n<p class=\"ods-c-paragraph \">W zakresie profilaktyki wt\u00f3rnej priorytetem jest w\u0142\u0105czenie programu bada\u0144 przesiewowych z wykorzystaniem niskodawkowej tomografii komputerowej (NDTK) do koszyka \u015bwiadcze\u0144 gwarantowanych, co ma nast\u0105pi\u0107 w 2026 r. Pilota\u017c tego programu udowodni\u0142, \u017ce pozwala on wykrywa\u0107 nowotwory w bezobjawowych, wyleczalnych stadiach, co jest kluczowe, gdy\u017c obecnie a\u017c 70 proc. pacjent\u00f3w w Polsce trafia do lekarza w stadium zaawansowanym.<\/p>\n<p>Diagnoz\u0119 op\u00f3\u017ania czas oczekiwania na badania<\/p>\n<p class=\"ods-c-paragraph \">Autorzy dokumentu diagnozuj\u0105 &#8222;w\u0105skie gard\u0142o&#8221; systemu, jakim jest fragmentaryzacja i zbyt d\u0142ugi czas oczekiwania na wyniki bada\u0144 molekularnych, wynosz\u0105cy \u015brednio od 37 do 57 dni, podczas gdy standardy europejskie wskazuj\u0105 na maksymalnie 10-20 dni. Strategia wskazuje na konieczno\u015b\u0107 przej\u015bcia od test\u00f3w jednogenowych do szerokich paneli NGS (sekwencjonowanie nast\u0119pnej generacji) oraz wprowadzenie refundacji kompleksowego profilowania genomowego i biopsji p\u0142ynnej.<\/p>\n<p class=\"ods-c-paragraph \">Szacuje si\u0119, \u017ce w Polsce wyst\u0119puje luka diagnostyczna si\u0119gaj\u0105ca 7\u20138 tys. bada\u0144 molekularnych rocznie, a u ok. 30 proc. chorych materia\u0142 tkankowy jest niewystarczaj\u0105cy, co bez dost\u0119pu do bada\u0144 z krwi uniemo\u017cliwia dob\u00f3r optymalnej terapii. Istotnym wnioskiem jest potrzeba wdro\u017cenia standardu jednoczasowego (warunkowego) skierowania na badania molekularne razem z patomorfologicznymi, co pozwoli\u0142oby skr\u00f3ci\u0107 \u015bcie\u017ck\u0119 diagnostyczn\u0105 o cenne tygodnie.<\/p>\n<p class=\"ods-c-paragraph \">Jak m\u00f3wi w rozmowie z Medonetem prof. dr hab. n. med. Rodryg Ramlau, prezes Polskiej Grupy Raka P\u0142uc, zdecydowanie najszybciej i praktycznie bezkosztowo mo\u017cna wdro\u017cy\u0107 jednoczasowe kierowanie pacjent\u00f3w na badania patomorfologiczne i molekularne.<\/p>\n<p class=\"ods-o-frame-in-text__paragraph\">Prof. dr hab. n. med. Rodryg Ramlau<\/p>\n<p class=\"ods-o-frame-in-text__paragraph\">To rozwi\u0105zanie, kt\u00f3re nie wymaga dodatkowych nak\u0142ad\u00f3w finansowych, lecz przede wszystkim zmiany podej\u015bcia \u2014 uporz\u0105dkowania procesu diagnostycznego i konsekwentnego stosowania zasady: je\u015bli pobieramy materia\u0142, to od razu kierujemy go zar\u00f3wno do oceny histopatologicznej, jak i warunkowo do bada\u0144 molekularnych. Ten krok sam w sobie skraca \u015bcie\u017ck\u0119 diagnostyczn\u0105 nawet o kilka tygodni, w przypadku, gdy wyniki bada\u0144 patomorfologicznych potwierdzi\u0142y niedrobnokom\u00f3rkowego raka p\u0142uca.<\/p>\n<p>  <img class=\"ods-a-photo ods-a-photo--background\" src=\"https:\/\/www.europesays.com\/pl\/wp-content\/uploads\/2026\/01\/J1Vk9lBaHR0cHM6Ly9vY2RuLmV1L3B1bHNjbXMvTURBXy9iZTFhNzViZGY2NmFkMTBlMGM3MjdkZWNmZWJkNTliNS5qcGeRlQLNA.jpeg\" height=\"377\" width=\"450\" alt=\"Prof. dr hab. n. med. Rodryg Ramlau\" loading=\"lazy\" fetchpriority=\"low\" decoding=\"async\"\/> <\/p>\n<p class=\"ods-c-paragraph \">Zdaniem onkologa wiele o\u015brodk\u00f3w jest przygotowanych do zmian organizacyjnych. \u2014 Mamy centra referencyjne, kt\u00f3re od lat rozwijaj\u0105 kompetencje, technologie diagnostyki i leczenia oraz wielodyscyplinarne zespo\u0142y i konsylia planuj\u0105ce i monitoruj\u0105ce proces terapeutyczny pacjent\u00f3w. Brakuje natomiast rozwi\u0105za\u0144 systemowych, kt\u00f3re pozwoli\u0142yby te zasoby wykorzysta\u0107 w spos\u00f3b zaplanowany, sp\u00f3jny i jednolity w ca\u0142ym kraju. Wdro\u017cenie i optymalizacja modelu Lung Cancer Units b\u0119dzie wymaga\u0107 czasu, ale nie mo\u017cemy dalej zwleka\u0107. Ka\u017cdy rok bez zmian to stracone szanse na sprawn\u0105, kompleksow\u0105 diagnostyk\u0119 i optymalne leczenie \u2014 t\u0142umaczy.<\/p>\n<p>Nowoczesne leczenie jest, ale w Polsce nie do\u015b\u0107 wykorzystywane<\/p>\n<p class=\"ods-c-paragraph \">Nowoczesne leczenie raka p\u0142uca w Polsce przesz\u0142o w ostatnich latach ewolucj\u0119 dzi\u0119ki rozszerzeniu programu lekowego B.6 o innowacyjne immunoterapie i leki ukierunkowane molekularnie, jednak ich wykorzystanie jest wci\u0105\u017c o ok. 50 proc. ni\u017csze ni\u017c zalecenia Europejskiego Towarzystwa Onkologii Klinicznej.<\/p>\n<p class=\"ods-c-paragraph \">Leczenie oko\u0142ooperacyjne w po\u0142\u0105czeniu z precyzyjn\u0105 chirurgi\u0105 ma\u0142oinwazyjn\u0105 i robotow\u0105 daje najwi\u0119ksze szanse na ca\u0142kowite wyleczenie chorych w stopniach II-III. Priorytetem chirurgicznym jest uzyskanie dedykowanej wyceny i refundacji procedur robotowych, kt\u00f3re, mimo wysokiej precyzji i kr\u00f3tszej hospitalizacji, stanowi\u0105 obecnie zaledwie 1 proc. zabieg\u00f3w torakochirurgicznych w kraju. W <a href=\"https:\/\/www.medonet.pl\/zdrowie\/zdrowie-dla-kazdego,radioterapia--onkologiczna--paliatywna----skutki-uboczne,artykul,1721220.html\" id=\"5ccc8c64-ec42-4d1c-a7bf-24fd805392e5\" rel=\"nofollow noopener\" target=\"_blank\">radioterapii<\/a> kluczowe jest wyr\u00f3wnanie dost\u0119pu do nowoczesnych technik stereotaktycznych oraz integracja leczenia z immunoterapi\u0105 konsoliduj\u0105c\u0105.<\/p>\n<p class=\"ods-c-paragraph \">Fundamentem zmian organizacyjnych ma by\u0107 Krajowa Sie\u0107 Onkologiczna oraz model Lung Cancer Units, kt\u00f3ry zak\u0142ada koncentracj\u0119 \u015bwiadcze\u0144 w o\u015brodkach o najwy\u017cszym do\u015bwiadczeniu, dysponuj\u0105cych wielodyscyplinarnymi zespo\u0142ami specjalist\u00f3w. Model ten ma wyeliminowa\u0107 rozproszenie opieki i zapewni\u0107 ka\u017cdemu pacjentowi koordynatora prowadz\u0105cego go przez system. Strategia zwraca r\u00f3wnie\u017c uwag\u0119 na obszary dotychczas pomijane: prehabilitacj\u0119, kt\u00f3ra zmniejsza liczb\u0119 powik\u0142a\u0144 pooperacyjnych, systematyczn\u0105 opiek\u0119 psychoonkologiczn\u0105 oraz wsparcie \u017cywieniowe, gdy\u017c niedo\u017cywienie dotyczy nawet 60 proc. chorych na raka p\u0142uca.<\/p>\n<p>   <a href=\"https:\/\/csr.onet.pl\/1746213\/trk\/adclick\/das,1824309,0?CS=tracking\" title=\"MedonetPRO OnetPremium\" data-astro-prefetch=\"tap\" rel=\"nofollow noopener\" target=\"_blank\"> <img decoding=\"async\" src=\"https:\/\/www.europesays.com\/pl\/wp-content\/uploads\/2025\/10\/1760947870_673_9xOk9lBaHR0cHM6Ly9vY2RuLmV1L3B1bHNjbXMvTURBXy9hMGY5NWNmMDcwYzA5MjFiZDc2NTFlYzU4MDEzNGIzNy5wbmeSlQMAA.jpeg\" height=\"200\" width=\"840\" alt=\"MedonetPRO OnetPremium\" loading=\"lazy\" class=\"ods-c-image__img ods-c-image__img--viewport-width\"\/> <\/a><\/p>\n<p>MedonetPRO OnetPremiumMedonet<\/p>\n<p class=\"ods-c-paragraph \">\u2014 Oczekujemy znacz\u0105cej poprawy we wczesnym wykrywaniu raka p\u0142uca, co bezpo\u015brednio prze\u0142o\u017cy si\u0119 na wi\u0119ksz\u0105 liczb\u0119 pacjent\u00f3w kwalifikowanych do leczenia radykalnego \u2014 chirurgicznego i oko\u0142ooperacyjnego, w tym z zastosowaniem immunoterapii oraz terapii ukierunkowanych molekularnie, a w konsekwencji prze\u0142o\u017cy si\u0119 na wzrost odsetka wylecze\u0144 i prze\u017cy\u0107 5-letnich. Wdro\u017cenie programu przesiewowego NDTK doprowadzi do zwi\u0119kszenia odsetka diagnoz na wczesnym etapie choroby, a to jest kluczowy czynnik rokowniczy. Jednocze\u015bnie uporz\u0105dkowanie \u015bcie\u017cki diagnostycznej i obowi\u0105zek pe\u0142nej diagnostyki predykcyjnej przyspiesz\u0105 rozpocz\u0119cie terapii i poprawi\u0105 jako\u015b\u0107 decyzji terapeutycznych \u2014 wskazuje ekspert.<\/p>\n<p>M\u0142odzi z rakiem p\u0142uca wymagaj\u0105 innego podej\u015bcia<\/p>\n<p class=\"ods-c-paragraph \">Najwa\u017cniejsze wnioski p\u0142yn\u0105ce z dokumentu wskazuj\u0105, \u017ce walka z rakiem p\u0142uca w Polsce wymaga przej\u015bcia od modelu szpitalno-centrycznego i reagowania na objawy do modelu opartego na wczesnym wykrywaniu i onkologii personalizowanej. Strategia &#8222;Misja Rak P\u0142uca&#8221; podkre\u015bla, \u017ce ka\u017cda z\u0142ot\u00f3wka wydana na profilaktyk\u0119 NDTK i szybk\u0105 diagnostyk\u0119 molekularn\u0105 zwraca si\u0119 poprzez unikni\u0119cie kosztownych, nieskutecznych terapii &#8222;w ciemno&#8221; oraz zmniejszenie koszt\u00f3w spo\u0142ecznych wynikaj\u0105cych z przedwczesnych zgon\u00f3w os\u00f3b w wieku produkcyjnym.<\/p>\n<p class=\"ods-o-frame-in-text__paragraph\">Prof. dr hab. n. med. Rodryg Ramlau<\/p>\n<p class=\"ods-o-frame-in-text__paragraph\">To zjawisko obserwujemy na ca\u0142ym \u015bwiecie \u2014 ro\u015bnie liczba zachorowa\u0144 u os\u00f3b m\u0142odszych, niepal\u0105cych, cz\u0119sto prowadz\u0105cych zdrowy tryb \u017cycia. U cz\u0119\u015bci z nich za chorob\u0119 odpowiadaj\u0105 warianty patogenne, charakterystyczne dla guz\u00f3w u os\u00f3b nigdy niepal\u0105cych. Dlatego musimy rozszerzy\u0107 my\u015blenie o diagnostyce.<\/p>\n<p class=\"ods-o-frame-in-text__paragraph\">W praktyce oznacza to wzrost czujno\u015bci onkologicznej u lekarzy POZ i pulmonolog\u00f3w wobec przewlek\u0142ego kaszlu, duszno\u015bci, nawracaj\u0105cych infekcji, spadku masy cia\u0142a, konsekwentne wykonywanie RTG klatki piersiowej jako badania wst\u0119pnego, ale w przypadku niejasnych objaw\u00f3w \u2014 szybkie kierowanie na TK klatki piersiowej, i co najwa\u017cniejsze \u2014 pe\u0142na diagnostyka molekularna u ka\u017cdego pacjenta z rakiem p\u0142uca, niezale\u017cnie od wieku i historii palenia.<\/p>\n<p>  <img class=\"ods-a-photo ods-a-photo--background\" src=\"https:\/\/www.europesays.com\/pl\/wp-content\/uploads\/2026\/01\/J1Vk9lBaHR0cHM6Ly9vY2RuLmV1L3B1bHNjbXMvTURBXy9iZTFhNzViZGY2NmFkMTBlMGM3MjdkZWNmZWJkNTliNS5qcGeRlQLNA.jpeg\" height=\"377\" width=\"450\" alt=\"Prof. dr hab. n. med. Rodryg Ramlau\" loading=\"lazy\" fetchpriority=\"low\" decoding=\"async\"\/> <\/p>\n<p class=\"ods-c-paragraph \">Zdaniem prof. Rodryga Ramlau, to jedyny spos\u00f3b, by nie przeoczy\u0107 nowotwor\u00f3w, kt\u00f3re nie wpisuj\u0105 si\u0119 w &#8222;klasyczny&#8221; obraz raka p\u0142uca u wieloletniego palacza. \u2014 Rak p\u0142uca jest dzi\u015b chorob\u0105 bardzo zr\u00f3\u017cnicowan\u0105 biologicznie, a dost\u0119pne terapie ukierunkowane molekularnie oraz immunoterapia potrafi\u0105 diametralnie zmieni\u0107 rokowania \u2014 ale tylko wtedy, gdy wykonamy badania na czas \u2014 zaznacza onkolog.<\/p>\n<p class=\"ods-c-paragraph \">Dobr\u0105 informacj\u0105 jest, \u017ce kwestie uj\u0119te w strategii &#8222;Misja Rak P\u0142uca&#8221; zosta\u0142y uwzgl\u0119dnione przez resort zdrowia w\u015br\u00f3d priorytet\u00f3w na lata 2025\u20132026. 9 grudnia do konsultacji publicznych trafi\u0142 projekt rozporz\u0105dzenia wprowadzaj\u0105cego og\u00f3lnopolski program przesiewowy z wykorzystaniem niskodawkowej tomografii komputerowej, a wkr\u00f3tce jego los podzieli\u0107 ma projekt dotycz\u0105cy Lung Cancer Units.<\/p>\n<p class=\"ods-c-paragraph \">\u2014 To oznacza, \u017ce jeste\u015bmy w kluczowym momencie. Teraz potrzebne jest szybkie domkni\u0119cie prac legislacyjnych i okre\u015blenie ram finansowania, tak aby o\u015brodki mog\u0142y przej\u015b\u0107 do realnego wdra\u017cania nowego modelu jak najszybciej \u2014 komentuje prof. Ramlau.<\/p>\n<p class=\"ods-o-frame-in-text__paragraph\">Prof. dr hab. n. med. Rodryg Ramlau \u2014 specjalista onkologii klinicznej oraz chemioterapii nowotwor\u00f3w, dyrektor Instytutu Onkologii Uniwersytetu Medycznego im. Karola Marcinkowskiego w Poznaniu, prezes Polskiej Grupy Raka P\u0142uc.<\/p>\n<p>    Tre\u015bci z serwisu Medonet maj\u0105 na celu polepszenie, a nie zast\u0105pienie, kontaktu pomi\u0119dzy U\u017cytkownikiem a jego lekarzem. Serwis ma charakter wy\u0142\u0105cznie informacyjno-edukacyjny. Przed zastosowaniem si\u0119 do porad z zakresu wiedzy specjalistycznej, w szczeg\u00f3lno\u015bci medycznych, zawartych w Serwisie nale\u017cy bezwzgl\u0119dnie skonsultowa\u0107 si\u0119 z lekarzem. <\/p>\n","protected":false},"excerpt":{"rendered":"Rak p\u0142uca odpowiada za 20 proc. zgon\u00f3w nowotworowych w Polsce, z wysokim wska\u017anikiem umieralno\u015bci w por\u00f3wnaniu do \u015bredniej&hellip;\n","protected":false},"author":2,"featured_media":185814,"comment_status":"","ping_status":"","sticky":false,"template":"","format":"standard","meta":{"footnotes":""},"categories":[5],"tags":[32,33,34453,36,37,27,8593,34,35,28,31,48,25,2095,46,2094,42,18362,38,40,39,41,47,29,30,26],"class_list":{"0":"post-185813","1":"post","2":"type-post","3":"status-publish","4":"format-standard","5":"has-post-thumbnail","7":"category-naglowki","8":"tag-breaking-news","9":"tag-breakingnews","10":"tag-diagnostyka_medyczna","11":"tag-featured-news","12":"tag-featurednews","13":"tag-headlines","14":"tag-immunoterapia","15":"tag-latest-news","16":"tag-latestnews","17":"tag-naglowki","18":"tag-najwazniejsze-artykuly","19":"tag-nat_styl","20":"tag-news","21":"tag-nowotwor","22":"tag-omp","23":"tag-onkologia","24":"tag-pl","25":"tag-pluca","26":"tag-poland","27":"tag-polish","28":"tag-polska","29":"tag-polski","30":"tag-screening_general","31":"tag-top-stories","32":"tag-topstories","33":"tag-wiadomosci"},"share_on_mastodon":{"url":"https:\/\/pubeurope.com\/@pl\/115832952183378132","error":""},"_links":{"self":[{"href":"https:\/\/www.europesays.com\/pl\/wp-json\/wp\/v2\/posts\/185813","targetHints":{"allow":["GET"]}}],"collection":[{"href":"https:\/\/www.europesays.com\/pl\/wp-json\/wp\/v2\/posts"}],"about":[{"href":"https:\/\/www.europesays.com\/pl\/wp-json\/wp\/v2\/types\/post"}],"author":[{"embeddable":true,"href":"https:\/\/www.europesays.com\/pl\/wp-json\/wp\/v2\/users\/2"}],"replies":[{"embeddable":true,"href":"https:\/\/www.europesays.com\/pl\/wp-json\/wp\/v2\/comments?post=185813"}],"version-history":[{"count":0,"href":"https:\/\/www.europesays.com\/pl\/wp-json\/wp\/v2\/posts\/185813\/revisions"}],"wp:featuredmedia":[{"embeddable":true,"href":"https:\/\/www.europesays.com\/pl\/wp-json\/wp\/v2\/media\/185814"}],"wp:attachment":[{"href":"https:\/\/www.europesays.com\/pl\/wp-json\/wp\/v2\/media?parent=185813"}],"wp:term":[{"taxonomy":"category","embeddable":true,"href":"https:\/\/www.europesays.com\/pl\/wp-json\/wp\/v2\/categories?post=185813"},{"taxonomy":"post_tag","embeddable":true,"href":"https:\/\/www.europesays.com\/pl\/wp-json\/wp\/v2\/tags?post=185813"}],"curies":[{"name":"wp","href":"https:\/\/api.w.org\/{rel}","templated":true}]}}