{"id":185826,"date":"2026-01-03T20:27:15","date_gmt":"2026-01-03T20:27:15","guid":{"rendered":"https:\/\/www.europesays.com\/pl\/185826\/"},"modified":"2026-01-03T20:27:15","modified_gmt":"2026-01-03T20:27:15","slug":"izrael-kontra-burmistrz-nowego-jorku-zohran-mamdani-oskarzony-o-antysemityzm","status":"publish","type":"post","link":"https:\/\/www.europesays.com\/pl\/185826\/","title":{"rendered":"Izrael kontra burmistrz Nowego Jorku. Zohran Mamdani oskar\u017cony o antysemityzm"},"content":{"rendered":"<p>W pi\u0105tek rano izraelskie ministerstwo spraw zagranicznych oskar\u017cy\u0142o nowojorskiego burmistrza Zohrana Mamdaniego o antysemityzm, co zaostrzy\u0142o napi\u0119cia z tym progresywnym politykiem zaledwie kilka godzin po jego formalnym obj\u0119ciu urz\u0119du.<\/p>\n<p>Izraelska krytyka skupi\u0142a si\u0119 na decyzji Mamdaniego o uniewa\u017cnieniu zarz\u0105dze\u0144 wydanych przez jego poprzednika, Erica Adamsa, w tym tak\u017ce tych wspieraj\u0105cych Izrael. Dzia\u0142ania z czas\u00f3w Adamsa uniemo\u017cliwia\u0142y urz\u0119dnikom miejskim prowadzenie restrykcyjnej polityki gospodarczej wobec Izraela, takiej jak bojkoty, wycofanie inwestycji czy sankcje.<\/p>\n<p class=\"ods-c-paragraph \">Wprowadzono wtedy r\u00f3wnie\u017c definicj\u0119 antysemityzmu przyj\u0119t\u0105 przez Mi\u0119dzynarodowy Sojusz na rzecz Pami\u0119ci o Holokau\u015bcie, wskazuj\u0105c\u0105 m.in. na &#8222;demonizowanie Izraela i stosowanie wobec niego podw\u00f3jnych standard\u00f3w jako formy wsp\u00f3\u0142czesnego antysemityzmu&#8221;.<\/p>\n<p class=\"ods-c-paragraph \">&#8222;Ju\u017c w pierwszym dniu urz\u0119dowania nowojorski burmistrz Mamdani pokazuje swoj\u0105 prawdziw\u0105 twarz: wycofuje definicj\u0119 IHRA dotycz\u0105c\u0105 antysemityzmu i znosi ograniczenia dotycz\u0105ce bojkotu Izraela. To nie jest przyw\u00f3dztwo. To dolewanie antysemickiej oliwy do ognia&#8221; \u2014 napisa\u0142o izraelskie MSZ w swoim po\u015bcie na platformie X (dawniej Twitter).<\/p>\n<p>    Burmistrz, kt\u00f3ry budzi niema\u0142e kontrowersje<\/p>\n<p class=\"ods-c-paragraph \">Zohran Mamdani obj\u0105\u0142 urz\u0105d tu\u017c po p\u00f3\u0142nocy w sylwestra, rozpoczynaj\u0105c kadencj\u0119, kt\u00f3ra <a href=\"https:\/\/wiadomosci.onet.pl\/demokraci-lapia-wiatr-w-zagle-moze-stac-sie-politycznym-rewolucjonista\/cq1fl2l\" id=\"3a49895e-1e21-423b-9d35-703500eab932\" rel=\"nofollow noopener\" target=\"_blank\">wed\u0142ug Demokrat\u00f3w ma o\u017cywi\u0107 parti\u0119<\/a> przed wyborami do Kongresu w listopadzie 2026 r., w po\u0142owie kadencji Donalda Trumpa. 34-letni demokratyczny socjalista prowadzi\u0142 kampani\u0119 opart\u0105 na ambitnym, ale kosztownym programie, obejmuj\u0105cym m.in. powszechn\u0105 bezp\u0142atn\u0105 opiek\u0119 nad dzie\u0107mi i darmowy transport autobusowy, finansowany cz\u0119\u015bciowo przez wy\u017csze podatki dla korporacji i najbogatszych.<\/p>\n<p class=\"ods-c-paragraph \">Publiczne upomnienie ze strony rz\u0105du Izraela nada\u0142o tej sprawie mi\u0119dzynarodowy wymiar, cho\u0107 ju\u017c wcze\u015bniej budzi\u0142a kontrowersje w kraju.<\/p>\n<p><img decoding=\"async\" src=\"https:\/\/www.europesays.com\/pl\/wp-content\/uploads\/2026\/01\/2Irk9lBaHR0cHM6Ly9vY2RuLmV1L3B1bHNjbXMvTURBXy8xN2VjMTRlNjA3OWIyMWFlYzY4MDQxZDA3MzhmM2I2Zi5qcGeRlQLNB.jpeg\" height=\"675\" width=\"940\" alt=\"Wie\u017cowce na Manhattanie. Zdj\u0119cie ilustracyjne\" loading=\"lazy\" class=\"ods-c-image__img ods-c-image__img--viewport-width\"\/><\/p>\n<p>Wie\u017cowce na Manhattanie. Zdj\u0119cie ilustracyjnePAP<\/p>\n<p class=\"ods-c-paragraph \">W czwartek \u017cydowskie organizacje zajmuj\u0105ce si\u0119 prawami obywatelskimi skrytykowa\u0142y usuni\u0119cie wpis\u00f3w dotycz\u0105cych walki z antysemityzmem z oficjalnego konta @NYCMayor na platformie X nied\u0142ugo po obj\u0119ciu urz\u0119du przez Mamdaniego. Ostrzega\u0142y, \u017ce taki ruch mo\u017ce by\u0107 odebrany jako niepokoj\u0105cy sygna\u0142 w szczeg\u00f3lnie wra\u017cliwym okresie.<\/p>\n<p>&#8222;Gdzie indziej muzu\u0142ma\u0144skie dziecko mog\u0142oby dorasta\u0107, jedz\u0105c bajgle z \u0142ososiem w ka\u017cd\u0105 niedziel\u0119?&#8221;<\/p>\n<p class=\"ods-c-paragraph \">Mamdani wielokrotnie odrzuca\u0142 zarzuty o antysemityzm, twierdz\u0105c, \u017ce jego krytyka Izraela wynika z <a href=\"https:\/\/wiadomosci.onet.pl\/swiat\/rm-ekspertka-w-izraelu-predzej-mozna-dostrzec-prawa-zwierzat-niz-prawa-palestynczykow\/6s5052k\" id=\"7e976cf5-3db5-422b-a71a-d966e9275e45\" rel=\"nofollow noopener\" target=\"_blank\">troski o prawa cz\u0142owieka<\/a>. Zapewni\u0142, \u017ce b\u0119dzie chroni\u0107 nowojorsk\u0105 spo\u0142eczno\u015b\u0107 \u017cydowsk\u0105, pozostaj\u0105c przy swoich wyrazistych pogl\u0105dach w sprawie Bliskiego Wschodu.<\/p>\n<p>   <img decoding=\"async\" src=\"https:\/\/www.europesays.com\/pl\/wp-content\/uploads\/2026\/01\/qXek9lGaHR0cHM6Ly9vY2RuLmV1L3B1bHNjbXMvTURBXy8wZTg0N2ZkYi1lMGE2LTRmNDEtOGJlMy00NjNlOWZmY2ZkNGYuanBlZ.jpeg\" height=\"627\" width=\"940\" alt=\"Senator Bernie Sanders, Rama Duwaji, &quot;pierwsza dama Nowego Jorku&quot;, i burmistrz Zohran Mamdani w trakcie uroczystego zaprzysi\u0119\u017cenia. Nowy Jork, 1 stycznia 2026 r.\" loading=\"lazy\" class=\"ods-c-image__img ods-c-image__img--viewport-width\"\/><\/p>\n<p>Senator Bernie Sanders, Rama Duwaji, &#8222;pierwsza dama Nowego Jorku&#8221;, i burmistrz Zohran Mamdani w trakcie uroczystego zaprzysi\u0119\u017cenia. Nowy Jork, 1 stycznia 2026 r.PAP\/EPA\/TAURAT HOSSEIN<\/p>\n<p class=\"ods-c-paragraph \">Burmistrz podkre\u015bli\u0142 solidarno\u015b\u0107 z \u017cydowsk\u0105 spo\u0142eczno\u015bci\u0105 Nowego Jorku podczas ceremonii zaprzysi\u0119\u017cenia, celebruj\u0105c r\u00f3\u017cnorodno\u015b\u0107 miasta \u017cartem: \u2014 Gdzie indziej muzu\u0142ma\u0144skie dziecko, takie jak ja, mog\u0142oby dorasta\u0107, jedz\u0105c bajgle z \u0142ososiem w ka\u017cd\u0105 niedziel\u0119?<\/p>\n<p class=\"ods-c-paragraph \">Mamdani popiera jednak wycofywanie si\u0119 miasta z inwestycji w izraelskie obligacje, aby wywiera\u0107 presj\u0119 na w\u0142adze pa\u0144stwa i deklaruje, \u017ce nie uwa\u017ca, by Izrael powinien istnie\u0107 jako &#8222;pa\u0144stwo \u017cydowskie&#8221;.<\/p>\n<p>Pretensje do \u017byd\u00f3w, kt\u00f3rzy g\u0142osowali na Mamdaniego. &#8222;Podnie\u015bli r\u0119k\u0119 za antysemityzmem&#8221;<\/p>\n<p class=\"ods-c-paragraph \">Izraelscy urz\u0119dnicy od dawna patrz\u0105 na Mamdaniego z podejrzliwo\u015bci\u0105. Po jego zwyci\u0119stwie wyborczym w listopadzie wiceministra spraw zagranicznych Izraela, Szarren Haskel, okre\u015bli\u0142a ten rezultat jako &#8222;g\u0142\u0119boko niepokoj\u0105cy&#8221;, wskazuj\u0105c na wcze\u015bniejszy aktywizm Mamdaniego i jego retoryk\u0119.<\/p>\n<p>   <img decoding=\"async\" src=\"https:\/\/www.europesays.com\/pl\/wp-content\/uploads\/2026\/01\/IRMk9lBaHR0cHM6Ly9vY2RuLmV1L3B1bHNjbXMvTURBXy9hNTQ0N2NiNWY3NTY4Zjk3MWNhYzJhNzQxOTQ4NzMwMy5qcGeRlQLNB.jpeg\" height=\"657\" width=\"940\" alt=\"Nowojorscy ortodoksyjni rabini protestuj\u0105 przeciwko polityce Izraela i oskar\u017caniu Mamdaniego o antysemityzm. Nowy Jork, 30 pa\u017adziernika 2024 r.\" loading=\"lazy\" class=\"ods-c-image__img ods-c-image__img--viewport-width\"\/><\/p>\n<p>Nowojorscy ortodoksyjni rabini protestuj\u0105 przeciwko polityce Izraela i oskar\u017caniu Mamdaniego o antysemityzm. Nowy Jork, 30 pa\u017adziernika 2024 r.Selcuk Acar \/ Anadolu Agency \/ AFP<\/p>\n<p class=\"ods-c-paragraph \">Amihai Elijahu, izraelski minister dziedzictwa, ostro skrytykowa\u0142 \u017cydowskich zwolennik\u00f3w Mamdaniego, zarzucaj\u0105c im, \u017ce &#8222;podnie\u015bli r\u0119k\u0119 za antysemityzmem w samym sercu Ameryki&#8221;.<\/p>\n","protected":false},"excerpt":{"rendered":"W pi\u0105tek rano izraelskie ministerstwo spraw zagranicznych oskar\u017cy\u0142o nowojorskiego burmistrza Zohrana Mamdaniego o antysemityzm, co zaostrzy\u0142o napi\u0119cia z&hellip;\n","protected":false},"author":2,"featured_media":185827,"comment_status":"","ping_status":"","sticky":false,"template":"","format":"standard","meta":{"footnotes":""},"categories":[14],"tags":[3199,56,32,33,27,91,34,35,28,31,48,25,4565,46,40,1314,41,47,80,29,30,71,26,82,83,84,18011],"class_list":{"0":"post-185826","1":"post","2":"type-post","3":"status-publish","4":"format-standard","5":"has-post-thumbnail","7":"category-swiat","8":"tag-antysemityzm","9":"tag-article_premium","10":"tag-breaking-news","11":"tag-breakingnews","12":"tag-headlines","13":"tag-izrael","14":"tag-latest-news","15":"tag-latestnews","16":"tag-naglowki","17":"tag-najwazniejsze-artykuly","18":"tag-nat_styl","19":"tag-news","20":"tag-nowy_jork","21":"tag-omp","22":"tag-polish","23":"tag-politico","24":"tag-polski","25":"tag-screening_general","26":"tag-swiat","27":"tag-top-stories","28":"tag-topstories","29":"tag-usa","30":"tag-wiadomosci","31":"tag-world","32":"tag-world-news","33":"tag-worldnews","34":"tag-zohran_mamdani"},"share_on_mastodon":{"url":"https:\/\/pubeurope.com\/@pl\/115833054358468783","error":""},"_links":{"self":[{"href":"https:\/\/www.europesays.com\/pl\/wp-json\/wp\/v2\/posts\/185826","targetHints":{"allow":["GET"]}}],"collection":[{"href":"https:\/\/www.europesays.com\/pl\/wp-json\/wp\/v2\/posts"}],"about":[{"href":"https:\/\/www.europesays.com\/pl\/wp-json\/wp\/v2\/types\/post"}],"author":[{"embeddable":true,"href":"https:\/\/www.europesays.com\/pl\/wp-json\/wp\/v2\/users\/2"}],"replies":[{"embeddable":true,"href":"https:\/\/www.europesays.com\/pl\/wp-json\/wp\/v2\/comments?post=185826"}],"version-history":[{"count":0,"href":"https:\/\/www.europesays.com\/pl\/wp-json\/wp\/v2\/posts\/185826\/revisions"}],"wp:featuredmedia":[{"embeddable":true,"href":"https:\/\/www.europesays.com\/pl\/wp-json\/wp\/v2\/media\/185827"}],"wp:attachment":[{"href":"https:\/\/www.europesays.com\/pl\/wp-json\/wp\/v2\/media?parent=185826"}],"wp:term":[{"taxonomy":"category","embeddable":true,"href":"https:\/\/www.europesays.com\/pl\/wp-json\/wp\/v2\/categories?post=185826"},{"taxonomy":"post_tag","embeddable":true,"href":"https:\/\/www.europesays.com\/pl\/wp-json\/wp\/v2\/tags?post=185826"}],"curies":[{"name":"wp","href":"https:\/\/api.w.org\/{rel}","templated":true}]}}