{"id":185854,"date":"2026-01-03T21:01:14","date_gmt":"2026-01-03T21:01:14","guid":{"rendered":"https:\/\/www.europesays.com\/pl\/185854\/"},"modified":"2026-01-03T21:01:14","modified_gmt":"2026-01-03T21:01:14","slug":"150-zl-za-godzine-bez-znajomosci-jezyka-dunczycy-szukaja-pracownikow-w-polsce","status":"publish","type":"post","link":"https:\/\/www.europesays.com\/pl\/185854\/","title":{"rendered":"150 z\u0142 za godzin\u0119 bez znajomo\u015bci j\u0119zyka. Du\u0144czycy szukaj\u0105 pracownik\u00f3w w Polsce"},"content":{"rendered":"<ul>&#13;<\/p>\n<li>Du\u0144ska firma szuka w Polsce malarzy natryskowych, oferuj\u0105c nawet 150 z\u0142 brutto za godzin\u0119, bez wymogu znajomo\u015bci j\u0119zyka angielskiego.<\/li>\n<p>&#13;<\/p>\n<li>Praca odbywa si\u0119 w systemie rotacyjnym (4 tygodnie pracy, 2 tygodnie wolnego) i zapewnia d\u0142ugie urlopy oraz dni \u015bwi\u0105teczne, ale wymaga wysokich kwalifikacji zawodowych.<\/li>\n<p>&#13;<\/p>\n<li>Dane GUS potwierdzaj\u0105ce trend obserwowany od kilku lat &#8211; coraz wi\u0119cej Polak\u00f3w wybiera kr\u00f3tkoterminowe lub rotacyjne\u00a0wyjazdy za prac\u0105.<\/li>\n<p>&#13;\n<\/ul>\n<p>Dania nie jest pierwszym wyborem polskich emigrant\u00f3w. Z danych Konfederacji Przemys\u0142u Du\u0144skiego i Du\u0144skiego Urz\u0119du Statystycznego z 2023 roku wynika, \u017ce w Danii pracuje 48 tys. obywateli Polski.<\/p>\n<p>        <a href=\"https:\/\/www.pulshr.pl\/wynagrodzenia\/zarobki-w-produkcji-i-logistyce-wynagrodzenia-w-polskich-miastach-ujawnione,115680.html\" class=\"read-more-box-img-cnt\" rel=\"nofollow noopener\" target=\"_blank\"><br \/>\n        \t            <img decoding=\"async\" src=\"https:\/\/www.europesays.com\/pl\/wp-content\/uploads\/2026\/01\/131600_r0_300.jpg\" class=\"read-more-box-img\" loading=\"lazy\" alt=\"Zarobki w produkcji i logistyce. Wynagrodzenia w polskich miastach ujawnione\" width=\"300\" height=\"200\"\/><br \/>\n                    <\/a><\/p>\n<p>Ile zarobi malarz natryskowy w Danii? Nawet 150 z\u0142 na godzin\u0119<\/p>\n<p>Wed\u0142ug informacji opublikowanych na portalu biznes.interia.pl\u00a0Du\u0144czycy w Polsce szukaj\u0105 g\u0142\u00f3wnie wykwalifikowanych pracownik\u00f3w fizycznych. Przyk\u0142adowa oferta pracy, opublikowana na portalu Pracuj.pl przez du\u0144sk\u0105 firm\u0119\u00a0Skagen SSB, dotyczy malarzy natryskowych.\u00a0<\/p>\n<blockquote><p>&#13;<\/p>\n<p>Zarobki wynosz\u0105 od 100 do 150 z\u0142 brutto na godzin\u0119 &#8211; oko\u0142o 600 tys. du\u0144skich koron rocznie (nieco ponad 339,2 tys. z\u0142). Praca odbywa si\u0119 w systemie zmianowym 5-6 dni w tygodniu, po 11,5 godziny dziennie.\u00a0<\/p>\n<p>&#13;\n<\/p><\/blockquote>\n<p>Praca odbywa si\u0119 w czterotygodniowym systemie rotacyjnym, po kt\u00f3rych pracownik ma dwa tygodnie wolnego. Dodatkowo przys\u0142uguje mu pi\u0119\u0107 tygodni p\u0142atnego urlopu oraz dni \u015bwi\u0105teczne.<\/p>\n<p>        <a href=\"https:\/\/www.pulshr.pl\/wynagrodzenia\/te-studia-to-gwarancja-dobrych-zarobkow-nawet-30-tys-zl-miesiecznie,115844.html\" class=\"read-more-box-img-cnt\" rel=\"nofollow noopener\" target=\"_blank\"><br \/>\n        \t            <img decoding=\"async\" src=\"https:\/\/www.europesays.com\/pl\/wp-content\/uploads\/2025\/12\/132244_r0_300.jpg\" class=\"read-more-box-img\" loading=\"lazy\" alt=\"Te studia to gwarancja dobrych zarobk\u00f3w. Nawet 30 tys. z\u0142 miesi\u0119cznie\" width=\"300\" height=\"200\"\/><br \/>\n                    <\/a><\/p>\n<p>Firma nie wymaga znajomo\u015bci j\u0119zyka angielskiego. Inaczej jest w przypadku kwalifikacji zawodowych. Czego wymaga firma?<\/p>\n<ul>&#13;<\/p>\n<li>Pracodawca szuka osoby z do\u015bwiadczeniem w malowaniu natryskowym, potrafi\u0105cej stosowa\u0107 r\u00f3\u017cne techniki i materia\u0142y.<\/li>\n<p>&#13;<\/p>\n<li>Poszukiwany kandydat powinien umie\u0107 obs\u0142ugiwa\u0107 sprz\u0119t malarski, w tym pistolety natryskowe i spr\u0119\u017carki.<\/li>\n<p>&#13;<\/p>\n<li>Pracownik powinien zna\u0107 rodzaje farb i umie\u0107 dobiera\u0107 metod\u0119 ich aplikacji w zale\u017cno\u015bci od pod\u0142o\u017ca i warunk\u00f3w.<\/li>\n<p>&#13;<\/p>\n<li>Firma oczekuje r\u00f3wnie\u017c umiej\u0119tno\u015bci przygotowania powierzchni do malowania, w tym czyszczenia, szlifowania i gruntowania.<\/li>\n<p>&#13;<\/p>\n<li>Kandydat powinien umie\u0107 czyta\u0107 i interpretowa\u0107 specyfikacje techniczne oraz rysunki.<\/li>\n<p>&#13;\n<\/ul>\n<p>Zmiana charakteru emigracji. Coraz wi\u0119cej Polak\u00f3w wybiera wyjazdy kr\u00f3tkoterminowe lub rotacyjne<\/p>\n<p>Warto przypomnie\u0107 dane GUS potwierdzaj\u0105ce trend obserwowany od kilku lat &#8211; coraz wi\u0119cej Polak\u00f3w wybiera wyjazdy kr\u00f3tkoterminowe lub rotacyjne. Spadaj\u0105ce zainteresowanie sta\u0142\u0105 emigracj\u0105 wynika g\u0142\u00f3wnie z silnego przywi\u0105zania do kraju i rodziny, ch\u0119ci zachowania wi\u0119kszej elastyczno\u015bci oraz rosn\u0105cej atrakcyjno\u015bci pracy w Polsce. Coraz wi\u0119cej os\u00f3b dostrzega te\u017c mo\u017cliwo\u015b\u0107 \u0142\u0105czenia \u017cycia w kraju z czasow\u0105 prac\u0105 za granic\u0105.<\/p>\n<p>        <a href=\"https:\/\/www.pulshr.pl\/praca-tymczasowa\/koniec-eldorado-na-emigracji-polacy-coraz-chetniej-wracaja-do-kraju,114949.html\" class=\"read-more-box-img-cnt\" rel=\"nofollow noopener\" target=\"_blank\"><br \/>\n        \t            <img decoding=\"async\" src=\"https:\/\/www.europesays.com\/pl\/wp-content\/uploads\/2025\/10\/130690_r0_300.jpg\" class=\"read-more-box-img\" loading=\"lazy\" alt=\"Koniec eldorado na emigracji? Polacy coraz ch\u0119tniej wracaj\u0105 do kraju\" width=\"300\" height=\"200\"\/><br \/>\n                    <\/a><\/p>\n<p>W pierwszym okresie pandemii (2020-2021) migracje znacz\u0105co spad\u0142y. Zamkni\u0119cie granic, ograniczenia w podr\u00f3\u017cowaniu i niepewno\u015b\u0107 ekonomiczna sprawi\u0142y, \u017ce wiele os\u00f3b zrezygnowa\u0142o z plan\u00f3w emigracji lub od\u0142o\u017cy\u0142o je w czasie. Z danych GUS wynika, \u017ce emigracja na pobyt sta\u0142y w 2020 roku (8780 os\u00f3b) by\u0142a najni\u017csz\u0105 warto\u015bci\u0105 w badanym okresie (1966-2024). W 2021 roku nast\u0105pi\u0142 wzrost liczby emigrant\u00f3w do 12 005 os\u00f3b, jednak bilans migracji nadal pozostawa\u0142 dodatni.<\/p>\n<p>Pandemia COVID-19 przerwa\u0142a ci\u0105g\u0142o\u015b\u0107 wielu migracji, a rosn\u0105ce koszty \u017cycia po 2022 roku ograniczy\u0142y op\u0142acalno\u015b\u0107 pracy za granic\u0105. Tym samym nasili\u0142 si\u0119 trend kr\u00f3tkoterminowych migracji i powrot\u00f3w. Coraz cz\u0119\u015bciej Polacy podejmuj\u0105 prac\u0119 za granic\u0105 rotacyjnie &#8211; od 3 do 6 miesi\u0119cy w roku &#8211; utrzymuj\u0105c rodzin\u0119 i sta\u0142e miejsce \u017cycia w Polsce.<\/p>\n","protected":false},"excerpt":{"rendered":"&#13; Du\u0144ska firma szuka w Polsce malarzy natryskowych, oferuj\u0105c nawet 150 z\u0142 brutto za godzin\u0119, bez wymogu znajomo\u015bci&hellip;\n","protected":false},"author":2,"featured_media":185855,"comment_status":"","ping_status":"","sticky":false,"template":"","format":"standard","meta":{"footnotes":"","_share_on_mastodon":"0"},"categories":[16],"tags":[664,29750,29753,36400,36403,113,112,36398,29748,36401,29751,42,38,40,39,41,36399,29749,36402,29752],"class_list":["post-185854","post","type-post","status-publish","format-standard","has-post-thumbnail","category-biznes","tag-typedefinedterm","tag-24242-html","tag-25430-html","tag-39313-html","tag-50525-html","tag-biznes","tag-business","tag-namedania","tag-nameemigracja","tag-nameoferta-pracy","tag-namepraca-za-granicu0105","tag-pl","tag-poland","tag-polish","tag-polska","tag-polski","tag-urlhttps-www-pulshr-pl-lista-dania","tag-urlhttps-www-pulshr-pl-lista-emigracja","tag-urlhttps-www-pulshr-pl-lista-oferta-pracy","tag-urlhttps-www-pulshr-pl-lista-praca-za-granica"],"share_on_mastodon":{"url":"https:\/\/pubeurope.com\/@pl\/115833188086814614","error":""},"_links":{"self":[{"href":"https:\/\/www.europesays.com\/pl\/wp-json\/wp\/v2\/posts\/185854","targetHints":{"allow":["GET"]}}],"collection":[{"href":"https:\/\/www.europesays.com\/pl\/wp-json\/wp\/v2\/posts"}],"about":[{"href":"https:\/\/www.europesays.com\/pl\/wp-json\/wp\/v2\/types\/post"}],"author":[{"embeddable":true,"href":"https:\/\/www.europesays.com\/pl\/wp-json\/wp\/v2\/users\/2"}],"replies":[{"embeddable":true,"href":"https:\/\/www.europesays.com\/pl\/wp-json\/wp\/v2\/comments?post=185854"}],"version-history":[{"count":0,"href":"https:\/\/www.europesays.com\/pl\/wp-json\/wp\/v2\/posts\/185854\/revisions"}],"wp:featuredmedia":[{"embeddable":true,"href":"https:\/\/www.europesays.com\/pl\/wp-json\/wp\/v2\/media\/185855"}],"wp:attachment":[{"href":"https:\/\/www.europesays.com\/pl\/wp-json\/wp\/v2\/media?parent=185854"}],"wp:term":[{"taxonomy":"category","embeddable":true,"href":"https:\/\/www.europesays.com\/pl\/wp-json\/wp\/v2\/categories?post=185854"},{"taxonomy":"post_tag","embeddable":true,"href":"https:\/\/www.europesays.com\/pl\/wp-json\/wp\/v2\/tags?post=185854"}],"curies":[{"name":"wp","href":"https:\/\/api.w.org\/{rel}","templated":true}]}}